{"id":41047,"date":"2025-11-05T19:28:07","date_gmt":"2025-11-05T19:28:07","guid":{"rendered":"https:\/\/www.europesays.com\/lv\/41047\/"},"modified":"2025-11-05T19:28:07","modified_gmt":"2025-11-05T19:28:07","slug":"lietuvas-valdiba-ludz-baltkrievijai-atgriezt-5000-kravas-auto","status":"publish","type":"post","link":"https:\/\/www.europesays.com\/lv\/41047\/","title":{"rendered":"Lietuvas vald\u012bba l\u016bdz Baltkrievijai atgriezt 5000 kravas auto"},"content":{"rendered":"<p class=\"descr\">Lietuva l\u016bgs Minskai at\u013caut kravas automa\u0161\u012bn\u0101m, kas nav var\u0113ju\u0161as atgriezties m\u0101j\u0101s, \u0161\u0137\u0113rsot robe\u017eu, tre\u0161dien pazi\u0146oja Lietuvas premjerministre Inga Ruginiene.<\/p>\n<p>Apm\u0113ram 5000 <a href=\"https:\/\/nra.lv\/birka\/lietuva\/\" target=\"_blank\" rel=\"noopener nofollow\">Lietuvas<\/a> kravas automa\u0161\u012bnu un puspiekabju pa\u0161laik nevar atst\u0101t Baltkrieviju, un p\u0101rvad\u0101t\u0101ji ir l\u016bgu\u0161i vald\u012bbu steidzami r\u012bkoties.<\/p>\n<p>P\u0113c vald\u012bbas s\u0113des Ruginiene \u017eurn\u0101listiem teica, ka ir nolemts, ka Lietuva sazin\u0101sies ar <a href=\"https:\/\/nra.lv\/birka\/baltkrievija\/\" target=\"_blank\" rel=\"noopener nofollow\">Baltkrieviju<\/a>, lai noorganiz\u0113tu, ka Lietuvas kravas automobi\u013ci var atgriezties. Vi\u0146a uzsv\u0113ra, ka kravu p\u0101rvad\u0101t\u0101ji vald\u012bbai nav izteiku\u0161i ultim\u0101tu, ta\u010du otrdien Iek\u0161lietu ministrij\u0101 ir bijusi san\u0101ksme ar nozares p\u0101rst\u0101vjiem.<\/p>\n<p>&#8220;Process jau ir s\u0101kts, notiek diskusijas, t\u0101p\u0113c m\u0113s redz\u0113sim, k\u0101ds b\u016bs rezult\u0101ts. M\u0113s dar\u012bsim visu iesp\u0113jamo, lai Lietuvas <a href=\"https:\/\/nra.lv\/birka\/kravas-automasinas\/\" target=\"_blank\" rel=\"noopener nofollow\">kravas automa\u0161\u012bnas<\/a> atgrieztos m\u0101j\u0101s. Tom\u0113r robe\u017ea paliks sl\u0113gta,&#8221; pazi\u0146oja Lietuvas vald\u012bbas vad\u012bt\u0101ja.<\/p>\n<p>Valsts autop\u0101rvad\u0101t\u0101ju asoci\u0101cija &#8220;Linava&#8221; otrdien atk\u0101rtoti v\u0113rs\u0101s pie premjerministres ar aicin\u0101jumu steidzami atrisin\u0101t situ\u0101ciju p\u0113c tam, kad Lietuva pag\u0101ju\u0161aj\u0101 ned\u0113\u013c\u0101 nol\u0113ma uz m\u0113nesi sl\u0113gt p\u0113d\u0113jos divus atliku\u0161os <a href=\"https:\/\/nra.lv\/birka\/robezkontrole\/\" target=\"_blank\" rel=\"noopener nofollow\">robe\u017ekontroles<\/a> punktus ar Baltkrieviju.<\/p>\n<p>Tikm\u0113r iek\u0161lietu ministrs Vladislavs Kondratovi\u010ds pazi\u0146oja, ka vald\u012bba apsver iesp\u0113jas palielin\u0101t da\u013c\u0113ji str\u0101d\u0101jo\u0161\u0101 Medininku robe\u017ekontroles punkta kapacit\u0101ti.<\/p>\n<p>&#8220;M\u0113s ar\u012b mekl\u0113jam veidus, k\u0101 palielin\u0101t kapacit\u0101ti. Protams, Baltkrievijas pus\u0113 ir <a href=\"https:\/\/nra.lv\/birka\/ierobezojumi\/\" target=\"_blank\" rel=\"noopener nofollow\">ierobe\u017eojumi<\/a>, kas ne\u013cauj \u0161\u012bm kravas automa\u0161\u012bn\u0101m p\u0101rvietoties caur t\u0101s teritoriju, t\u0101p\u0113c m\u0113s noteikti mekl\u0113sim risin\u0101jumus un run\u0101sim ar p\u0101rvad\u0101t\u0101jiem,&#8221; tre\u0161dien \u017eurn\u0101listiem sac\u012bja Kondratovi\u010ds.<\/p>\n<p>Ministrs sac\u012bja, ka caur Medininku kontrolpunktu Lietuv\u0101 ik dienu var\u0113tu iebraukt aptuveni 200 kravas automa\u0161\u012bnu, ta\u010du pa\u0161reiz iebrauco\u0161o transportl\u012bdzek\u013cu skaits ir daudz maz\u0101ks, ko vi\u0146\u0161 raksturoja k\u0101 iesp\u0113jamu Baltkrievijas <a href=\"https:\/\/nra.lv\/birka\/sabotaza\/\" target=\"_blank\" rel=\"noopener nofollow\">sabot\u0101\u017eu<\/a>.<\/p>\n<p>&#8220;Man nav prec\u012bzu skait\u013cu, bet, iesp\u0113jams, Baltkrievijas puse ir at\u013c\u0101vusi izbraukt aptuveni 34 Lietuvas kravas automa\u0161\u012bn\u0101m. Iesp\u0113jams, ka t\u0101 ir sava veida sabot\u0101\u017ea no vi\u0146u puses. Mums j\u0101skat\u0101s, k\u0101da veida kravas automa\u0161\u012bnas t\u0101s ir, bet kontrolpunkta caurlaides sp\u0113ja ir desmit reizes liel\u0101ka. Es uzskatu, ka dien\u0101 var\u0113tu ielaist vismaz 200 Lietuvas kravas automa\u0161\u012bnu,&#8221; vi\u0146\u0161 teica.<\/p>\n<p>Kondratovi\u010ds sac\u012bja, ka vald\u012bbas l\u0113mums uz m\u0113nesi sl\u0113gt robe\u017eu ar Baltkrieviju netiks m\u012bkstin\u0101ts, ta\u010du vi\u0146\u0161 iez\u012bm\u0113ja papildu iesp\u0113jas tiem, uz kuriem jau attiecas iz\u0146\u0113mumi.<\/p>\n<p>Saist\u012bb\u0101 ar to, ka Lietuv\u0101 tika re\u0123istr\u0113ts kontrabandas <a href=\"https:\/\/nra.lv\/baltija\/504843-ka-kontrabandas-baloni-paralizeja-vilnas-lidostu-un-ietekmeja-pasazierus.htm\" data-item-link=\"true\" data-item-id=\"504843\" rel=\"nofollow noopener\" target=\"_blank\">balonu <\/a>no Baltkrievijas skaita pieaugums un vair\u0101kk\u0101rt tika trauc\u0113ts Vi\u013c\u0146as lidostas darbs, Lietuvas vald\u012bba pag\u0101ju\u0161aj\u0101 ned\u0113\u013c\u0101 nol\u0113ma l\u012bdz 30. novembrim sl\u0113gt valsts robe\u017eu ar Baltkrieviju, nosakot iz\u0146\u0113mumus atsevi\u0161\u0137\u0101m ce\u013cot\u0101ju grup\u0101m. Ruginiene nor\u0101d\u012bjusi, ka robe\u017eas sl\u0113g\u0161anas termi\u0146\u0161 tiks regul\u0101ri pagarin\u0101ts tik ilgi, kam\u0113r turpin\u0101sies Baltkrievijas nedraudz\u012bg\u0101 r\u012bc\u012bba pret Lietuvu.<\/p>\n<p>\u0160al\u010dininku kontrolpunkt\u0101 robe\u017e\u0161\u0137\u0113rso\u0161ana ir piln\u012bb\u0101 p\u0101rtraukta, bet Medininku kontrolpunkt\u0101 darb\u012bba ir ierobe\u017eota, paredzot iz\u0146\u0113mumus noteikt\u0101m ce\u013cot\u0101ju kategorij\u0101m, kur\u0101m at\u013cauts \u0161\u0137\u0113rsot robe\u017eu \u0161aj\u0101 viet\u0101.<\/p>\n<p>Iz\u0146\u0113mums tiek attiecin\u0101ts uz diplom\u0101tiem, person\u0101m, kas p\u0101rvad\u0101 Lietuvas diplom\u0101tisko pastu, ce\u013cot\u0101jiem, kas tranz\u012bt\u0101 dodas uz Krievijas K\u0113nigsbergas (Kara\u013cau\u010du) ekskl\u0101vu un no t\u0101, Lietuvas un <a href=\"https:\/\/nra.lv\/birka\/eiropas-savieniba\/\" target=\"_blank\" rel=\"noopener nofollow\">Eiropas Savien\u012bbas<\/a> pilso\u0146iem un vi\u0146u \u0123imenes locek\u013ciem, k\u0101 ar\u012b person\u0101m, kam ir Lietuvas uztur\u0113\u0161an\u0101s at\u013caujas un hum\u0101n\u0101s v\u012bzas.<\/p>\n<p>Ar Baltkrievijas varasiest\u0101\u017eu atbalstu turpin\u0101s <a href=\"https:\/\/nra.lv\/birka\/migranti\/\" target=\"_blank\" rel=\"noopener nofollow\">migrantu<\/a> m\u0113\u0123in\u0101jumi neleg\u0101li \u0161\u0137\u0113rsot robe\u017eu ar Lietuvu.<\/p>\n<p>\u0160oned\u0113\u013c Baltkrievijas diktators <a href=\"https:\/\/nra.lv\/birka\/aleksandrs-lukasenko\/\" target=\"_blank\" rel=\"noopener nofollow\">Aleksandrs Luka\u0161enko<\/a> parakst\u012bjis dekr\u0113tu, kas aizliedz Lietuv\u0101 un Polij\u0101 re\u0123istr\u0113tiem kravas automobi\u013ciem un traktoriem braukt caur Baltkrievijas teritoriju. Ierobe\u017eojumi b\u016bs sp\u0113k\u0101 l\u012bdz 2027. gada 31. decembrim.<\/p>\n<p>Tas galvenok\u0101rt ietekm\u0113 transporta uz\u0146\u0113mumus, kas p\u0101rvad\u0101 preces no <a href=\"https:\/\/nra.lv\/pasaule\/481972-bridina-par-iespejamu-cenu-kapumu-aliexpress-un-temu-precem.htm\" data-item-link=\"true\" data-item-id=\"481972\" rel=\"nofollow noopener\" target=\"_blank\">\u0136\u012bnas <\/a>uz Eiropas Savien\u012bbu caur Krieviju un Baltkrieviju. Daudzi no tiem ir re\u0123istr\u0113ti Baltijas valst\u012bs un Polij\u0101, bet par \u0161oferiem str\u0101d\u0101 daudzi Vidus\u0101zijas valstu, Gruzijas un Ukrainas pilso\u0146i.<\/p>\n<p>Luka\u0161enko dekr\u0113ts ir atbilde uz Minskas re\u017e\u012bma k\u0101rt\u0113jo attiec\u012bbu pasliktin\u0101\u0161anos ar Lietuvu un Poliju.<\/p>\n","protected":false},"excerpt":{"rendered":"Lietuva l\u016bgs Minskai at\u013caut kravas automa\u0161\u012bn\u0101m, kas nav var\u0113ju\u0161as atgriezties m\u0101j\u0101s, \u0161\u0137\u0113rsot robe\u017eu, tre\u0161dien pazi\u0146oja Lietuvas premjerministre Inga&hellip;\n","protected":false},"author":2,"featured_media":41048,"comment_status":"","ping_status":"","sticky":false,"template":"","format":"standard","meta":{"footnotes":""},"categories":[5],"tags":[23,28,29,32,33,22,30,31,35,39,38,36,37,34,40,20,26,27,24,25,21],"class_list":{"0":"post-41047","1":"post","2":"type-post","3":"status-publish","4":"format-standard","5":"has-post-thumbnail","7":"category-aktualitates","8":"tag-aktualitates","9":"tag-breaking-news","10":"tag-breakingnews","11":"tag-featured-news","12":"tag-featurednews","13":"tag-headlines","14":"tag-latest-news","15":"tag-latestnews","16":"tag-latvia","17":"tag-latvian","18":"tag-latviesu","19":"tag-latviesu-valoda","20":"tag-latviesuvaloda","21":"tag-latvija","22":"tag-lv","23":"tag-news","24":"tag-popularakas-zinas","25":"tag-popularakaszinas","26":"tag-top-stories","27":"tag-topstories","28":"tag-zinas"},"share_on_mastodon":{"url":"https:\/\/pubeurope.com\/@lv\/115498746054099028","error":""},"_links":{"self":[{"href":"https:\/\/www.europesays.com\/lv\/wp-json\/wp\/v2\/posts\/41047","targetHints":{"allow":["GET"]}}],"collection":[{"href":"https:\/\/www.europesays.com\/lv\/wp-json\/wp\/v2\/posts"}],"about":[{"href":"https:\/\/www.europesays.com\/lv\/wp-json\/wp\/v2\/types\/post"}],"author":[{"embeddable":true,"href":"https:\/\/www.europesays.com\/lv\/wp-json\/wp\/v2\/users\/2"}],"replies":[{"embeddable":true,"href":"https:\/\/www.europesays.com\/lv\/wp-json\/wp\/v2\/comments?post=41047"}],"version-history":[{"count":0,"href":"https:\/\/www.europesays.com\/lv\/wp-json\/wp\/v2\/posts\/41047\/revisions"}],"wp:featuredmedia":[{"embeddable":true,"href":"https:\/\/www.europesays.com\/lv\/wp-json\/wp\/v2\/media\/41048"}],"wp:attachment":[{"href":"https:\/\/www.europesays.com\/lv\/wp-json\/wp\/v2\/media?parent=41047"}],"wp:term":[{"taxonomy":"category","embeddable":true,"href":"https:\/\/www.europesays.com\/lv\/wp-json\/wp\/v2\/categories?post=41047"},{"taxonomy":"post_tag","embeddable":true,"href":"https:\/\/www.europesays.com\/lv\/wp-json\/wp\/v2\/tags?post=41047"}],"curies":[{"name":"wp","href":"https:\/\/api.w.org\/{rel}","templated":true}]}}