{"id":41059,"date":"2025-11-05T19:45:14","date_gmt":"2025-11-05T19:45:14","guid":{"rendered":"https:\/\/www.europesays.com\/lv\/41059\/"},"modified":"2025-11-05T19:45:14","modified_gmt":"2025-11-05T19:45:14","slug":"policija-sola-stingrus-drosibas-pasakumus-protesta-laika-slegs-satiksmi-iela-pie-saeimas","status":"publish","type":"post","link":"https:\/\/www.europesays.com\/lv\/41059\/","title":{"rendered":"Policija sola stingrus dro\u0161\u012bbas pas\u0101kumus protesta laik\u0101. Sl\u0113gs satiksmi iel\u0101 pie Saeimas"},"content":{"rendered":"<p>Jau zi\u0146ots, ka pirms ned\u0113\u013cas protests pret izst\u0101\u0161anos no vardarb\u012bbas pret sieviet\u0113m un \u0123imen\u0113 nov\u0113r\u0161anas un apkaro\u0161anas konvencijas pie Saeimas pulc\u0113ja ap 5000 cilv\u0113ku, k\u013c\u016bstot par vienu no daudzskaitl\u012bg\u0101kajiem p\u0113d\u0113jos gados. Ceturtdien, 6. novembr\u012b, Doma laukum\u0101 notiks atk\u0101rtots protests. Turkl\u0101t protesti pl\u0101noti ar\u012b Liep\u0101j\u0101, C\u0113s\u012bs, Daugavpil\u012b un daudzviet \u0101rpus Latvijas.<\/p>\n<p>Valsts policij\u0101 a\u0123ent\u016bru LETA inform\u0113ja, ka <a href=\"https:\/\/www.apollo.lv\/term\/565901\/policija\" class=\"topicLink\" target=\"_blank\" rel=\"nofollow noopener\">policija<\/a> sadarb\u012bb\u0101 ar citiem dienestiem \u0161obr\u012bd gatavojas pieteiktajiem publiskajiem pas\u0101kumiem, lai nodro\u0161in\u0101tu sabiedrisko dro\u0161\u012bbu un k\u0101rt\u012bbu. Policijas sp\u0113ki b\u016bs redzami vis\u0101s norises viet\u0101s, bet \u012bpa\u0161i pastiprin\u0101ti tie\u0161i galvaspils\u0113t\u0101.<\/p>\n<p>Paredzams, ka R\u012bg\u0101 notieko\u0161aj\u0101 protest\u0101 pulc\u0113sies pla\u0161s iedz\u012bvot\u0101ju skaits. L\u012bdz ar to Doma laukum\u0101 tiks izvietotas barjeras, veidojot ejas, kur\u0101s atrad\u012bsies likumsargi, t\u0101d\u0113j\u0101di nodro\u0161inot sabiedrisko k\u0101rt\u012bbu un dro\u0161\u012bbu, k\u0101 ar\u012b \u0101tru rea\u0123\u0113\u0161anu uz notikumiem un pla\u0161\u0101ku pas\u0101kuma p\u0101rraudz\u012bbu.<\/p>\n<p>T\u0101pat 6. novembr\u012b b\u016bs ieviesti ar\u012b atsevi\u0161\u0137i p\u0101rvieto\u0161an\u0101s ierobe\u017eojumi &#8211; J\u0113kaba iela tiks sl\u0113gta gan g\u0101j\u0113jiem, gan autobrauc\u0113jiem, bet Vecr\u012bg\u0101 atsevi\u0161\u0137\u0101s viet\u0101s uz protesta laiku tiks ierobe\u017eota automa\u0161\u012bnu p\u0101rvieto\u0161an\u0101s, tostarp komersantiem un tur dz\u012bvojo\u0161ajiem. T\u0101pat policija p\u0113c nepiecie\u0161am\u012bbas var sl\u0113gt vai \u012bslaic\u012bgi ierobe\u017eot satiksmi ar\u012b citviet.<\/p>\n","protected":false},"excerpt":{"rendered":"Jau zi\u0146ots, ka pirms ned\u0113\u013cas protests pret izst\u0101\u0161anos no vardarb\u012bbas pret sieviet\u0113m un \u0123imen\u0113 nov\u0113r\u0161anas un apkaro\u0161anas konvencijas&hellip;\n","protected":false},"author":2,"featured_media":41060,"comment_status":"","ping_status":"","sticky":false,"template":"","format":"standard","meta":{"footnotes":""},"categories":[12],"tags":[23,28,29,32,33,22,30,31,35,39,38,36,37,34,40,20,163,26,27,2023,24,25,138,21],"class_list":{"0":"post-41059","1":"post","2":"type-post","3":"status-publish","4":"format-standard","5":"has-post-thumbnail","7":"category-latvija","8":"tag-aktualitates","9":"tag-breaking-news","10":"tag-breakingnews","11":"tag-featured-news","12":"tag-featurednews","13":"tag-headlines","14":"tag-latest-news","15":"tag-latestnews","16":"tag-latvia","17":"tag-latvian","18":"tag-latviesu","19":"tag-latviesu-valoda","20":"tag-latviesuvaloda","21":"tag-latvija","22":"tag-lv","23":"tag-news","24":"tag-policija","25":"tag-popularakas-zinas","26":"tag-popularakaszinas","27":"tag-stambulas-konvencija","28":"tag-top-stories","29":"tag-topstories","30":"tag-valsts-policija","31":"tag-zinas"},"share_on_mastodon":{"url":"https:\/\/pubeurope.com\/@lv\/115498812911680484","error":""},"_links":{"self":[{"href":"https:\/\/www.europesays.com\/lv\/wp-json\/wp\/v2\/posts\/41059","targetHints":{"allow":["GET"]}}],"collection":[{"href":"https:\/\/www.europesays.com\/lv\/wp-json\/wp\/v2\/posts"}],"about":[{"href":"https:\/\/www.europesays.com\/lv\/wp-json\/wp\/v2\/types\/post"}],"author":[{"embeddable":true,"href":"https:\/\/www.europesays.com\/lv\/wp-json\/wp\/v2\/users\/2"}],"replies":[{"embeddable":true,"href":"https:\/\/www.europesays.com\/lv\/wp-json\/wp\/v2\/comments?post=41059"}],"version-history":[{"count":0,"href":"https:\/\/www.europesays.com\/lv\/wp-json\/wp\/v2\/posts\/41059\/revisions"}],"wp:featuredmedia":[{"embeddable":true,"href":"https:\/\/www.europesays.com\/lv\/wp-json\/wp\/v2\/media\/41060"}],"wp:attachment":[{"href":"https:\/\/www.europesays.com\/lv\/wp-json\/wp\/v2\/media?parent=41059"}],"wp:term":[{"taxonomy":"category","embeddable":true,"href":"https:\/\/www.europesays.com\/lv\/wp-json\/wp\/v2\/categories?post=41059"},{"taxonomy":"post_tag","embeddable":true,"href":"https:\/\/www.europesays.com\/lv\/wp-json\/wp\/v2\/tags?post=41059"}],"curies":[{"name":"wp","href":"https:\/\/api.w.org\/{rel}","templated":true}]}}