{"id":41075,"date":"2025-11-05T20:08:10","date_gmt":"2025-11-05T20:08:10","guid":{"rendered":"https:\/\/www.europesays.com\/lv\/41075\/"},"modified":"2025-11-05T20:08:10","modified_gmt":"2025-11-05T20:08:10","slug":"asv-un-kinas-vienosanas-prezente-es-paplasinasanas-zinojumu-velesanas-niderlande-lr1-latvijas-radio","status":"publish","type":"post","link":"https:\/\/www.europesays.com\/lv\/41075\/","title":{"rendered":"ASV un \u0136\u012bnas vieno\u0161an\u0101s. Prezent\u0113 ES papla\u0161in\u0101\u0161an\u0101s zi\u0146ojumu. V\u0113l\u0113\u0161anas N\u012bderland\u0113 \/ LR1 \/ \/ Latvijas Radio"},"content":{"rendered":"<p><a href=\"https:\/\/mapp.latvijasradio.lv\/shared-broadcast?b=922&amp;url=http:\/\/latvijasradio.lsm.lv\/lv\/lr1\/raidijumi\/divas-puslodes\/\" target=\"_blank\" rel=\"nofollow noopener\"><img decoding=\"async\" alt=\"Latvijas Radio lietotnes logo\" src=\"https:\/\/www.europesays.com\/lv\/wp-content\/uploads\/2025\/11\/1762373290_50_LR_pod poga.png\" style=\"width: 140px; height: 38px;\"\/><\/a><\/p>\n<p>Pag\u0101ju\u0161aj\u0101 reiz\u0113 raid\u012bjum\u0101 Divas puslodes run\u0101j\u0101m <a href=\"https:\/\/lr1.lsm.lv\/lv\/raksts\/divas-puslodes\/asv-tomer-nosaka-sankcijas-krievijai.-trampa-azijas-ture.-velesa.a213724\/\" rel=\"nofollow noopener\" target=\"_blank\">par Savienoto Valstu prezidenta Donalda Trampa turneju pa \u0100zijas valst\u012bm<\/a>, piebilstot, ka priek\u0161\u0101 ir gaid\u012bt\u0101k\u0101 tik\u0161an\u0101s ar \u0136\u012bnas prezidentu Sji Dzi\u0146pinu. K\u0101di ir \u0161\u012bs tik\u0161an\u0101s rezult\u0101ti un ko tas noz\u012bm\u0113 p\u0101r\u0113jai pasaulei un mums visiem?<\/p>\n<p>Cita v\u0113r\u0101 \u0146emama zi\u0146a saist\u0101s ar N\u012bderlandi. Tur notika \u0101rk\u0101rtas parlamenta v\u0113l\u0113\u0161anas, un to rezult\u0101ti ir cit\u0101di nek\u0101 v\u0113l pirms gada. Lab\u0113jai Br\u012bv\u012bbas partijai, kuras r\u012bc\u012bba izprovoc\u0113ja \u0161o notikumu, v\u0113l\u0113t\u0101ju izv\u0113li ir likusi vilties.<\/p>\n<p>Iesp\u0113jams, ka \u0101rk\u0101rtas v\u0113l\u0113\u0161anas b\u016bs ar\u012b Serbij\u0101. Tur p\u0113c \u013coti pla\u0161iem protestiem prezidents Aleksandars Vu\u010di\u010ds mekl\u0113 iesp\u0113jas mazin\u0101t sabiedr\u012bbas neapmierin\u0101t\u012bbu. Serbij\u0101 \u0161aj\u0101s dien\u0101s piemin\u0113ja tra\u0123\u0113dijas gadadienu, kad Novisadas pils\u0113t\u0101 sabruka dzelzce\u013ca nojume, nogalinot 16 cilv\u0113kus.<\/p>\n<p>Notikumus koment\u0113 Latvijas Transatlantisk\u0101s organiz\u0101cijas \u0123ener\u0101lsekret\u0101re, Latvijas Universit\u0101tes pasniedz\u0113ja Sigita Struberga,\u00a0Latvijas Universit\u0101tes pasniedz\u0113js politologs Andis Kudors un Latvijas \u0100rpolitikas instit\u016bta p\u0113tniece\u00a0Una Aleksandra B\u0113rzi\u0146a-\u010cerenkova.<\/p>\n<p>Un v\u0113l viens temats. Savienotaj\u0101s Valst\u012bs 4.novembr\u012b vair\u0101kos \u0161tatos, ar\u012b \u0145ujork\u0101, cilv\u0113ki dev\u0101s pie v\u0113l\u0113\u0161anu urn\u0101m. Rezult\u0101ti nav Donaldam Trampam labv\u0113l\u012bgi. Ko tas liecina par noska\u0146ojumu Amerik\u0101?<\/p>\n<p>\u201eLielo z\u0113nu\u201d skaidro\u0161an\u0101s<\/p>\n<p>Pag\u0101ju\u0161aj\u0101 ceturtdien\u0101, 30. oktobr\u012b, pien\u0101ca glob\u0101li sengaid\u012bts notikums \u2013 prezidentu Donalda Trampa un Sji Dzi\u0146pina tik\u0161an\u0101s, pirm\u0101 Savienoto Valstu l\u012bdera otr\u0101s kadences laik\u0101. Aizvad\u012btie m\u0113ne\u0161i, kas pag\u0101ju\u0161i abu superlielvaru tirdzniec\u012bbas kara apst\u0101k\u013cos, padara \u0161o samitu noz\u012bm\u012bgu ne tikai Va\u0161ingtonai un Pekinai, cikt\u0101l \u0161\u012b c\u012bkst\u0113\u0161an\u0101s ekonomiski iespaido visu pasauli. Abu \u0161\u012bs pasaules vareno samits notika Dienvidkorejas pils\u0113t\u0101 Pusan\u0101 un nosl\u0113dza Balt\u0101 nama saimnieka iespaid\u012bgo piecu dienu Austrum\u0101zijas t\u016bri. T\u0101s laik\u0101 vi\u0146\u0161 apmekl\u0113ja Malaiziju, kur piedal\u012bj\u0101s ASEAN organiz\u0101cijas samit\u0101, p\u0113c tam viesoj\u0101s Jap\u0101n\u0101 un Dienvidkorej\u0101.<\/p>\n<p>Kas attiecas uz Trampa un Sji tik\u0161anos, eksperti atz\u012bm\u0113, ka t\u0101 bijusi pat p\u0101rsteidzo\u0161i \u012bsa \u2013 vien stunda un \u010detrdesmit min\u016btes; un tas, visdr\u012bz\u0101k, liecinot, ka run\u0101ts tikai par to, par ko jau iepriek\u0161 pan\u0101ktas principi\u0101las vieno\u0161an\u0101s. Kopum\u0101 sarunu rezult\u0101ts tiek raksturots k\u0101 \u201epamiers\u201d tirdzniec\u012bbas kar\u0101 ar termi\u0146u uz vienu gadu.<\/p>\n<p>Savienot\u0101s valstis piekritu\u0161as samazin\u0101t uz pusi to tarifa da\u013cu importam no \u0136\u012bnas, kas tika noteikta k\u0101 sankcija par \u0136\u012bn\u0101 ra\u017eot\u0101s narkotisk\u0101s vielas fentanila kontrabandu uz Savienotaj\u0101m Valst\u012bm. Savuk\u0101rt Pekina ap\u0146\u0113musies akt\u012bv\u0101k apkarot \u0161o kontrabandu. Kop\u0113jais tarifs \u0136\u012bnas ra\u017eojumu importam t\u0101d\u0113j\u0101di samazin\u0101sies no 57 uz 47 procentiem.<\/p>\n<p>\u0136\u012bnas tarifs amerik\u0101\u0146u pre\u010du importam 32 procentu apm\u0113r\u0101 paliks nemain\u012bgs. Pekina piekritusi neieviest ierobe\u017eojumus piecu retzemju elementu eksportam uz ASV, kam\u0113r ierobe\u017eojumi septi\u0146\u0101m cit\u0101m \u0161\u012bs kategorijas izejviel\u0101m, kas noteikti jau iepriek\u0161, paliek sp\u0113k\u0101. T\u0101pat \u0136\u012bna ap\u0146\u0113musies ats\u0101kt amerik\u0101\u0146u sojas pupi\u0146u importu.<\/p>\n<p>Savuk\u0101rt no prezidenta Trampa puses esot sa\u0146emti Pekinai cer\u012bgi sign\u0101li, ka iesp\u0113jama ierobe\u017eojumu m\u012bkstin\u0101\u0161ana m\u0101ksl\u012bg\u0101 intelekta att\u012bst\u012bbai svar\u012bgo jaun\u0101k\u0101s paaudzes mikrosh\u0113mu eksportam uz \u0136\u012bnu; \u0161os ierobe\u017eojumus noteica prezidenta Baidena administr\u0101cija.<\/p>\n<p>Protams, ne maz\u0101ka interese k\u0101 par tirdzniec\u012bbas karu aizvad\u012bt\u0101s tik\u0161an\u0101s sakar\u0101 ir interese par karu tie\u0161\u0101 noz\u012bm\u0113 \u2013 k\u0101 jau notieko\u0161u, t\u0101 iesp\u0113jamu. Kas attiecas uz iesp\u0113jamu \u0136\u012bnas iebrukumu Taiv\u0101n\u0101, tas, k\u0101 p\u0113c tik\u0161an\u0101s apgalvoja Donalds Tramps, sarun\u0101s neesot pat piemin\u0113ts. Par Krievijas agresiju pret Ukrainu gan esot run\u0101ts, pie tam \u0136\u012bnas l\u012bderis sol\u012bjis sastr\u0101d\u0101ties ar Va\u0161ingtonu, lai vairotu miera iesp\u0113jam\u012bbu. Gr\u016bti gan spriest, k\u0101 tas var\u0113tu izpausties. Tiek l\u0113sts, ka gandr\u012bz visas abu karojo\u0161o pu\u0161u kaujas lidrobotiem izmantot\u0101s mikrosh\u0113mas un optiskais kabelis ir ra\u017eots \u0136\u012bn\u0101, Pekina patie\u0161\u0101m var\u0113tu b\u016bt vien\u012bgais sp\u0113ks \u0161ai pasaul\u0113, kas var\u0113tu re\u0101li piesl\u0101p\u0113t karadarb\u012bbu, p\u0101rtraucot \u0161o sast\u0101vda\u013cu pieg\u0101di karojo\u0161aj\u0101m pus\u0113m. Nekas gan neliecina, ka t\u0101 var\u0113tu notikt.<\/p>\n<p>V\u0113l\u0113\u0161anu rezult\u0101ti N\u012bderland\u0113<\/p>\n<p>K\u0101rt\u0113j\u0101m parlamenta v\u0113l\u0113\u0161an\u0101m N\u012bderland\u0113 bija j\u0101notiek 2028. gad\u0101, ta\u010du premjerministra Dika Shofa vad\u012bt\u0101s koal\u012bcijas vald\u012bbas izjuk\u0161ana \u0161\u012b gada j\u016bnij\u0101 un citas koal\u012bcijas izveides neiesp\u0113jam\u012bba noteica to, ka n\u012bderlandie\u0161u elektor\u0101tam jau otro reizi p\u0113c k\u0101rtas bija j\u0101balso \u0101rk\u0101rtas v\u0113l\u0113\u0161an\u0101s.<\/p>\n<p>Demision\u0113ju\u0161o kabinetu bezpartejisk\u0101 premjera Shofa vad\u012bb\u0101 izdev\u0101s izveidot gandr\u012bz asto\u0146us m\u0113ne\u0161us p\u0113c iepriek\u0161\u0113j\u0101m v\u0113l\u0113\u0161an\u0101m, kur\u0101s izcilus pan\u0101kumus guva radik\u0101li lab\u0113j\u0101, populistisk\u0101 \u201ePartija br\u012bv\u012bbai\u201d ar G\u0113rtu Vildersu priek\u0161gal\u0101. Koal\u012bciju ar \u0161iem radik\u0101\u013ciem piekrita veidot konservat\u012bvi liber\u0101l\u0101 \u201eTautas partija br\u012bv\u012bbai un demokr\u0101tijai\u201d, lauku lab\u0113jo populistu partija \u201eZemnieku pilso\u0146u kust\u012bba\u201d un krist\u012bgi demokr\u0101tisk\u0101 partija \u201eJaunais soci\u0101lais l\u012bgums\u201d. Tom\u0113r m\u0113ren\u0101ko koal\u012bcijas partneru nost\u0101dnes izr\u0101d\u012bj\u0101s gr\u016bti savienojamas ar Vildersa partijas pieeju imigr\u0101cijas jaut\u0101jumos, kas pa\u0123\u0113r\u0113ja piln\u012bgu moratoriju patv\u0113ruma mekl\u0113t\u0101ju uz\u0146em\u0161anai.<\/p>\n<p>\u0160aj\u0101s v\u0113l\u0113\u0161an\u0101s lab\u0113jo radik\u0101\u013cu cer\u012bbas nepiepild\u012bj\u0101s \u2013 vair\u0101k nek\u0101 ceturtda\u013ca v\u0113l\u0113t\u0101ju balsu un, attiec\u012bgi, 11 no 37 deput\u0101tu mand\u0101tiem \u201ePartija br\u012bv\u012bbai\u201d g\u0101ju\u0161i zud\u012bb\u0101. Vietu skaita zi\u0146\u0101 Vildersa partiju pan\u0101kusi kreisi centrisk\u0101, soci\u0101lliber\u0101l\u0101 partija \u201eDemokr\u0101ti 66\u201d. \u013boti noz\u012bm\u012bgi savas poz\u012bcijas parlament\u0101 uzlabojusi ar\u012b konservat\u012bv\u0101 partija \u201eKrist\u012bgi demokr\u0101tiskais aicin\u0101jums\u201d, un divas gal\u0113ji lab\u0113j\u0101s partijas \u2013 \u201eJA21\u201d (sa\u012bsin\u0101jums no nosaukuma \u201ePareiz\u0101 atbilde \u2013 21\u201d) un \u201eForums demokr\u0101tijai\u201d. Da\u013cu mand\u0101tu zaud\u0113jot, tom\u0113r liel\u0101ko partiju pirmaj\u0101 \u010detriniek\u0101 joproj\u0101m ir \u201eTautas partija br\u012bv\u012bbai un demokr\u0101tijai\u201d un agr\u0101k\u0101 eirokomis\u0101ra Fransa Timmermansa vad\u012bt\u0101 \u201eZa\u013co kreiso\u201d un \u201eDarba partijas\u201d alianse, noz\u012bm\u012bg\u0101kais kreisais sp\u0113ks parlament\u0101.<\/p>\n<p>T\u0101 k\u0101 N\u012bderlandes v\u0113l\u0113\u0161anu sist\u0113ma neparedz balsu skaita slieksni iek\u013c\u016b\u0161anai parlament\u0101, tur ir v\u0113l asto\u0146as maz\u0101kas partijas ar mand\u0101tu skaitu no viena l\u012bdz \u010detriem.<\/p>\n<p>Vislo\u0123isk\u0101kais koal\u012bcijas modelis b\u016btu pla\u0161a ap centru veidota kombin\u0101cija, kur\u0101 centriskie \u201eDemokr\u0101ti 66\u201d vienotos ar lab\u0113j\u0101kaj\u0101m partij\u0101m Krist\u012bgi demokr\u0101tiskais aicin\u0101jums un Tautas partija br\u012bv\u012bbai un demokr\u0101tijai no vienas, un kreiso Darba partijas un Za\u013co kreiso aliansi no otras puses. Tom\u0113r savilkt kop\u0101 \u0161\u012b politiski visai pla\u0161\u0101 spektra da\u013cas neb\u016bt nav vienk\u0101r\u0161s uzdevums, t\u0101p\u0113c vald\u012bbas izveide atkal var pras\u012bt vair\u0101kus m\u0113ne\u0161us.<\/p>\n<p>Eiropas Savien\u012bbas papla\u0161in\u0101\u0161an\u0101s \u201etelesamits\u201d<\/p>\n<p>4. novembr\u012b Brisel\u0113 risin\u0101j\u0101s savdab\u012bgs notikums \u2013 telekan\u0101ls \u201eEuroNews\u201d bija pulcin\u0101jis uz samitu telekameru priek\u0161\u0101 se\u0161u Eiropas Savien\u012bbas kandid\u0101tvalstu vad\u012bt\u0101jus, k\u0101 ar\u012b Eiropadomes priek\u0161s\u0113d\u0113t\u0101ju Antoniu Ko\u0161tu un eirokomis\u0101ri papla\u0161in\u0101\u0161an\u0101s jaut\u0101jumos, Slov\u0113nijas p\u0101rst\u0101vi Martu Kosu. Kandid\u0101tvalstis kl\u0101tien\u0113 p\u0101rst\u0101v\u0113ja Moldovas prezidente Maija Sandu, Serbijas prezidents Aleksandars Vu\u010di\u010ds, Zieme\u013cma\u0137edonijas premjerministrs Hristijans Mickoskis un Melnkalnes \u0101rlietu un Eiropas lietu vicepremjers Filips Ivanovi\u010ds, savuk\u0101rt Ukrainas prezidents Volodimirs Zelenskis un Alb\u0101nijas premjerministrs Edi Rama piesl\u0113dz\u0101s samitam tie\u0161saist\u0113.<\/p>\n<p>Notikums bija sal\u0101gots ar Eiropas Komisijas zi\u0146ojuma par kandid\u0101tvalstu iest\u0101\u0161an\u0101s procesa virz\u012bbu publisko\u0161anu, un taj\u0101 telekameru fokus\u0101 non\u0101ca kandid\u0101tvalstu specifisk\u0101s probl\u0113mas, kuras cit\u0101di gr\u016bti izlob\u0101mas no politisko dokumentu sausaj\u0101m rind\u0101m. Protams, ar citiem nesal\u012bdzin\u0101mas t\u0101s ir Ukrainai, kuras v\u0113lme pievienoties Eiropas Savien\u012bbai bija galvenais iemesls Krievijas agresijai, kuru Ukraina izmis\u012bgi atvaira jau divpadsmito gadu.<\/p>\n<p>Prezidents Zelenskis uzrun\u0101ja samita dal\u012bbniekus tie\u0161saist\u0113 no k\u0101das nekonkretiz\u0113tas vietas frontes tuvum\u0101 un velt\u012bja n\u012bgrus v\u0101rdus Ung\u0101rijas premjeram Viktoram Orbanam, kur\u0161 deklar\u0113jis, ka blo\u0137\u0113s Ukrainas iest\u0101\u0161an\u0101s centienus. Krem\u013ca tieksmes taran\u0113t iest\u0101\u0161an\u0101s procesu saj\u016bt ar\u012b Moldova, kuru Krievija cen\u0161as visiem l\u012bdzek\u013ciem iek\u0161\u0113ji destabiliz\u0113t un pan\u0101kt sev draudz\u012bgu sp\u0113ku n\u0101k\u0161anu pie varas.<\/p>\n<p>Par net\u012bkamu \u0101r\u0113jo ietekmi samit\u0101 run\u0101ja ar\u012b Zieme\u013cma\u0137edonijas premjers Mickoskis, kurai iest\u0101\u0161anas proces\u0101 ap\u0161aub\u0101mas pras\u012bbas izvirza t\u0101s savien\u012bb\u0101 jau eso\u0161\u0101 kaimi\u0146valsts Bulg\u0101rija.<\/p>\n<p>Tom\u0113r visliel\u0101ko iev\u0113r\u012bbu samit\u0101 izpeln\u012bj\u0101s par t\u0101 \u201emelno avi\u201d d\u0113v\u0113tais Serbijas l\u012bderis Aleksandars Vu\u010di\u010ds. Vi\u0146am n\u0101c\u0101s atbild\u0113t uz daudziem ne\u0113rtiem jaut\u0101jumiem, s\u0101kot ar Serbijas \u012bpa\u0161aj\u0101m attiec\u012bb\u0101m ar Maskavu, beidzot ar protestiem, kuri vi\u0146a valst\u012b nenorimst nu jau gadu. Protestu galven\u0101 t\u0113ma ir korupcija, ta\u010du ar\u012b autorit\u0101risma iez\u012bmes past\u0101vo\u0161aj\u0101 var\u0101. Attiec\u012bgi tiek piepras\u012bta ne vien korumpantu sauk\u0161ana pie atbild\u012bbas, bet ar\u012b \u0101rk\u0101rtas parlamenta v\u0113l\u0113\u0161anas un, t\u0101 k\u0101 starp protest\u0113t\u0101jiem ir \u012bpa\u0161i daudz studentu, finans\u0113juma palielin\u0101\u0161ana augst\u0101kajai izgl\u012bt\u012bbai. Prezidents Vu\u010di\u010ds \u0161ai situ\u0101cij\u0101 turpina manipul\u0113t, gan aizv\u0101cot no amatiem da\u017eus korupcij\u0101 vainotos, gan s\u016btot pret demonstrantiem policiju un ar da\u017e\u0101diem sitamajiem bru\u0146otus hulig\u0101nus, kas, savuk\u0101rt, izraisa protest\u0113t\u0101ju pretreakciju. P\u0113d\u0113jais vardarb\u012bbas uzliesmojums bija august\u0101, kad sadursm\u0113s un policistu brut\u0101los uzbrukumos cieta vair\u0101ki desmiti cilv\u0113ku un demonstranti izdemol\u0113ja un aizdedzin\u0101ja prezidenta Vu\u010di\u010da vad\u012bt\u0101s Serbijas progres\u012bv\u0101s partijas, citu varas partiju un valsts instit\u016bciju birojus.<\/p>\n<p style=\"display: inline;\">\n<p>    Latvijas Radio aicina izteikt savu viedokli par raid\u012bjum\u0101 dzird\u0113to un atbalsta diskusijas klaus\u012bt\u0101ju starp\u0101, tom\u0113r patur ties\u012bbas dz\u0113st koment\u0101rus, kas p\u0101rk\u0101pj cie\u0146pilnas attieksmes un \u0113tiskas r\u012bc\u012bbas robe\u017eas.<\/p>\n","protected":false},"excerpt":{"rendered":"Pag\u0101ju\u0161aj\u0101 reiz\u0113 raid\u012bjum\u0101 Divas puslodes run\u0101j\u0101m par Savienoto Valstu prezidenta Donalda Trampa turneju pa \u0100zijas valst\u012bm, piebilstot, ka&hellip;\n","protected":false},"author":2,"featured_media":41076,"comment_status":"","ping_status":"","sticky":false,"template":"","format":"standard","meta":{"footnotes":""},"categories":[14],"tags":[23,57,28,29,32,33,22,30,31,35,39,38,36,37,34,40,20,26,27,24,25,54,55,56,21,58],"class_list":{"0":"post-41075","1":"post","2":"type-post","3":"status-publish","4":"format-standard","5":"has-post-thumbnail","7":"category-zinas-no-arvalstim","8":"tag-aktualitates","9":"tag-arvalstim","10":"tag-breaking-news","11":"tag-breakingnews","12":"tag-featured-news","13":"tag-featurednews","14":"tag-headlines","15":"tag-latest-news","16":"tag-latestnews","17":"tag-latvia","18":"tag-latvian","19":"tag-latviesu","20":"tag-latviesu-valoda","21":"tag-latviesuvaloda","22":"tag-latvija","23":"tag-lv","24":"tag-news","25":"tag-popularakas-zinas","26":"tag-popularakaszinas","27":"tag-top-stories","28":"tag-topstories","29":"tag-world","30":"tag-world-news","31":"tag-worldnews","32":"tag-zinas","33":"tag-zinas-no-arvalstim"},"share_on_mastodon":{"url":"https:\/\/pubeurope.com\/@lv\/115498903348245701","error":""},"_links":{"self":[{"href":"https:\/\/www.europesays.com\/lv\/wp-json\/wp\/v2\/posts\/41075","targetHints":{"allow":["GET"]}}],"collection":[{"href":"https:\/\/www.europesays.com\/lv\/wp-json\/wp\/v2\/posts"}],"about":[{"href":"https:\/\/www.europesays.com\/lv\/wp-json\/wp\/v2\/types\/post"}],"author":[{"embeddable":true,"href":"https:\/\/www.europesays.com\/lv\/wp-json\/wp\/v2\/users\/2"}],"replies":[{"embeddable":true,"href":"https:\/\/www.europesays.com\/lv\/wp-json\/wp\/v2\/comments?post=41075"}],"version-history":[{"count":0,"href":"https:\/\/www.europesays.com\/lv\/wp-json\/wp\/v2\/posts\/41075\/revisions"}],"wp:featuredmedia":[{"embeddable":true,"href":"https:\/\/www.europesays.com\/lv\/wp-json\/wp\/v2\/media\/41076"}],"wp:attachment":[{"href":"https:\/\/www.europesays.com\/lv\/wp-json\/wp\/v2\/media?parent=41075"}],"wp:term":[{"taxonomy":"category","embeddable":true,"href":"https:\/\/www.europesays.com\/lv\/wp-json\/wp\/v2\/categories?post=41075"},{"taxonomy":"post_tag","embeddable":true,"href":"https:\/\/www.europesays.com\/lv\/wp-json\/wp\/v2\/tags?post=41075"}],"curies":[{"name":"wp","href":"https:\/\/api.w.org\/{rel}","templated":true}]}}