{"id":41089,"date":"2025-11-05T20:26:08","date_gmt":"2025-11-05T20:26:08","guid":{"rendered":"https:\/\/www.europesays.com\/lv\/41089\/"},"modified":"2025-11-05T20:26:08","modified_gmt":"2025-11-05T20:26:08","slug":"par-cehijas-parlamenta-spikeru-kluvis-politikis-kurs-ukrainus-saucis-par-nacistiem","status":"publish","type":"post","link":"https:\/\/www.europesays.com\/lv\/41089\/","title":{"rendered":"Par \u010cehijas parlamenta sp\u012bkeru k\u013cuvis politi\u0137is, kur\u0161 ukrai\u0146us saucis par nacistiem"},"content":{"rendered":"<p>Pirms m\u0113ne\u0161a notiku\u0161aj\u0101s parlamenta v\u0113l\u0113\u0161an\u0101s uzvar\u0113ja ekspremjera un miljardiera Andreja Babi\u0161a vad\u012bt\u0101 &#8220;Neapmierin\u0101to pilso\u0146u akcija&#8221; (ANO), kas nosl\u0113gusi koal\u012bcijas l\u012bgumu ar SPD un lab\u0113ji populistisko partiju &#8220;Autobrauc\u0113ji sev&#8221; (AUTO).<\/p>\n<p>Jaun\u0101 koal\u012bcija kontrol\u0113 108 no 200 apak\u0161pal\u0101tas deput\u0101tu viet\u0101m. Par Okamuru balsoja 107 no 197 deput\u0101tiem, kas piedal\u012bj\u0101s sp\u012bkera v\u0113l\u0113\u0161an\u0101s.<\/p>\n<p>T\u0101d\u0113j\u0101di SPD pirmo reizi var\u0113tu iek\u013c\u016bt vald\u012bb\u0101, ko vad\u012bs Babi\u0161s. Jaun\u0101 kabineta sast\u0101va nosauk\u0161ana gaid\u0101ma decembr\u012b.<\/p>\n<p>53 gadus vecais Tokij\u0101 dzimu\u0161ais politi\u0137is p\u0113c iev\u0113l\u0113\u0161anas pazi\u0146oja, ka b\u016bs &#8220;objekt\u012bvs sp\u012bkers visiem neatkar\u012bgi no t\u0101, vai tie balsoju\u0161i par mani, vai n\u0113&#8221;.<\/p>\n<p>Ta\u010du vi\u0146am neizdev\u0101s p\u0101rliecin\u0101t savus oponentus, kuru vid\u016b ir ar\u012b vi\u0146a vec\u0101kais br\u0101lis Hajato, kas p\u0101rst\u0101v krist\u012bgos demokr\u0101tus.<\/p>\n<p>Hajato Okamura atzina, ka vi\u0146a br\u0101\u013ca iev\u0113l\u0113\u0161ana parlamenta sp\u012bkera amat\u0101 rada &#8220;nopietnu dro\u0161\u012bbas apdraud\u0113jumu&#8221;.<\/p>\n<p>Pret Okamuru ir ierosin\u0101ta lieta par naida kurin\u0101\u0161anu, inkrimin\u0113jot vi\u0146am 2024. gada Eiropas Parlamenta priek\u0161v\u0113l\u0113\u0161anu plak\u0101tu, kur\u0101 bija att\u0113lots meln\u0101dains v\u012brietis ar asi\u0146ainu nazi. Uzraksts uz plak\u0101ta v\u0113st\u012bja, ka &#8220;import\u0113tie \u0137irurgi neatrisin\u0101s m\u016bsu vesel\u012bbas sektora probl\u0113mas&#8221;.<\/p>\n<p>Okamura ukrai\u0146us nosaucis par &#8220;nacistiem&#8221; un piepras\u012bjis visu to ukrai\u0146u b\u0113g\u013cu p\u0101rbaudes, kas ieradu\u0161ies \u010cehij\u0101 kop\u0161 Krievijas atk\u0101rtot\u0101 iebrukuma Ukrain\u0101 2022. gad\u0101.<\/p>\n<p>SPD pieprasa ar\u012b referendumu par izst\u0101\u0161anos no Eiropas Savien\u012bbas (ES), ta\u010du bija spiesta atteikties no \u0161\u012bs pras\u012bbas, lai var\u0113tu nosl\u0113gt koal\u012bcijas l\u012bgumu ar Babi\u0161u, kas ir maz\u0101k skeptiski noska\u0146ots pret ES.<\/p>\n<p>Ar\u012b \u010cehijas dal\u012bbu NATO Okamura gadiem ilgi ir ap\u0161aub\u012bjis.<\/p>\n<p>L\u012bdz\u0161in\u0113jais iek\u0161lietu ministrs V\u012bts Raku\u0161ans, kas p\u0101rst\u0101v centrisko partiju &#8220;M\u0113ri un neatkar\u012bgie&#8221; (STAN), nor\u0101d\u012bjis, ka tiesa at\u013c\u0101vusi SPD d\u0113v\u0113t par &#8220;komerci\u0101lu nacistu kust\u012bbu&#8221;.<\/p>\n<p>&#8220;Tomio Okamuras izvirz\u012b\u0161ana uz parlamenta sp\u012bkera amatu ir nacion\u0101ls un starptautisks apkaunojums,&#8221; piebildis Raku\u0161ans.<\/p>\n","protected":false},"excerpt":{"rendered":"Pirms m\u0113ne\u0161a notiku\u0161aj\u0101s parlamenta v\u0113l\u0113\u0161an\u0101s uzvar\u0113ja ekspremjera un miljardiera Andreja Babi\u0161a vad\u012bt\u0101 &#8220;Neapmierin\u0101to pilso\u0146u akcija&#8221; (ANO), kas nosl\u0113gusi&hellip;\n","protected":false},"author":2,"featured_media":41090,"comment_status":"","ping_status":"","sticky":false,"template":"","format":"standard","meta":{"footnotes":""},"categories":[14],"tags":[23,57,28,29,2561,32,33,22,30,31,35,39,38,36,37,34,40,20,26,27,24,25,54,55,56,21,58],"class_list":{"0":"post-41089","1":"post","2":"type-post","3":"status-publish","4":"format-standard","5":"has-post-thumbnail","7":"category-zinas-no-arvalstim","8":"tag-aktualitates","9":"tag-arvalstim","10":"tag-breaking-news","11":"tag-breakingnews","12":"tag-cehija","13":"tag-featured-news","14":"tag-featurednews","15":"tag-headlines","16":"tag-latest-news","17":"tag-latestnews","18":"tag-latvia","19":"tag-latvian","20":"tag-latviesu","21":"tag-latviesu-valoda","22":"tag-latviesuvaloda","23":"tag-latvija","24":"tag-lv","25":"tag-news","26":"tag-popularakas-zinas","27":"tag-popularakaszinas","28":"tag-top-stories","29":"tag-topstories","30":"tag-world","31":"tag-world-news","32":"tag-worldnews","33":"tag-zinas","34":"tag-zinas-no-arvalstim"},"share_on_mastodon":{"url":"https:\/\/pubeurope.com\/@lv\/115498974098442663","error":""},"_links":{"self":[{"href":"https:\/\/www.europesays.com\/lv\/wp-json\/wp\/v2\/posts\/41089","targetHints":{"allow":["GET"]}}],"collection":[{"href":"https:\/\/www.europesays.com\/lv\/wp-json\/wp\/v2\/posts"}],"about":[{"href":"https:\/\/www.europesays.com\/lv\/wp-json\/wp\/v2\/types\/post"}],"author":[{"embeddable":true,"href":"https:\/\/www.europesays.com\/lv\/wp-json\/wp\/v2\/users\/2"}],"replies":[{"embeddable":true,"href":"https:\/\/www.europesays.com\/lv\/wp-json\/wp\/v2\/comments?post=41089"}],"version-history":[{"count":0,"href":"https:\/\/www.europesays.com\/lv\/wp-json\/wp\/v2\/posts\/41089\/revisions"}],"wp:featuredmedia":[{"embeddable":true,"href":"https:\/\/www.europesays.com\/lv\/wp-json\/wp\/v2\/media\/41090"}],"wp:attachment":[{"href":"https:\/\/www.europesays.com\/lv\/wp-json\/wp\/v2\/media?parent=41089"}],"wp:term":[{"taxonomy":"category","embeddable":true,"href":"https:\/\/www.europesays.com\/lv\/wp-json\/wp\/v2\/categories?post=41089"},{"taxonomy":"post_tag","embeddable":true,"href":"https:\/\/www.europesays.com\/lv\/wp-json\/wp\/v2\/tags?post=41089"}],"curies":[{"name":"wp","href":"https:\/\/api.w.org\/{rel}","templated":true}]}}