{"id":41100,"date":"2025-11-05T20:44:08","date_gmt":"2025-11-05T20:44:08","guid":{"rendered":"https:\/\/www.europesays.com\/lv\/41100\/"},"modified":"2025-11-05T20:44:08","modified_gmt":"2025-11-05T20:44:08","slug":"krievijas-jaunietis-malaizija-mate-mudina-atgriezties-un-karot-ukraina","status":"publish","type":"post","link":"https:\/\/www.europesays.com\/lv\/41100\/","title":{"rendered":"Krievijas jaunietis Malaizij\u0101: m\u0101te mudina atgriezties un karot Ukrain\u0101"},"content":{"rendered":"<p class=\"descr\">Jevge\u0146ijs, kur\u0161 pameta Krieviju, soci\u0101lajos t\u012bklos public\u0113jis video, kur\u0101 redzama saruna ar savu m\u0101ti, kura cen\u0161as pierun\u0101t d\u0113lu atgriezties valst\u012b un pievienoties armijai. Jaunietis pa\u0161laik atrodas Malaizij\u0101 un akt\u012bvi ce\u013co.<\/p>\n<p>\u201cTevi neviens nenogalina, bet tu nogalini savus radiniekus ar savu g\u013c\u0113vul\u012bbu,\u201d izmisu\u0161\u0101 bals\u012b kliedz klausul\u0113 jaunie\u0161a m\u0101te.<\/p>\n<p>Vi\u0146a turpina: \u201cTu nogalini savu \u0123imeni, tu nogalini savu m\u0101ti, kura viena pati c\u012bn\u0101s vis\u0101s front\u0113s, tu pats sevi nogalini!\u201d Vi\u0146a jaut\u0101 d\u0113lam, no k\u0101 vi\u0146\u0161 baid\u0101s, k\u0101p\u0113c vi\u0146\u0161 ir tik g\u013c\u0113vs, ka aizmucis no Krievijas un neiet karot? Uz d\u0113la centieniem paskaidrot, k\u0101p\u0113c vi\u0146\u0161 nev\u0113las karot Ukrain\u0101, vi\u0146a pat neklaus\u012bj\u0101s, bet turpin\u0101ja kliegt uz vi\u0146u, ka d\u0113ls esot g\u013c\u0113vulis.<\/p>\n<p>Koment\u0101ros pie video cilv\u0113ki atbalsta jaunieti un sauc sievieti par slepkavu.<\/p>\n<p>\u201cNabaga puisis. T\u0101du m\u0101ti pat ienaidniekam nenov\u0113l\u0113si,\u201d raksta k\u0101da Ksenija.<\/p>\n<p>\u201cNeklausies m\u0101t\u0113 &#8211; slepkav\u0101,\u201d puisi atbalsta koment\u0113t\u0101js Kabils Isakovs.<\/p>\n<p>Vair\u0101ki koment\u0113t\u0101ji sprie\u017e, ka par karo\u0161anu Ukrain\u0101 Krievijas vald\u012bba pie\u0161\u0137irot ma\u0161\u012bnu \u201cLada\u201d, iesp\u0113jams, t\u0101p\u0113c vi\u0146a tik \u013coti p\u0101rdz\u012bvojot, ka d\u0113ls nekaro.<\/p>\n<p>Nevienam no koment\u0113t\u0101jiem m\u0101tes r\u012bc\u012bba ne\u0161\u0137iet pie\u0146emama. P\u0113c video noskat\u012b\u0161an\u0101s daudziem rodas jaut\u0101jums &#8211; cik nozomb\u0113tiem ir j\u0101b\u016bt cilv\u0113kiem, lai tik <a href=\"https:\/\/nra.lv\/pasaule\/505668-vesturniece-tamara-eidelmane-apsudzeta-par-viltus-zinam-krievija.htm\" data-item-link=\"true\" data-item-id=\"505668\" rel=\"nofollow noopener\" target=\"_blank\">akli tic\u0113tu Putinam <\/a>un tam, ka iet boj\u0101 kar\u0101 pret Ukrainu ir goda jaut\u0101jums?<\/p>\n<p>\t\t\t\t\t\tinfo<\/p>\n<p>Uzzini pirmais<br \/>kas interesants noticis Latvij\u0101 un pasaul\u0113,<br \/>pievienojoties mums <a href=\"https:\/\/t.me\/neatkariga\" rel=\"nofollow\">Telegram<\/a> vai <a href=\"https:\/\/whatsapp.com\/channel\/0029VaMLFUH5K3zLU5s4wm3y\" rel=\"nofollow noopener\" target=\"_blank\">Whatsapp<\/a> kan\u0101l\u0101<\/p>\n","protected":false},"excerpt":{"rendered":"Jevge\u0146ijs, kur\u0161 pameta Krieviju, soci\u0101lajos t\u012bklos public\u0113jis video, kur\u0101 redzama saruna ar savu m\u0101ti, kura cen\u0161as pierun\u0101t d\u0113lu&hellip;\n","protected":false},"author":2,"featured_media":41101,"comment_status":"","ping_status":"","sticky":false,"template":"","format":"standard","meta":{"footnotes":""},"categories":[14],"tags":[23,57,28,29,32,33,22,30,31,35,39,38,36,37,34,40,20,26,27,24,25,54,55,56,21,58],"class_list":{"0":"post-41100","1":"post","2":"type-post","3":"status-publish","4":"format-standard","5":"has-post-thumbnail","7":"category-zinas-no-arvalstim","8":"tag-aktualitates","9":"tag-arvalstim","10":"tag-breaking-news","11":"tag-breakingnews","12":"tag-featured-news","13":"tag-featurednews","14":"tag-headlines","15":"tag-latest-news","16":"tag-latestnews","17":"tag-latvia","18":"tag-latvian","19":"tag-latviesu","20":"tag-latviesu-valoda","21":"tag-latviesuvaloda","22":"tag-latvija","23":"tag-lv","24":"tag-news","25":"tag-popularakas-zinas","26":"tag-popularakaszinas","27":"tag-top-stories","28":"tag-topstories","29":"tag-world","30":"tag-world-news","31":"tag-worldnews","32":"tag-zinas","33":"tag-zinas-no-arvalstim"},"share_on_mastodon":{"url":"https:\/\/pubeurope.com\/@lv\/115499045035985483","error":""},"_links":{"self":[{"href":"https:\/\/www.europesays.com\/lv\/wp-json\/wp\/v2\/posts\/41100","targetHints":{"allow":["GET"]}}],"collection":[{"href":"https:\/\/www.europesays.com\/lv\/wp-json\/wp\/v2\/posts"}],"about":[{"href":"https:\/\/www.europesays.com\/lv\/wp-json\/wp\/v2\/types\/post"}],"author":[{"embeddable":true,"href":"https:\/\/www.europesays.com\/lv\/wp-json\/wp\/v2\/users\/2"}],"replies":[{"embeddable":true,"href":"https:\/\/www.europesays.com\/lv\/wp-json\/wp\/v2\/comments?post=41100"}],"version-history":[{"count":0,"href":"https:\/\/www.europesays.com\/lv\/wp-json\/wp\/v2\/posts\/41100\/revisions"}],"wp:featuredmedia":[{"embeddable":true,"href":"https:\/\/www.europesays.com\/lv\/wp-json\/wp\/v2\/media\/41101"}],"wp:attachment":[{"href":"https:\/\/www.europesays.com\/lv\/wp-json\/wp\/v2\/media?parent=41100"}],"wp:term":[{"taxonomy":"category","embeddable":true,"href":"https:\/\/www.europesays.com\/lv\/wp-json\/wp\/v2\/categories?post=41100"},{"taxonomy":"post_tag","embeddable":true,"href":"https:\/\/www.europesays.com\/lv\/wp-json\/wp\/v2\/tags?post=41100"}],"curies":[{"name":"wp","href":"https:\/\/api.w.org\/{rel}","templated":true}]}}