{"id":41127,"date":"2025-11-05T21:44:15","date_gmt":"2025-11-05T21:44:15","guid":{"rendered":"https:\/\/www.europesays.com\/lv\/41127\/"},"modified":"2025-11-05T21:44:15","modified_gmt":"2025-11-05T21:44:15","slug":"zinojums-eiropai-varetu-but-grutibas-mobilizeties-kara-ar-krieviju-gadijuma-apollo-lv","status":"publish","type":"post","link":"https:\/\/www.europesays.com\/lv\/41127\/","title":{"rendered":"Zi\u0146ojums: Eiropai var\u0113tu b\u016bt gr\u016bt\u012bbas mobiliz\u0113ties kara ar Krieviju gad\u012bjum\u0101 &#8211; Apollo.lv"},"content":{"rendered":"<ol>\n<li><a href=\"https:\/\/news.google.com\/rss\/articles\/CBMiqAFBVV95cUxQOE8wZXFMUDRvamhpNmh3Q1A0TnhZREFwMkJONHZHQlFQY0h6NkVFV25QRzlfdTdFWmRKX1E1blIxOHJ2dU5Nc2lhVExuS3dJZVlhUnpPU0lGOE9TY1lWZWlqa20wZFlUOUJtZzNjUU1Md2MxYW1kX1M1QU05U2gwUmdSTkJoYTJFTzhreVJKWkVkb1dYd1BRdlpwM2VEVzFWR2V1WnFxalc?oc=5\" target=\"_blank\" rel=\"nofollow noopener\">Zi\u0146ojums: Eiropai var\u0113tu b\u016bt gr\u016bt\u012bbas mobiliz\u0113ties kara ar Krieviju gad\u012bjum\u0101<\/a>&nbsp;&nbsp;Apollo.lv<\/li>\n<li><a href=\"https:\/\/news.google.com\/rss\/articles\/CBMi5gFBVV95cUxQS3daZVB0RHJtRl96bDJianM3dVdHb1kxUlhzUjFCeVc5bGtRTVdCVmtYS1BzTWZpUWlHX1FkdFR3Y1Uyd2xIVGtXTUJVTThaLXh3UEF1b1Uta2RVOGQtVVp3clg4SGNjM1RoVUxHeHRXRDFUT0lqMHBrTDM5blZwQjJNVXNGaEY3SmJnM1JDWjNDNmRwQmwyUlZ2UkpGT1pMTWNWa0g0RkZ4VkYzNU9lMU5QQ0RYN0hUZ3pvZUJDYjZyNG4yaUNwRlFUZlZuS2VOMVRpOWtIc1FhaWpaVnI4aEtHbVQ0UQ?oc=5\" target=\"_blank\" rel=\"nofollow noopener\">Domn\u012bca: ES ir potenci\u0101ls, bet tr\u016bkst politisk\u0101s gribas kara gad\u012bjum\u0101 st\u0101ties pret\u012b Krievijai \/ Raksts<\/a>&nbsp;&nbsp;LSM<\/li>\n<li><a href=\"https:\/\/news.google.com\/rss\/articles\/CBMi0wFBVV95cUxNOS1YRTVkMU8tSEJEaVh4X2NoejBXaHlQRlprcjhXYVV3Ny1xdTk0U0NjTTYwRHJwRnBteVZQaC1YbUZIckNOSUNxRElva2xNZjZodk16RDZGQTROMW1ieFAtRHNZSDZ3TVl2Z2VnUFB4cl92MFpsbDU5NTZnLXk5U2I1VWdHSVpMZVhuWnJ1aWF0V0lfWjRqWGI5TmtVSk9DdUFwbTZSRlpVNGJiSnhvY0JzZTNzV2lmTnFYMWxQclVIWG55X1B3eXc5dmNPMnlEbnhN?oc=5\" target=\"_blank\" rel=\"nofollow noopener\">Eiropas V\u0101j\u0101s Vieta Krievijas Iesp\u0113jam\u0101 Konflikt\u0101: IFRI Zi\u0146ojums Br\u012bdina par Gatav\u012bbas Tr\u016bkumu<\/a>&nbsp;&nbsp;Lente.lv<\/li>\n<li><a href=\"https:\/\/news.google.com\/rss\/articles\/CBMirwFBVV95cUxPME9mVXlLZGltOFJ5MWFtYmR3MGR4U0ZxR0ZtMjVnRlowTG5SNXJRN2RZZVpVZGJqeHdZeXAtWHJJNXhfclB5OUthNVkyOTJucUNDb3Z0ODRaZUtHX3lUNXlYV3BHbE50RDdlOHZIcjRLUGtVQ3ZvMGYtNG1BeFQwcnZTZVlONFNjRmJURlVNUUUxWENoUkE4eEZnOXIweEF3VmsxUWEydTNqblZZeW1J?oc=5\" target=\"_blank\" rel=\"nofollow noopener\">&#8220;J\u016bs br\u012bdin\u0101j\u0101t par to, kas gaid\u0101ms.&#8221; EP prezidente Metsola par Latvijas aizsardz\u012bbu<\/a>&nbsp;&nbsp;Apollo.lv<\/li>\n<li><a href=\"https:\/\/news.google.com\/rss\/articles\/CBMitAFBVV95cUxPVUJUVmE0NXZreG83SmFlM1hOZ0E1N3lJbHBSNUFJTzBRSm5jR05VRjdMc181V2lTamF2OG1mbnF5OVp2SU5XT1ZtZS03bE16OFA5RnJYYk0xT2ZWWEF2ODBLblc0UkFhT01RN0k0anVoSmQ3YkhJWjJxcjJtcDQ0VkxTYkJ6Q25RNzVIM1AtYWthMzE3c0FpcUlVY3A5dTRpQXBRdUJWeEliNU1Xc1hVQmxNMm8?oc=5\" target=\"_blank\" rel=\"nofollow noopener\">TVNET NO BRISELES \u27e9 Eiropas dro\u0161\u012bbas un aizsardz\u012bbas izaicin\u0101jumi. Saruna ar Ivaru Ijabu<\/a>&nbsp;&nbsp;TVNET<\/li>\n<\/ol>\n","protected":false},"excerpt":{"rendered":"Zi\u0146ojums: Eiropai var\u0113tu b\u016bt gr\u016bt\u012bbas mobiliz\u0113ties kara ar Krieviju gad\u012bjum\u0101&nbsp;&nbsp;Apollo.lv Domn\u012bca: ES ir potenci\u0101ls, bet tr\u016bkst politisk\u0101s gribas&hellip;\n","protected":false},"author":2,"featured_media":41128,"comment_status":"","ping_status":"","sticky":false,"template":"","format":"standard","meta":{"footnotes":""},"categories":[14],"tags":[23,57,28,29,427,32,33,22,30,31,35,39,38,36,37,34,40,7424,20,26,27,24,25,54,55,56,21,58],"class_list":{"0":"post-41127","1":"post","2":"type-post","3":"status-publish","4":"format-standard","5":"has-post-thumbnail","7":"category-zinas-no-arvalstim","8":"tag-aktualitates","9":"tag-arvalstim","10":"tag-breaking-news","11":"tag-breakingnews","12":"tag-eiropa","13":"tag-featured-news","14":"tag-featurednews","15":"tag-headlines","16":"tag-latest-news","17":"tag-latestnews","18":"tag-latvia","19":"tag-latvian","20":"tag-latviesu","21":"tag-latviesu-valoda","22":"tag-latviesuvaloda","23":"tag-latvija","24":"tag-lv","25":"tag-mobilizacija","26":"tag-news","27":"tag-popularakas-zinas","28":"tag-popularakaszinas","29":"tag-top-stories","30":"tag-topstories","31":"tag-world","32":"tag-world-news","33":"tag-worldnews","34":"tag-zinas","35":"tag-zinas-no-arvalstim"},"share_on_mastodon":{"url":"https:\/\/pubeurope.com\/@lv\/115499280820367817","error":""},"_links":{"self":[{"href":"https:\/\/www.europesays.com\/lv\/wp-json\/wp\/v2\/posts\/41127","targetHints":{"allow":["GET"]}}],"collection":[{"href":"https:\/\/www.europesays.com\/lv\/wp-json\/wp\/v2\/posts"}],"about":[{"href":"https:\/\/www.europesays.com\/lv\/wp-json\/wp\/v2\/types\/post"}],"author":[{"embeddable":true,"href":"https:\/\/www.europesays.com\/lv\/wp-json\/wp\/v2\/users\/2"}],"replies":[{"embeddable":true,"href":"https:\/\/www.europesays.com\/lv\/wp-json\/wp\/v2\/comments?post=41127"}],"version-history":[{"count":0,"href":"https:\/\/www.europesays.com\/lv\/wp-json\/wp\/v2\/posts\/41127\/revisions"}],"wp:featuredmedia":[{"embeddable":true,"href":"https:\/\/www.europesays.com\/lv\/wp-json\/wp\/v2\/media\/41128"}],"wp:attachment":[{"href":"https:\/\/www.europesays.com\/lv\/wp-json\/wp\/v2\/media?parent=41127"}],"wp:term":[{"taxonomy":"category","embeddable":true,"href":"https:\/\/www.europesays.com\/lv\/wp-json\/wp\/v2\/categories?post=41127"},{"taxonomy":"post_tag","embeddable":true,"href":"https:\/\/www.europesays.com\/lv\/wp-json\/wp\/v2\/tags?post=41127"}],"curies":[{"name":"wp","href":"https:\/\/api.w.org\/{rel}","templated":true}]}}