{"id":41131,"date":"2025-11-05T21:50:20","date_gmt":"2025-11-05T21:50:20","guid":{"rendered":"https:\/\/www.europesays.com\/lv\/41131\/"},"modified":"2025-11-05T21:50:20","modified_gmt":"2025-11-05T21:50:20","slug":"miris-bijusais-asv-viceprezidents-diks-ceinijs-diena","status":"publish","type":"post","link":"https:\/\/www.europesays.com\/lv\/41131\/","title":{"rendered":"Miris biju\u0161ais ASV viceprezidents Diks \u010ceinijs \/ Diena"},"content":{"rendered":"<p>\t\t\t\t\t&#13;<br \/>\n\tSeko mums&#13;<\/p>\n<p>&#13;<br \/>\n\t\tSeko l\u012bdzi port\u0101la Diena.lv jaun\u0101kaj\u0101m zi\u0146\u0101m ar\u012b soci\u0101lajos t\u012bklos!\t<\/p>\n<p>&#13;<br \/>\n&#13;<\/p>\n<ul>&#13;<\/p>\n<li>&#13;<br \/>\n\t\t\t\t\t<a class=\"color-draugiem-bg\" href=\"http:\/\/www.draugiem.lv\/diena\/\" target=\"_blank\" rel=\"nofollow noopener\">&#13;<br \/>\n\t\t\t\t\t\t&#13;<br \/>\n\t\t\t\t\t<\/a>&#13;\n\t\t\t\t<\/li>\n<p>&#13;<\/p>\n<li>&#13;<br \/>\n\t\t\t\t\t<a class=\"color-facebook-bg\" href=\"https:\/\/www.facebook.com\/dienalv\" target=\"_blank\" rel=\"nofollow noopener\">&#13;<br \/>\n\t\t\t\t\t\t&#13;<br \/>\n\t\t\t\t\t<\/a>&#13;\n\t\t\t\t<\/li>\n<p>&#13;<\/p>\n<li>&#13;<br \/>\n\t\t\t\t\t<a class=\"color-instagram-bg\" href=\"https:\/\/www.instagram.com\/dienalv\/\" target=\"_blank\" rel=\"nofollow noopener\">&#13;<br \/>\n\t\t\t\t\t\t&#13;<br \/>\n\t\t\t\t\t<\/a>&#13;\n\t\t\t\t<\/li>\n<p>&#13;<\/p>\n<li>&#13;<br \/>\n\t\t\t\t\t<a class=\"color-twitter-bg\" href=\"https:\/\/twitter.com\/dienalv\" target=\"_blank\" rel=\"nofollow noopener\">&#13;<br \/>\n\t\t\t\t\t\t&#13;<br \/>\n\t\t\t\t\t<\/a>&#13;\n\t\t\t\t<\/li>\n<p>&#13;\n\t\t\t\t\t\t<\/ul>\n<p>\t&#13;<\/p>\n<p>&#13;<br \/>\n\tZi\u0146as e-past\u0101&#13;<\/p>\n<p>&#13;<br \/>\n\t\tSa\u0146em Diena.lv aktu\u0101l\u0101s zi\u0146as e-past\u0101!&#13;\n\t<\/p>\n<p>&#13;<br \/>\n\t &#13;<\/p>\n<p>&#13;<br \/>\n\t\t\tE-pasta adrese&#13;<br \/>\n\t\t\t&#13;\n\t\t<\/p>\n<p>&#13;<\/p>\n<p>&#13;<br \/>\n\t\t\t&#13;<br \/>\n\t\t\t\tPierakst\u012bties&#13;<br \/>\n\t\t\t&#13;\n\t\t<\/p>\n<p>&#13;<br \/>\n\t &#13;<\/p>\n<p>\t\t\t\t<script async src=\"https:\/\/platform.twitter.com\/widgets.js\" charset=\"utf-8\"><\/script><script async src=\"\/\/www.instagram.com\/embed.js\"><\/script><\/p>\n","protected":false},"excerpt":{"rendered":"&#13; Seko mums&#13; &#13; Seko l\u012bdzi port\u0101la Diena.lv jaun\u0101kaj\u0101m zi\u0146\u0101m ar\u012b soci\u0101lajos t\u012bklos! &#13; &#13; &#13; &#13; &#13;&hellip;\n","protected":false},"author":2,"featured_media":41132,"comment_status":"","ping_status":"","sticky":false,"template":"","format":"standard","meta":{"footnotes":""},"categories":[14],"tags":[23,57,28,29,32,33,22,30,31,35,39,38,36,37,34,40,20,26,27,24,25,54,55,56,21,58],"class_list":{"0":"post-41131","1":"post","2":"type-post","3":"status-publish","4":"format-standard","5":"has-post-thumbnail","7":"category-zinas-no-arvalstim","8":"tag-aktualitates","9":"tag-arvalstim","10":"tag-breaking-news","11":"tag-breakingnews","12":"tag-featured-news","13":"tag-featurednews","14":"tag-headlines","15":"tag-latest-news","16":"tag-latestnews","17":"tag-latvia","18":"tag-latvian","19":"tag-latviesu","20":"tag-latviesu-valoda","21":"tag-latviesuvaloda","22":"tag-latvija","23":"tag-lv","24":"tag-news","25":"tag-popularakas-zinas","26":"tag-popularakaszinas","27":"tag-top-stories","28":"tag-topstories","29":"tag-world","30":"tag-world-news","31":"tag-worldnews","32":"tag-zinas","33":"tag-zinas-no-arvalstim"},"share_on_mastodon":{"url":"https:\/\/pubeurope.com\/@lv\/115499304401958105","error":""},"_links":{"self":[{"href":"https:\/\/www.europesays.com\/lv\/wp-json\/wp\/v2\/posts\/41131","targetHints":{"allow":["GET"]}}],"collection":[{"href":"https:\/\/www.europesays.com\/lv\/wp-json\/wp\/v2\/posts"}],"about":[{"href":"https:\/\/www.europesays.com\/lv\/wp-json\/wp\/v2\/types\/post"}],"author":[{"embeddable":true,"href":"https:\/\/www.europesays.com\/lv\/wp-json\/wp\/v2\/users\/2"}],"replies":[{"embeddable":true,"href":"https:\/\/www.europesays.com\/lv\/wp-json\/wp\/v2\/comments?post=41131"}],"version-history":[{"count":0,"href":"https:\/\/www.europesays.com\/lv\/wp-json\/wp\/v2\/posts\/41131\/revisions"}],"wp:featuredmedia":[{"embeddable":true,"href":"https:\/\/www.europesays.com\/lv\/wp-json\/wp\/v2\/media\/41132"}],"wp:attachment":[{"href":"https:\/\/www.europesays.com\/lv\/wp-json\/wp\/v2\/media?parent=41131"}],"wp:term":[{"taxonomy":"category","embeddable":true,"href":"https:\/\/www.europesays.com\/lv\/wp-json\/wp\/v2\/categories?post=41131"},{"taxonomy":"post_tag","embeddable":true,"href":"https:\/\/www.europesays.com\/lv\/wp-json\/wp\/v2\/tags?post=41131"}],"curies":[{"name":"wp","href":"https:\/\/api.w.org\/{rel}","templated":true}]}}