{"id":41137,"date":"2025-11-05T22:05:25","date_gmt":"2025-11-05T22:05:25","guid":{"rendered":"https:\/\/www.europesays.com\/lv\/41137\/"},"modified":"2025-11-05T22:05:25","modified_gmt":"2025-11-05T22:05:25","slug":"latvijas-koncerti-valsts-svetku-menesi-aicina-uz-ipasam-programmam-riga-un-regionos","status":"publish","type":"post","link":"https:\/\/www.europesays.com\/lv\/41137\/","title":{"rendered":"&#8220;Latvijas Koncerti&#8221; Valsts sv\u0113tku m\u0113nes\u012b aicina uz \u012bpa\u0161\u0101m programm\u0101m R\u012bg\u0101 un re\u0123ionos"},"content":{"rendered":"<p>Gaidot Latvijas 107. dzim\u0161anas dienu VSIA &#8220;<a rel=\"noopener nofollow\" target=\"_blank\" href=\"https:\/\/www.delfi.lv\/temas\/42254802\/latvijas-koncerti\" tag-id=\"42254802\">Latvijas Koncerti<\/a>&#8221; un Latvijas Republikas Kult\u016bras ministrija valsts sv\u0113tku m\u0113nes\u012b aicina apmekl\u0113t koncertus da\u017e\u0101d\u0101s Latvijas pils\u0113t\u0101s: R\u012bg\u0101, J\u016brmal\u0101, R\u0113zekn\u0113, Smilten\u0113, Aloj\u0101, In\u010dukaln\u0101.<\/p>\n<p>K\u0101 v\u0113sta r\u012bkot\u0101ji, koncertos uzst\u0101sies Valsts kameror\u0137estris &#8220;<a rel=\"noopener nofollow\" target=\"_blank\" href=\"https:\/\/www.delfi.lv\/temas\/40794275\/sinfonietta-riga\" tag-id=\"40794275\">Sinfonietta R\u012bga<\/a>&#8221; un diri\u0123ents <a rel=\"noopener nofollow\" target=\"_blank\" href=\"https:\/\/www.delfi.lv\/temas\/40410961\/normunds-sne\" tag-id=\"40410961\">Normunds \u0160n\u0113<\/a>, <a rel=\"noopener nofollow\" target=\"_blank\" href=\"https:\/\/www.delfi.lv\/temas\/42271190\/latvijas-radio-koris\" tag-id=\"42271190\">Latvijas Radio koris<\/a> diri\u0123entu Kaspara Putni\u0146a un Sigvarda K\u013cavas vad\u012bb\u0101, dzied\u0101t\u0101jas Katr\u012bna Paula Felsberga, Ter\u0113ze Gretere aktieri M\u0101rti\u0146\u0161 Vilsons un Gundars \u0100boli\u0146\u0161, k\u0101 ar\u012b citi Latvij\u0101 atz\u012bti un paz\u012bstami m\u0101kslinieki.<\/p>\n<p>6. novembr\u012b pulksten 19 Latvijas Universit\u0101tes Lielaj\u0101 aul\u0101 un 8. novembr\u012b pulksten 18 Latgales v\u0113stniec\u012bb\u0101 &#8220;Gors&#8221; ar koncertprogrammu &#8220;Arvo Perts. Jubilejas koncerts&#8221; uzst\u0101sies Latvijas Radio koris diri\u0123enta Kaspara Putni\u0146a vad\u012bb\u0101. <\/p>\n<p>2025. gads vis\u0101 pasaul\u0113 tiek atz\u012bm\u0113ts k\u0101 Arvo Perta 90. jubilejas gads. Igau\u0146u komponista m\u016bzika uzrun\u0101 visu paaud\u017eu klaus\u012bt\u0101jus ar t\u0101s p\u0101rpasaul\u012bgumu un vienlaikus cilv\u0113c\u012bbu, ar savu mieru un reiz\u0113 dramatismu. Koncert\u0101 skan\u0113s Arvo Perta monument\u0101lais a cappella ska\u0146darbs &#8220;Kanon pokajanen&#8221; (&#8220;Gr\u0113ku no\u017e\u0113las kanons&#8221;), kas tapis 1997. gad\u0101, balstoties uz seniem bazn\u012bcas tekstiem. \u0160is darbs tiek uzskat\u012bts par vienu no Perta noz\u012bm\u012bg\u0101kajiem un apjom\u012bg\u0101kajiem kora darbiem \u2013 tas apvieno dzi\u013cu ask\u0113tisku skaistumu ar gar\u012bgu sp\u0113ku un meditat\u012bvu klusumu. Bi\u013cetes iesp\u0113jams ieg\u0101d\u0101ties &#8220;Bi\u013ce\u0161u parad\u012bze&#8221; kas\u0113s un<a rel=\"noopener nofollow\" target=\"_blank\" href=\"https:\/\/www.bilesuparadize.lv\/lv\/event\/154118\" data-rel-date-range=\"[]\"> internet\u0101.<\/a><\/p>\n<p>Lasiet ar\u012b<\/p>\n<p><a href=\"https:\/\/www.delfi.lv\/kultura\/174\/music\/120088682\/georgijs-osokins-latvijas-koncertzales-prezentes-jauno-koncertprogrammu-for-arvo\" class=\"headline__image-link\" itemprop=\"url\" rel=\"nofollow noopener\" target=\"_blank\"><img decoding=\"async\" loading=\"lazy\" itemprop=\"image\" src=\"https:\/\/www.europesays.com\/lv\/wp-content\/uploads\/2025\/11\/3a8dd521-9fd9-4b8b-a896-54bf787c14a9.jpg\" alt=\"Georgijs Osokins Latvijas koncertz\u0101l\u0113s prezent\u0113s jauno koncertprogrammu &quot;For Arvo&quot;\" title=\"Georgijs Osokins Latvijas koncertz\u0101l\u0113s prezent\u0113s jauno koncertprogrammu &quot;For Arvo&quot;\" class=\"headline__image img-fluid w-100\"\/><\/a><\/p>\n<p class=\"western\">7. novembr\u012b pulksten 19 Latvijas Universit\u0101tes Lielaj\u0101 aul\u0101 izskan\u0113s koncertprogramma &#8220;Sinfonietta R\u012bga. Haidna simfonija un Hillborga \u010dellkoncerts&#8221;. Uz skatuves k\u0101ps valsts kameror\u0137estris &#8220;Sinfonietta R\u012bga&#8221;, diri\u0123ents Normunds \u0160n\u0113 un \u010delliste Am\u0101lija St\u0101lheima.<\/p>\n<p>Skandin\u0101vu uzleco\u0161\u0101 zvaigzne Am\u0101lija St\u0101lheima ir aizraut\u012bga laikmet\u012bg\u0101s m\u016bzikas interprete \u2013 vi\u0146as \u010della sp\u0113le fascin\u0113 ar iek\u0161\u0113jo intensit\u0101ti, vienlaikus aicinot piedz\u012bvot klusumu aiz not\u012bm. Vi\u0146as b\u0113rn\u012bba, uzaugot komponista \u0123imen\u0113, kur viesistaba nereti p\u0101rtapa par rado\u0161u laboratoriju, ir dzi\u013ci iespaidojusi \u010dellistes muzik\u0101lo identit\u0101ti. St\u0101lheimai \u010dellkoncertus velt\u012bju\u0161i jau septi\u0146i m\u016bsdienu komponisti, tai skait\u0101 zviedru ska\u0146u arhitekts Andress Hillborgs. Tam pret\u012b Haidna aspr\u0101t\u012bg\u0101 simfonija &#8220;L\u0101cis&#8221; un Riharda \u0160trausa sv\u012bta p\u0113c Molj\u0113ra lugas &#8220;Pilsonis mui\u017eniekos&#8221;. Bi\u013cetes iesp\u0113jams ieg\u0101d\u0101ties &#8220;Bi\u013ce\u0161u parad\u012bze&#8221; kas\u0113s un<a rel=\"noopener nofollow\" target=\"_blank\" href=\"https:\/\/www.bilesuparadize.lv\/lv\/event\/153378\" data-rel-date-range=\"[]\"> internet\u0101.<\/a><\/p>\n<p class=\"western\">Smiltenes Kult\u016bras centr\u0101 15. novembr\u012b pulksten 18 sv\u0113tku koncertu &#8220;M\u0101rti\u0146\u0161 Brauns \u2013 Latvijai!&#8221; sniegs Latvijas Radio koris, diri\u0123ents Sigvards K\u013cava un instrument\u0101l\u0101 grupa.<\/p>\n<p>70. dzim\u0161anas dienas svin\u012bb\u0101m komponists M\u0101rti\u0146\u0161 Brauns kop\u0101 ar diri\u0123entu Sigvardu K\u013cavu izveidoja dziesmu programmu, lai svin\u0113tu gan savu, gan ar\u012b Latvijas jubileju. K\u0101 v\u0113sta &#8220;Latvijas Koncertu&#8221; p\u0101rst\u0101vji, dom\u0101jot par M\u0101rti\u0146a Brauna korim rakst\u012btajiem darbiem, nen\u0101k pr\u0101t\u0101 latvie\u0161u kordziesma t\u0101s klasisk\u0101 izpratn\u0113. Lai ar\u012b no roka skatuves un t\u0101 saukt\u0101s viegl\u0101s un te\u0101tra m\u016bzikas pasaules n\u0101kdams, M\u0101rti\u0146\u0161 Brauns prata rad\u012bt unik\u0101las, izkl\u0101st\u0101 tik saprotami vienk\u0101r\u0161as un gar\u012bgaj\u0101 izteiksm\u0113 neizm\u0113rojami dzi\u013cas dziesmas, ka t\u0101s vienl\u012bdz sp\u0113c\u012bgi skar gan jaunie\u0161a v\u0113l trauksmaini nestabilo apzi\u0146u, gan pieredz\u0113ju\u0161a sirmgalvja sirds st\u012bgas.<\/p>\n<p><img decoding=\"async\" itemprop=\"image\" src=\"https:\/\/www.europesays.com\/lv\/wp-content\/uploads\/2025\/11\/4a1493c3-6c15-41f3-882b-79d9d1831d78.jpg\" title=\"&quot;Latvijas Koncerti&quot; Valsts sv\u0113tku m\u0113nes\u012b aicina uz \u012bpa\u0161\u0101m programm\u0101m R\u012bg\u0101 un re\u0123ionos\" alt=\"&quot;Latvijas Koncerti&quot; Valsts sv\u0113tku m\u0113nes\u012b aicina uz \u012bpa\u0161\u0101m programm\u0101m R\u012bg\u0101 un re\u0123ionos\" class=\"img-fluid w-100\" data-v-a1a92103=\"\"\/>Foto: J\u0101nis Deinarts<\/p>\n<p>Savuk\u0101rt 17. novembr\u012b pulksten 17 Alojas Kult\u016bras nam\u0101 valsts sv\u0113tku noska\u0146\u0101s uzst\u0101sies &#8220;R\u012bgas Saksofonu kvartets&#8221; un sopr\u0101ns Ter\u0113ze Gretere, atska\u0146ojot koncerprogrammu &#8220;Tu atn\u0101ci pie manis&#8221;. Sv\u0113tku programma iez\u012bm\u0113 kvarteta pirmo rado\u0161o satik\u0161anos ar jauno dzied\u0101t\u0101ju Ter\u0113zi Greteri, kop\u012bgi p\u0101rlapojot Georga Pel\u0113\u010da un K\u0101r\u013ca L\u0101\u010da ska\u0146darbus. <\/p>\n<p class=\"western\">18. novembr\u012b pulksten 18 par godu Latvijas proklam\u0113\u0161anas 107. gadadienai Valsts prezidenta kanceleja un VSIA &#8220;Latvijas Koncerti&#8221; r\u012bko ikgad\u0113jo sv\u0113tku koncertu Latvijas Nacion\u0101laj\u0101 te\u0101tr\u012b. Koncert\u0101 uzst\u0101sies Latvij\u0101 paz\u012bstami un atz\u012bti m\u0101kslinieki: koris &#8220;Kam\u0113r\u2026&#8221; un diri\u0123ents Jur\u0123is C\u0101bulis, Shipsea, Em\u012blija, &#8220;Astro\u2019n\u2019out&#8221;, &#8220;Sudden Lights&#8221;, &#8220;Instrumenti&#8221;, b\u0113rnu vok\u0101lais ansamblis &#8220;Siguldi\u0146a&#8221;. Koncerta tie\u0161raide no Latvijas Nacion\u0101l\u0101 te\u0101tra b\u016bs skat\u0101ma Latvijas Telev\u012bzijas 1. kan\u0101l\u0101, k\u0101 ar\u012b klaus\u0101ma Latvijas Radio 3 &#8220;Klasika&#8221; tie\u0161raid\u0113.<\/p>\n<p>J\u016brmal\u0101, Dzintaru koncerz\u0101l\u0113 22. novembr\u012b pulksten 18 iev\u0113rojam\u0101 latvie\u0161u komponista Em\u012bla D\u0101rzi\u0146a m\u016bziku programm\u0101 &#8220;M\u0101rti\u0146\u0161 Vilsons koncertizr\u0101d\u0113 &#8220;Stabules sapnis&#8221;&#8221;atska\u0146os Latvijas Radio koris, diri\u0123ents Sigvards K\u013cava, aktieris M\u0101rti\u0146\u0161 Vilsons un pianists Rihards Ple\u0161anovs.<\/p>\n<p>Muzik\u0101li teatr\u0101lais uzvedums &#8220;Stabules sapnis. Em\u012blam D\u0101rzi\u0146am \u2013 150!&#8221; ir velt\u012bjums komponistam, kura zvaigzne neizdz\u0113\u0161ami mirdz pie Latvijas m\u016bzikas debes\u012bm.Dokument\u0101l\u0101 uzveduma s\u0101kotn\u0113j\u0101s idejas autori Sigvards K\u013cava un re\u017eisors U\u0123is Brikmanis skaidroju\u0161i D\u0101rzi\u0146a m\u016bziku ar k\u0101du paral\u0113lu l\u012bdz\u012bbu, kuru idejas iniciatoriem izdevies atrast Nobela pr\u0113mijas laure\u0101ta Herma\u0146a Heses pasak\u0101 &#8220;Stabules sapnis&#8221;, kas izskan\u0113s aktiera M\u0101rti\u0146a Vilsona las\u012bjum\u0101. Bi\u013cetes iesp\u0113jams ieg\u0101d\u0101ties &#8220;Bi\u013ce\u0161u parad\u012bze&#8221; kas\u0113s un <a rel=\"noopener nofollow\" target=\"_blank\" href=\"https:\/\/www.bilesuparadize.lv\/lv\/event\/147137\" data-rel-date-range=\"[]\">internet\u0101.<\/a><\/p>\n<p><img decoding=\"async\" itemprop=\"image\" src=\"https:\/\/www.europesays.com\/lv\/wp-content\/uploads\/2025\/11\/e5ac0030-7cd2-4a32-a100-02c4c8241706.jpg\" title=\"&quot;Latvijas Koncerti&quot; Valsts sv\u0113tku m\u0113nes\u012b aicina uz \u012bpa\u0161\u0101m programm\u0101m R\u012bg\u0101 un re\u0123ionos\" alt=\"&quot;Latvijas Koncerti&quot; Valsts sv\u0113tku m\u0113nes\u012b aicina uz \u012bpa\u0161\u0101m programm\u0101m R\u012bg\u0101 un re\u0123ionos\" class=\"img-fluid w-100\" data-v-a1a92103=\"\"\/>Foto: Valters Pelns<\/p>\n<p>27. novembr\u012b pulksten 19 In\u010dukalna Tautas nam\u0101 koncertprogramm\u0101 &#8220;V\u0101cietis. Ziedonis. Upei p\u0101ri&#8221; uzst\u0101sies aktieris Gundars \u0100boli\u0146\u0161, dzied\u0101t\u0101ja Katr\u012bna Paula Felsberga, pianiste Agnese Egli\u0146a un sitaminstrument\u0101lists Guntars Freibergs. <\/p>\n<p>Koncertprogramm\u0101 da\u017e\u0101dos laikos tapusi di\u017eo latvie\u0161u liter\u0101tu iedvesmota m\u016bzika savijas ar Oresta Silabrie\u017ea virkn\u0113t\u0101m di\u017egaru dzejas v\u0101rsm\u0101m, sirsn\u012bgiem atmi\u0146u st\u0101stiem un aspr\u0101t\u012bgiem fragmentiem no v\u0113stul\u0113m. Neparedz\u0113tu apst\u0101k\u013cu d\u0113\u013c aktiera \u0122irta Jakov\u013ceva viet\u0101 uz skatuves k\u0101ps cits aktierm\u0101kslas lielmeistars \u2013 Gundars \u0100boli\u0146\u0161, ta\u010du m\u016bzi\u0137u sast\u0101vs aizvien palicis nemain\u012bgs \u2013 vok\u0101lais talants Katr\u012bna Paula Felsberga un divi Liel\u0101s m\u016bzikas balvas laure\u0101ti \u2013 viena no daudzpus\u012bg\u0101kaj\u0101m un spilgt\u0101kaj\u0101m latvie\u0161u pianist\u0113m, Liep\u0101jas v\u0113jos r\u016bd\u012bt\u0101 Agnese Egli\u0146a, k\u0101 ar\u012b smalku deta\u013cu un liela v\u0113riena sitaminstrumentu sp\u0113les lietprat\u0113js Guntars Freibergs.<\/p>\n<p>M\u016bzikas nam\u0101 &#8220;Daile&#8221; 29. novembr\u012b pulksten 18 b\u016bs klaus\u0101ma koncertprogramma &#8220;Vecais T\u012bss. Vilkatis. Koncertst\u0101sts iz v\u0113stures&#8221;. Koncert\u0101 piedal\u012bsies &#8220;Latvijas Radio koris&#8221;, <a rel=\"noopener nofollow\" target=\"_blank\" href=\"https:\/\/www.delfi.lv\/temas\/50350279\/dirigents-kaspars-putnins\" tag-id=\"50350279\">diri\u0123ents Kaspars Putni\u0146\u0161<\/a>, \u0123it\u0101rists Mat\u012bss \u010cudars, sitaminstrument\u0101lists Ivars Arutjunjans.<\/p>\n<p>2024. gad\u0101 aprit\u0113ja tie\u0161i 333 gadi kop\u0161 k\u0101das C\u0113su apgabala tiesas s\u0113des, kur\u0101 notika negaid\u012bts pav\u0113rsiens, kad k\u0101ds no lieciniekiem \u2013 asto\u0146desmitgadnieks T\u012bss no Kniedi\u0146iem, atkl\u0101ja, ka liel\u0101ko savas dz\u012bves da\u013cu ir bijis vilkatis. Par p\u0101rsteigumu tiesai liel\u0101k\u0101 da\u013ca viet\u0113jo iedz\u012bvot\u0101ju par \u0161o bija labi inform\u0113ti. Vecais T\u012bss bija labi paz\u012bstams ar\u012b k\u0101 dziednieks un zirgu v\u0101rdot\u0101js.<\/p>\n<p>T\u012bsa run\u0101 atkl\u0101jas m\u016bsu laikmet\u0101 pazaud\u0113ta pasaules izj\u016bta, kur\u0101 cilv\u0113ki bija integr\u0113ti pla\u0161\u0101k\u0101 dz\u012bv\u012bbas lok\u0101. Lai izdz\u012bvotu, cilv\u0113kiem bija j\u0101m\u0101c\u0101s p\u0113c iesp\u0113jas lab\u0101k izprast \u0161\u012bs pasaules da\u017e\u0101d\u0101s b\u016btnes un sp\u0113kus, respekt\u0113t t\u0101s. T\u012bss par savu dz\u012bves uzdevumu uzskata kalpo\u0161anu saviem l\u012bdzcilv\u0113kiem un Dievam. Bi\u013cetes iesp\u0113jams ieg\u0101d\u0101ties &#8220;Bi\u013ce\u0161u parad\u012bze&#8221; kas\u0113s un<a rel=\"noopener nofollow\" target=\"_blank\" href=\"https:\/\/www.bilesuparadize.lv\/lv\/event\/157271\" data-rel-date-range=\"[]\"> internet\u0101.<\/a><\/p>\n<p class=\"m-0\">Seko &#8220;Delfi&#8221; ar\u012b  <a target=\"_blank\" href=\"https:\/\/www.instagram.com\/delfi.lv\/\" rel=\"nofollow noopener\">Instagram<\/a>  un <a target=\"_blank\" href=\"https:\/\/www.youtube.com\/channel\/UCw5foWtcJvAbUm64rv7jwUQ\" rel=\"nofollow noopener\">YouTube<\/a>  profil\u0101 \u2013 pievienojies, lai uzzin\u0101tu svar\u012bg\u0101ko un interesant\u0101ko pirmais!<\/p>\n<p>Publik\u0101cijas saturs vai t\u0101s jebk\u0101da apjoma da\u013ca ir aizsarg\u0101ts autorties\u012bbu objekts Autorties\u012bbu likuma izpratn\u0113, un t\u0101 izmanto\u0161ana bez izdev\u0113ja at\u013caujas ir aizliegta. Vair\u0101k lasi  <a target=\"_blank\" href=\"https:\/\/www.delfi.lv\/noteikumi#autortiesibas\" rel=\"nofollow noopener\">\u0161eit<\/a><script async src=\"\/\/www.instagram.com\/embed.js\"><\/script><\/p>\n","protected":false},"excerpt":{"rendered":"Gaidot Latvijas 107. dzim\u0161anas dienu VSIA &#8220;Latvijas Koncerti&#8221; un Latvijas Republikas Kult\u016bras ministrija valsts sv\u0113tku m\u0113nes\u012b aicina apmekl\u0113t&hellip;\n","protected":false},"author":2,"featured_media":41138,"comment_status":"","ping_status":"","sticky":false,"template":"","format":"standard","meta":{"footnotes":""},"categories":[19],"tags":[11790,89,90,35,39,38,36,37,34,4484,1843,40,11789,5917],"class_list":{"0":"post-41137","1":"post","2":"type-post","3":"status-publish","4":"format-standard","5":"has-post-thumbnail","7":"category-izklaide","8":"tag-dirigents-kaspars-putnins","9":"tag-entertainment","10":"tag-izklaide","11":"tag-latvia","12":"tag-latvian","13":"tag-latviesu","14":"tag-latviesu-valoda","15":"tag-latviesuvaloda","16":"tag-latvija","17":"tag-latvijas-koncerti","18":"tag-latvijas-radio-koris","19":"tag-lv","20":"tag-normunds-sne","21":"tag-sinfonietta-riga"},"share_on_mastodon":{"url":"https:\/\/pubeurope.com\/@lv\/115499363611276322","error":""},"_links":{"self":[{"href":"https:\/\/www.europesays.com\/lv\/wp-json\/wp\/v2\/posts\/41137","targetHints":{"allow":["GET"]}}],"collection":[{"href":"https:\/\/www.europesays.com\/lv\/wp-json\/wp\/v2\/posts"}],"about":[{"href":"https:\/\/www.europesays.com\/lv\/wp-json\/wp\/v2\/types\/post"}],"author":[{"embeddable":true,"href":"https:\/\/www.europesays.com\/lv\/wp-json\/wp\/v2\/users\/2"}],"replies":[{"embeddable":true,"href":"https:\/\/www.europesays.com\/lv\/wp-json\/wp\/v2\/comments?post=41137"}],"version-history":[{"count":0,"href":"https:\/\/www.europesays.com\/lv\/wp-json\/wp\/v2\/posts\/41137\/revisions"}],"wp:featuredmedia":[{"embeddable":true,"href":"https:\/\/www.europesays.com\/lv\/wp-json\/wp\/v2\/media\/41138"}],"wp:attachment":[{"href":"https:\/\/www.europesays.com\/lv\/wp-json\/wp\/v2\/media?parent=41137"}],"wp:term":[{"taxonomy":"category","embeddable":true,"href":"https:\/\/www.europesays.com\/lv\/wp-json\/wp\/v2\/categories?post=41137"},{"taxonomy":"post_tag","embeddable":true,"href":"https:\/\/www.europesays.com\/lv\/wp-json\/wp\/v2\/tags?post=41137"}],"curies":[{"name":"wp","href":"https:\/\/api.w.org\/{rel}","templated":true}]}}