{"id":41147,"date":"2025-11-05T22:24:07","date_gmt":"2025-11-05T22:24:07","guid":{"rendered":"https:\/\/www.europesays.com\/lv\/41147\/"},"modified":"2025-11-05T22:24:07","modified_gmt":"2025-11-05T22:24:07","slug":"otraja-diena-fis-slaloma-lietuva-baltijas-kausa-kalnu-sleposana-uzvaras-latvijai-lietuvai-un-italijai-ziemas-sports-sportacentrs-com","status":"publish","type":"post","link":"https:\/\/www.europesays.com\/lv\/41147\/","title":{"rendered":"Otraj\u0101 dien\u0101 FIS slalom\u0101 Lietuv\u0101 Baltijas kaus\u0101 kalnu sl\u0113po\u0161an\u0101 uzvaras Latvijai, Lietuvai un It\u0101lijai \u2013 Ziemas sports \u2013 Sportacentrs.com"},"content":{"rendered":"<p>\u0160odien Lietuvas dienvidu pils\u0113t\u0101 Druskininkos atrodo\u0161aj\u0101 sl\u0113gtaj\u0101 kalnu sl\u0113po\u0161anas hall\u0113 \u201cSnow arena\u201d Baltijas kausa kalnu sl\u0113po\u0161an\u0101 pirmajam posmam norisin\u0101j\u0101s otr\u0101 sacens\u012bbu diena, v\u0113lreiz dal\u012bbniekiem sacen\u0161oties FIS ENL slalom\u0101 un v\u0113lreiz katr\u0101 sacens\u012bb\u0101 veicot tr\u012bs braucienus. Baltijas valstu p\u0101rst\u0101vjiem, no kuriem liel\u0101k\u0101 da\u013ca bija latvie\u0161i, konkurenci sast\u0101d\u012bja It\u0101lijas, Kazahst\u0101nas, Turcijas, Grie\u0137ijas, Polijas, Sp\u0101nijas un Ung\u0101rijas kalnu sl\u0113pot\u0101ji.<\/p>\n<p>Pirmaj\u0101s sacens\u012bb\u0101s v\u012brie\u0161iem l\u012bdzv\u0113rt\u012bgi par uzvaru c\u012bn\u012bj\u0101s P\u0113teris Pauls Pranc\u0101ns un T\u0101vi Markanens. Soms bija \u0101tr\u0101ks pirmaj\u0101 braucien\u0101, bet Pranc\u0101ns p\u0101r\u0146\u0113ma vad\u012bbu ar lab\u0101ku otro braucienu, esot priek\u0161\u0101 vien 0,08 sekundes. Iz\u0161\u0137iro\u0161aj\u0101 tre\u0161aj\u0101 braucien\u0101 18 gadus vecais Pauls P\u0113teris par\u0101d\u012bja stipr\u0101kus nervus un palielin\u0101ja p\u0101rsvaru l\u012bdz pussekundei un svin\u0113ja pirmo uzvaru \u0161aj\u0101 sezon\u0101 Baltijas kaus\u0101. \u0160\u012b gada Eiropas jaunatnes olimpisk\u0101 festiv\u0101la 28.vietas ieguv\u0113js slalom\u0101 Pranc\u0101ns bija uzvar\u0113jis p\u0101ris reizes FIS sacens\u012bb\u0101s turpat pirms trim ned\u0113\u013c\u0101m. Markanenam l\u012bdz ar to v\u0113l viena otr\u0101 vieta, bet vakardienas otro sacens\u012bbu uzvar\u0113t\u0101js Gustavs \u0100bele nosl\u0113dza godalgoto trijnieku.<\/p>\n<p>Otraj\u0101s sacens\u012bb\u0101s nepiedal\u012bj\u0101s \u0100bele, bet par l\u012bderpoz\u012bcij\u0101m t\u0101pat k\u0101 pirm\u0101s dienas pirmaj\u0101s sacens\u012bb\u0101s c\u012bn\u012bj\u0101s Pranc\u0101ns, Nils Neo Trapn\u0101ns un Markinens. Labi ies\u0101cies, vidusda\u013c\u0101 nefini\u0161\u0113ja Trap\u0101ns, bet Paulam P\u0113terim Pranc\u0101nam izdev\u0101s notur\u0113t p\u0101rsvaru p\u0101r somu, l\u012bdz ar to ar\u012b otraj\u0101s \u0161odienas sacens\u012bb\u0101s pirmo divu vietu ieguv\u0113ji bija tie pa\u0161i \u2013 pirmais Pranc\u0101ns, otrais Markinens. Uz tre\u0161o vietu pak\u0101p\u0101s pasaules junioru \u010dempion\u0101t\u0101 40.vietu slalom\u0101 ieguvu\u0161ais kazahs Rostislavs Hohlovs.<\/p>\n<p>Sieviet\u0113m otr\u0101 diena ies\u0101k\u0101s ar pirm\u0101s dienas abu uzvar\u0113t\u0101ju \u2013 Liepas Karlonaites un Kristi\u0101nas Hartmanes \u2013 spraigu dueli. Pirmo braucienu abas veica identiski, bet otraj\u0101 priek\u0161\u0101 ar tre\u0161da\u013cas sekundes p\u0101rsvaru izvirz\u012bj\u0101s lietuviete. Lai ar\u012b Hartmane bija \u0101tr\u0101k\u0101 tre\u0161aj\u0101 braucien\u0101, tom\u0113r atsp\u0113l\u0113t\u0101s divas desmitda\u013cas sekundes bija par maz, l\u012bdz ar to 19 gadus vec\u0101 Karlonaite ieguva pirmo vietu, bet 17 gadus vec\u0101 Hartmane samierin\u0101j\u0101s ar otro. Stabilit\u0101ti r\u0101d\u012bja un visos braucienos tre\u0161\u0101 bija 16 gadus vec\u0101 Elza Zel\u010da.<\/p>\n<p>Otraj\u0101s sacens\u012bb\u0101s sieviet\u0113m pirmaj\u0101m braucien\u0101 diskvalifik\u0101ciju sa\u0146\u0113ma Karlonaite, bet uz starta neizg\u0101ja Zel\u010da, l\u012bdz ar to bija skaidrs, ka godalgoto vietu ieguv\u0113jas pamain\u012bsies. Ar \u0101tr\u0101ko laiku pirmaj\u0101 tras\u0113 sacens\u012bbas ies\u0101ka Hartmane, kura savu p\u0101rsvaru p\u0113c otr\u0101 brauciena palielin\u0101ja vair\u0101k nek\u0101 par trim sekund\u0113m. Ta\u010du vakardienas otro sacens\u012bbu pan\u0101kumu vi\u0146ai neizdev\u0101s atk\u0101rtot, jo tre\u0161aj\u0101 braucien\u0101, kad bija jau palielin\u0101jusi p\u0101rsvaru p\u0101ri par \u010detr\u0101m sekund\u0113m, pa\u0161\u0101s beig\u0101s diem\u017e\u0113l nefini\u0161\u0113ja. L\u012bdz ar to uzvara tika it\u0101lietei Kavanjino, kurai tikai 0,05 sekundes piek\u0101p\u0101s un otro vietu sadal\u012bja Estere Jansone un it\u0101liete Rebeka Bezzini.<\/p>\n<p>Latvijas Sl\u0113po\u0161anas Feder\u0101cijas r\u012bkotie pas\u0101kumi jaunie\u0161iem un junioriem notiek cie\u0161\u0101 sadarb\u012bb\u0101 ar Izgl\u012bt\u012bbas un Zin\u0101tnes ministriju, un pateicoties t\u0101s atbalstam.<\/p>\n<p>Izmantotie resursi:<br \/><a target=\"_blank\" href=\"http:\/\/www.infoski.lv\" rel=\"nofollow noopener\">Latvijas Sl\u0113po\u0161anas feder\u0101cija | infoski.lv<\/a><\/p>\n","protected":false},"excerpt":{"rendered":"\u0160odien Lietuvas dienvidu pils\u0113t\u0101 Druskininkos atrodo\u0161aj\u0101 sl\u0113gtaj\u0101 kalnu sl\u0113po\u0161anas hall\u0113 \u201cSnow arena\u201d Baltijas kausa kalnu sl\u0113po\u0161an\u0101 pirmajam posmam&hellip;\n","protected":false},"author":2,"featured_media":41148,"comment_status":"","ping_status":"","sticky":false,"template":"","format":"standard","meta":{"footnotes":""},"categories":[17],"tags":[35,39,38,36,37,34,40,67,620],"class_list":{"0":"post-41147","1":"post","2":"type-post","3":"status-publish","4":"format-standard","5":"has-post-thumbnail","7":"category-sports","8":"tag-latvia","9":"tag-latvian","10":"tag-latviesu","11":"tag-latviesu-valoda","12":"tag-latviesuvaloda","13":"tag-latvija","14":"tag-lv","15":"tag-sports","16":"tag-ziemas-sports"},"share_on_mastodon":{"url":"https:\/\/pubeurope.com\/@lv\/115499438139951570","error":""},"_links":{"self":[{"href":"https:\/\/www.europesays.com\/lv\/wp-json\/wp\/v2\/posts\/41147","targetHints":{"allow":["GET"]}}],"collection":[{"href":"https:\/\/www.europesays.com\/lv\/wp-json\/wp\/v2\/posts"}],"about":[{"href":"https:\/\/www.europesays.com\/lv\/wp-json\/wp\/v2\/types\/post"}],"author":[{"embeddable":true,"href":"https:\/\/www.europesays.com\/lv\/wp-json\/wp\/v2\/users\/2"}],"replies":[{"embeddable":true,"href":"https:\/\/www.europesays.com\/lv\/wp-json\/wp\/v2\/comments?post=41147"}],"version-history":[{"count":0,"href":"https:\/\/www.europesays.com\/lv\/wp-json\/wp\/v2\/posts\/41147\/revisions"}],"wp:featuredmedia":[{"embeddable":true,"href":"https:\/\/www.europesays.com\/lv\/wp-json\/wp\/v2\/media\/41148"}],"wp:attachment":[{"href":"https:\/\/www.europesays.com\/lv\/wp-json\/wp\/v2\/media?parent=41147"}],"wp:term":[{"taxonomy":"category","embeddable":true,"href":"https:\/\/www.europesays.com\/lv\/wp-json\/wp\/v2\/categories?post=41147"},{"taxonomy":"post_tag","embeddable":true,"href":"https:\/\/www.europesays.com\/lv\/wp-json\/wp\/v2\/tags?post=41147"}],"curies":[{"name":"wp","href":"https:\/\/api.w.org\/{rel}","templated":true}]}}