{"id":41151,"date":"2025-11-05T22:29:08","date_gmt":"2025-11-05T22:29:08","guid":{"rendered":"https:\/\/www.europesays.com\/lv\/41151\/"},"modified":"2025-11-05T22:29:08","modified_gmt":"2025-11-05T22:29:08","slug":"tragiskais-stasts-par-pari-kurs-radija-romantiskakos-koslajamo-gumiju-komiksus-pasaule","status":"publish","type":"post","link":"https:\/\/www.europesays.com\/lv\/41151\/","title":{"rendered":"Tra\u0123iskais st\u0101sts par p\u0101ri, kur\u0161 rad\u012bja romantisk\u0101kos ko\u0161\u013c\u0101jamo gumiju komiksus pasaul\u0113"},"content":{"rendered":"<p>Kur\u0161 gan neatceras ko\u0161\u013c\u0101jamo gumiju &#8220;Love is&#8230;&#8221;, kur\u0101 bija pasl\u0113pies pap\u012br\u012btis ar k\u0101du m\u012bl\u012bgu komiksa att\u0113lu un atzi\u0146u par t\u0113mu &#8220;m\u012blest\u012bba&#8221;. Tom\u0113r ne visi zina, ka aizkustino\u0161ajiem komiksu varo\u0146iem bija re\u0101li prototipi. Meitene ir jaunz\u0113landie\u0161u m\u0101ksliniece Kima Grova, bet tum\u0161matainais z\u0113ns ir vi\u0146as v\u012brs, it\u0101lis Roberto Kasali. Laiks iepaz\u012bt skaisto un reiz\u0113 ar\u012b skumjo m\u012blas st\u0101stu&#8230;<\/p>\n","protected":false},"excerpt":{"rendered":"Kur\u0161 gan neatceras ko\u0161\u013c\u0101jamo gumiju &#8220;Love is&#8230;&#8221;, kur\u0101 bija pasl\u0113pies pap\u012br\u012btis ar k\u0101du m\u012bl\u012bgu komiksa att\u0113lu un atzi\u0146u&hellip;\n","protected":false},"author":2,"featured_media":41152,"comment_status":"","ping_status":"","sticky":false,"template":"","format":"standard","meta":{"footnotes":""},"categories":[19],"tags":[262,89,90,35,39,38,36,37,34,11791,40,10092,762,2438,8125],"class_list":{"0":"post-41151","1":"post","2":"type-post","3":"status-publish","4":"format-standard","5":"has-post-thumbnail","7":"category-izklaide","8":"tag-attiecibas","9":"tag-entertainment","10":"tag-izklaide","11":"tag-latvia","12":"tag-latvian","13":"tag-latviesu","14":"tag-latviesu-valoda","15":"tag-latviesuvaloda","16":"tag-latvija","17":"tag-love-is","18":"tag-lv","19":"tag-makslinieks","20":"tag-milestiba","21":"tag-partnerattiecibas","22":"tag-tvnet-egoiste"},"share_on_mastodon":{"url":"https:\/\/pubeurope.com\/@lv\/115499457876163795","error":""},"_links":{"self":[{"href":"https:\/\/www.europesays.com\/lv\/wp-json\/wp\/v2\/posts\/41151","targetHints":{"allow":["GET"]}}],"collection":[{"href":"https:\/\/www.europesays.com\/lv\/wp-json\/wp\/v2\/posts"}],"about":[{"href":"https:\/\/www.europesays.com\/lv\/wp-json\/wp\/v2\/types\/post"}],"author":[{"embeddable":true,"href":"https:\/\/www.europesays.com\/lv\/wp-json\/wp\/v2\/users\/2"}],"replies":[{"embeddable":true,"href":"https:\/\/www.europesays.com\/lv\/wp-json\/wp\/v2\/comments?post=41151"}],"version-history":[{"count":0,"href":"https:\/\/www.europesays.com\/lv\/wp-json\/wp\/v2\/posts\/41151\/revisions"}],"wp:featuredmedia":[{"embeddable":true,"href":"https:\/\/www.europesays.com\/lv\/wp-json\/wp\/v2\/media\/41152"}],"wp:attachment":[{"href":"https:\/\/www.europesays.com\/lv\/wp-json\/wp\/v2\/media?parent=41151"}],"wp:term":[{"taxonomy":"category","embeddable":true,"href":"https:\/\/www.europesays.com\/lv\/wp-json\/wp\/v2\/categories?post=41151"},{"taxonomy":"post_tag","embeddable":true,"href":"https:\/\/www.europesays.com\/lv\/wp-json\/wp\/v2\/tags?post=41151"}],"curies":[{"name":"wp","href":"https:\/\/api.w.org\/{rel}","templated":true}]}}