{"id":41155,"date":"2025-11-05T22:34:23","date_gmt":"2025-11-05T22:34:23","guid":{"rendered":"https:\/\/www.europesays.com\/lv\/41155\/"},"modified":"2025-11-05T22:34:23","modified_gmt":"2025-11-05T22:34:23","slug":"palikt-vai-izstaties-lemumu-par-stambulas-konvencijas-nakotni-pienems-nakama-saeima","status":"publish","type":"post","link":"https:\/\/www.europesays.com\/lv\/41155\/","title":{"rendered":"Palikt vai izst\u0101ties? L\u0113mumu par Stambulas konvencijas n\u0101kotni pie\u0146ems n\u0101kam\u0101 Saeima"},"content":{"rendered":"<p>Par izst\u0101\u0161anos nobalsoja 56 deput\u0101ti, pret bija 32 JV un &#8220;Progres\u012bvo&#8221; politi\u0137i, bet divi deput\u0101ti &#8211; Igors Rajevs un Didzis \u0160mits &#8211; attur\u0113j\u0101s. Debates par likumprojektu ilga vair\u0101k nek\u0101 13 stundas.<\/p>\n<p>Saeimas vair\u0101kuma atbalst\u012bt\u0101 izst\u0101\u0161an\u0101s no konvencijas izrais\u012bja pla\u0161u sabiedr\u012bbas neapmierin\u0101t\u012bbu, gan parakstot aicin\u0101jumus politi\u0137iem l\u0113mumu p\u0101rskat\u012bt, gan pulc\u0113joties sen nebiju\u0161i liel\u0101 protesta akcij\u0101. Savuk\u0101rt ZZS l\u0113mums pieslieties opoz\u012bcijai Stambulas konvencijas jaut\u0101jum\u0101 noveda pie faktiska Evikas Sili\u0146as (JV) vald\u012bbas koal\u012bcijas sabrukuma, valdot augstai neuztic\u012bbai starp koal\u012bcijas partneriem un tiem savstarp\u0113ji apmainoties ar asiem pazi\u0146ojumiem.<\/p>\n<p>Gan daudzas nevalstisk\u0101s organiz\u0101cijas, gan partijas JV un &#8220;Progres\u012bvie&#8221; iesniedza prezidentam aicin\u0101jumu \u0161o likumu neizsludin\u0101t un nodot Saeimai otrreiz\u0113jai caurl\u016bko\u0161anai.<\/p>\n<p>Vairums ekspertu un nevalstisko organiz\u0101ciju, kas str\u0101d\u0101 ar vardarb\u012bbas nov\u0113r\u0161anas jaut\u0101jumiem, iebilst pret ieceri izst\u0101ties no konvencijas, pau\u017eot ba\u017eas, ka tas mazin\u0101s cietu\u0161o aizst\u0101v\u0113\u0161anu pret vardarb\u012bbu un negat\u012bvi ietekm\u0113s Latvijas starptautisko t\u0113lu Rietumu sabiedroto ac\u012bs.<\/p>\n<p>P\u0113c Saeimas vair\u0101kuma l\u0113muma pazi\u0146ojumu izplat\u012bja ar\u012b starptautisk\u0101 cilv\u0113kties\u012bbu organiz\u0101cija &#8220;Amnesty International&#8221;. Organiz\u0101cijas vec\u0101k\u0101 speci\u0101liste sievie\u0161u ties\u012bbu jaut\u0101jumos Monika Kosta Riba v\u0113rt\u0113, ka &#8220;Latvijas izst\u0101\u0161an\u0101s no Stambulas konvencijas b\u016btu posto\u0161s trieciens valsts sievie\u0161u un meite\u0146u, k\u0101 ar\u012b visu cilv\u0113ku, kas saskaras ar vardarb\u012bbu \u0123imen\u0113, aizsardz\u012bbai un ties\u012bb\u0101m, kas s\u016bta varm\u0101k\u0101m b\u012bstamu v\u0113st\u012bjumu, ka vi\u0146i var nesod\u012bti izmantot un nogalin\u0101t sievietes un meitenes&#8221;.<\/p>\n<p>Savuk\u0101rt Eiropas Padomes Parlament\u0101r\u0101s asamblejas prezidents Teodors Rusopuls piektdien pazi\u0146oja, ka Latvijas Saeimas l\u0113mums par izst\u0101\u0161anos no Stambulas konvencijas ir b\u012bstams sign\u0101ls.<\/p>\n<p>Latvij\u0101 Eiropas Padomes Konvencija par vardarb\u012bbas pret sieviet\u0113m un vardarb\u012bbas \u0123imen\u0113 nov\u0113r\u0161anu un apkaro\u0161anu jeb t\u0101 d\u0113v\u0113t\u0101 <a href=\"https:\/\/www.tvnet.lv\/term\/610216\/stambulas-konvencija\" class=\"topicLink\" target=\"_blank\" rel=\"nofollow noopener\">Stambulas konvencija<\/a> st\u0101j\u0101s sp\u0113k\u0101 pag\u0101ju\u0161\u0101 gada 1. maij\u0101. Tas ir starptautisks l\u012bgums, kas paredz, ka t\u0101 dal\u012bbvalst\u012bm ir j\u0101izstr\u0101d\u0101 saska\u0146ota politika, lai lab\u0101k var\u0113tu aizsarg\u0101t sievietes no visu veidu vardarb\u012bbas, k\u0101 ar\u012b sievietes un v\u012brie\u0161us no vardarb\u012bbas \u0123imen\u0113. Tostarp dal\u012bbvalst\u012bm ir j\u0101nodro\u0161ina cietu\u0161ajiem vispus\u012bga pal\u012bdz\u012bba un aizsardz\u012bba, kr\u012bzes centri, kr\u012bzes t\u0101lrunis, kas darbojas diennakti, specializ\u0113tie atbalsta centri no seksu\u0101las vardarb\u012bbas cietu\u0161\u0101m person\u0101m, j\u0101aizsarg\u0101 un j\u0101atbalsta b\u0113rni, kas ir vardarb\u012bbas liecinieki.<\/p>\n","protected":false},"excerpt":{"rendered":"Par izst\u0101\u0161anos nobalsoja 56 deput\u0101ti, pret bija 32 JV un &#8220;Progres\u012bvo&#8221; politi\u0137i, bet divi deput\u0101ti &#8211; Igors Rajevs&hellip;\n","protected":false},"author":2,"featured_media":41156,"comment_status":"","ping_status":"","sticky":false,"template":"","format":"standard","meta":{"footnotes":""},"categories":[5],"tags":[23,28,29,816,32,33,22,30,31,35,39,38,36,37,34,40,20,26,27,141,2023,24,25,21],"class_list":{"0":"post-41155","1":"post","2":"type-post","3":"status-publish","4":"format-standard","5":"has-post-thumbnail","7":"category-aktualitates","8":"tag-aktualitates","9":"tag-breaking-news","10":"tag-breakingnews","11":"tag-edgars-rinkevics","12":"tag-featured-news","13":"tag-featurednews","14":"tag-headlines","15":"tag-latest-news","16":"tag-latestnews","17":"tag-latvia","18":"tag-latvian","19":"tag-latviesu","20":"tag-latviesu-valoda","21":"tag-latviesuvaloda","22":"tag-latvija","23":"tag-lv","24":"tag-news","25":"tag-popularakas-zinas","26":"tag-popularakaszinas","27":"tag-saeima","28":"tag-stambulas-konvencija","29":"tag-top-stories","30":"tag-topstories","31":"tag-zinas"},"share_on_mastodon":{"url":"https:\/\/pubeurope.com\/@lv\/115499477569626106","error":""},"_links":{"self":[{"href":"https:\/\/www.europesays.com\/lv\/wp-json\/wp\/v2\/posts\/41155","targetHints":{"allow":["GET"]}}],"collection":[{"href":"https:\/\/www.europesays.com\/lv\/wp-json\/wp\/v2\/posts"}],"about":[{"href":"https:\/\/www.europesays.com\/lv\/wp-json\/wp\/v2\/types\/post"}],"author":[{"embeddable":true,"href":"https:\/\/www.europesays.com\/lv\/wp-json\/wp\/v2\/users\/2"}],"replies":[{"embeddable":true,"href":"https:\/\/www.europesays.com\/lv\/wp-json\/wp\/v2\/comments?post=41155"}],"version-history":[{"count":0,"href":"https:\/\/www.europesays.com\/lv\/wp-json\/wp\/v2\/posts\/41155\/revisions"}],"wp:featuredmedia":[{"embeddable":true,"href":"https:\/\/www.europesays.com\/lv\/wp-json\/wp\/v2\/media\/41156"}],"wp:attachment":[{"href":"https:\/\/www.europesays.com\/lv\/wp-json\/wp\/v2\/media?parent=41155"}],"wp:term":[{"taxonomy":"category","embeddable":true,"href":"https:\/\/www.europesays.com\/lv\/wp-json\/wp\/v2\/categories?post=41155"},{"taxonomy":"post_tag","embeddable":true,"href":"https:\/\/www.europesays.com\/lv\/wp-json\/wp\/v2\/tags?post=41155"}],"curies":[{"name":"wp","href":"https:\/\/api.w.org\/{rel}","templated":true}]}}