{"id":41159,"date":"2025-11-05T22:36:08","date_gmt":"2025-11-05T22:36:08","guid":{"rendered":"https:\/\/www.europesays.com\/lv\/41159\/"},"modified":"2025-11-05T22:36:08","modified_gmt":"2025-11-05T22:36:08","slug":"ttt-riga-basketbolistes-fiba-eirokausa-piedzivo-zaudejumu","status":"publish","type":"post","link":"https:\/\/www.europesays.com\/lv\/41159\/","title":{"rendered":"&#8220;TTT R\u012bga&#8221; basketbolistes FIBA Eirokaus\u0101 piedz\u012bvo zaud\u0113jumu"},"content":{"rendered":"<p>E grupas sp\u0113l\u0113 &#8220;TTT R\u012bga&#8221; ar 59:70 (14:17, 18:11, 10:25, 17:17) zaud\u0113ja Stambulas vien\u012bbai &#8220;Emlak Konut&#8221;.<\/p>\n<p>Starp m\u0101jiniec\u0113m rezultat\u012bv\u0101k\u0101 ar 19 punktiem un septi\u0146\u0101m atl\u0113ku\u0161aj\u0101m bumb\u0101m bija <a href=\"https:\/\/sports.tvnet.lv\/term\/810764\/enija-viksne\" class=\"topicLink\" target=\"_blank\" rel=\"nofollow noopener\">Enija V\u012bksne<\/a>, Nija Bekere iekr\u0101ja 13 punktus un desmit bumbas zem groziem, kam\u0113r <a href=\"https:\/\/sports.tvnet.lv\/term\/810763\/karline-pilabere\" class=\"topicLink\" target=\"_blank\" rel=\"nofollow noopener\">Karl\u012bne Pil\u0101bere<\/a> tika pie devi\u0146iem punktiem un 12 atl\u0113ku\u0161aj\u0101m bumb\u0101m.<\/p>\n<p>Vie\u0161\u0146u uzvaru ar 21 punktu sekm\u0113ja <a href=\"https:\/\/sports.tvnet.lv\/term\/810765\/astu-ndura\" class=\"topicLink\" target=\"_blank\" rel=\"nofollow noopener\">Ast\u016b Ndura<\/a>.<\/p>\n<p>Tre\u0161dien cit\u0101 E grupas ma\u010d\u0101 Mat\u012bsa Ro\u017elapas tren\u0113t\u0101 un Lu\u012bzes Silas p\u0101rst\u0101v\u0113t\u0101 V\u0101cijas vien\u012bba Z\u0101rlu\u012b &#8220;Royals&#8221; m\u0101j\u0101s ar 55:79 (19:15, 14:24, 9:25, 13:15) zaud\u0113ja Belgradas &#8220;Crvena zvezda&#8221;.<\/p>\n<p>P\u0113c piec\u0101m k\u0101rt\u0101m piecas uzvaras ir izc\u012bn\u012bjusi &#8220;Crvena zvezda&#8221;, \u010detras &#8211; &#8220;Emlak Konut&#8221;, vienu &#8211; &#8220;TTT R\u012bga&#8221;, bet bez uzvar\u0101m ir &#8220;Royals&#8221;.<\/p>\n<p>Pirmaj\u0101 sp\u0113l\u0113 r\u012bdzinieces sav\u0101 laukum\u0101 Belgradas &#8220;Crvena zvezda&#8221; komandai zaud\u0113ja ar 66:82, otraj\u0101 c\u012b\u0146\u0101 viesos ar 56:84 piek\u0101p\u0101s Stambulas &#8220;Emlak Konut&#8221;, bet tre\u0161aj\u0101 m\u0101j\u0101s ar 75:61 p\u0101rsp\u0113ja &#8220;Royals&#8221;. Otr\u0101 ap\u013ca s\u0101kum\u0101 Latvijas vien\u012bba viesos ar 66:84 zaud\u0113ja &#8220;Crvena zvezda&#8221;.<\/p>\n<p>R\u012bdzinieces novembra beig\u0101s nosl\u0113dzo\u0161aj\u0101 grupas sp\u0113l\u0113 izbraukum\u0101 tiksies ar &#8220;Royals&#8221;.<\/p>\n<p>Pamatturn\u012br\u0101 sacen\u0161as 48 klubi, kas saloz\u0113ti 12 grup\u0101s pa \u010detr\u0101m vien\u012bb\u0101m. Izsl\u0113g\u0161anas sp\u0113l\u0113m kvalific\u0113jas katras grupas divas lab\u0101k\u0101s komandas un \u010detras lab\u0101k\u0101s tre\u0161o vietu ieguv\u0113jas. \u0160\u012bm 28 komand\u0101m v\u0113l pievienosies \u010detras vien\u012bbas, kas b\u016bs izkritu\u0161as no Eirol\u012bgas turn\u012bra.<\/p>\n<p>Iepriek\u0161\u0113j\u0101 sezon\u0101 &#8220;TTT R\u012bga&#8221; grup\u0101 uzvar\u0113ja vien\u0101 sp\u0113l\u0113, ie\u0146emot p\u0113d\u0113jo vietu un nekvalific\u0113joties &#8220;play-off&#8221; sp\u0113l\u0113m.<\/p>\n<p>Par uzvar\u0113t\u0101j\u0101m k\u013cuva Viln\u0113vas d&#8217;Askas ESBVA basketbolistes, kuras fin\u0101l\u0101 divu ma\u010du summ\u0101 ar 162:145 p\u0101rsp\u0113ja Ferrolas &#8220;Baxi&#8221; no Sp\u0101nijas.<\/p>\n","protected":false},"excerpt":{"rendered":"E grupas sp\u0113l\u0113 &#8220;TTT R\u012bga&#8221; ar 59:70 (14:17, 18:11, 10:25, 17:17) zaud\u0113ja Stambulas vien\u012bbai &#8220;Emlak Konut&#8221;. Starp m\u0101jiniec\u0113m&hellip;\n","protected":false},"author":2,"featured_media":41160,"comment_status":"","ping_status":"","sticky":false,"template":"","format":"standard","meta":{"footnotes":""},"categories":[17],"tags":[11794,11793,6303,11792,35,39,38,36,37,34,11795,40,9014,67,2150],"class_list":{"0":"post-41159","1":"post","2":"type-post","3":"status-publish","4":"format-standard","5":"has-post-thumbnail","7":"category-sports","8":"tag-astu-ndura","9":"tag-enija-viksne","10":"tag-fiba-eirokauss","11":"tag-karline-pilabere","12":"tag-latvia","13":"tag-latvian","14":"tag-latviesu","15":"tag-latviesu-valoda","16":"tag-latviesuvaloda","17":"tag-latvija","18":"tag-luize-sila","19":"tag-lv","20":"tag-matiss-rozlapa","21":"tag-sports","22":"tag-ttt-riga"},"share_on_mastodon":{"url":"https:\/\/pubeurope.com\/@lv\/115499485274885717","error":""},"_links":{"self":[{"href":"https:\/\/www.europesays.com\/lv\/wp-json\/wp\/v2\/posts\/41159","targetHints":{"allow":["GET"]}}],"collection":[{"href":"https:\/\/www.europesays.com\/lv\/wp-json\/wp\/v2\/posts"}],"about":[{"href":"https:\/\/www.europesays.com\/lv\/wp-json\/wp\/v2\/types\/post"}],"author":[{"embeddable":true,"href":"https:\/\/www.europesays.com\/lv\/wp-json\/wp\/v2\/users\/2"}],"replies":[{"embeddable":true,"href":"https:\/\/www.europesays.com\/lv\/wp-json\/wp\/v2\/comments?post=41159"}],"version-history":[{"count":0,"href":"https:\/\/www.europesays.com\/lv\/wp-json\/wp\/v2\/posts\/41159\/revisions"}],"wp:featuredmedia":[{"embeddable":true,"href":"https:\/\/www.europesays.com\/lv\/wp-json\/wp\/v2\/media\/41160"}],"wp:attachment":[{"href":"https:\/\/www.europesays.com\/lv\/wp-json\/wp\/v2\/media?parent=41159"}],"wp:term":[{"taxonomy":"category","embeddable":true,"href":"https:\/\/www.europesays.com\/lv\/wp-json\/wp\/v2\/categories?post=41159"},{"taxonomy":"post_tag","embeddable":true,"href":"https:\/\/www.europesays.com\/lv\/wp-json\/wp\/v2\/tags?post=41159"}],"curies":[{"name":"wp","href":"https:\/\/api.w.org\/{rel}","templated":true}]}}