{"id":41161,"date":"2025-11-05T22:40:21","date_gmt":"2025-11-05T22:40:21","guid":{"rendered":"https:\/\/www.europesays.com\/lv\/41161\/"},"modified":"2025-11-05T22:40:21","modified_gmt":"2025-11-05T22:40:21","slug":"situacija-pokrovska-ir-kritiska-secina-deepstate-apollo-lv","status":"publish","type":"post","link":"https:\/\/www.europesays.com\/lv\/41161\/","title":{"rendered":"Situ\u0101cija Pokrovsk\u0101 ir kritiska, secina &quot;DeepState&quot; &#8211; Apollo.lv"},"content":{"rendered":"<ol>\n<li><a href=\"https:\/\/news.google.com\/rss\/articles\/CBMihAFBVV95cUxQb2Z2U3pyQVVwNHFkX1o2WTB4cDZxUWUwQWZBNGFnUm5QUUozYklyX3N3UjNKZEk4TE9tMGVDZDZnRWxEQW1GVTBsajZBX0lOTGZPQkJidEhiSkNIekNuMlpEaTI2dU84bFVTc2VoUkx6UEVUTzJkOGxRRmdFbS00NWI5b2g?oc=5\" target=\"_blank\" rel=\"nofollow noopener\">Situ\u0101cija Pokrovsk\u0101 ir kritiska, secina &#8220;DeepState&#8221;<\/a>&nbsp;&nbsp;Apollo.lv<\/li>\n<li><a href=\"https:\/\/news.google.com\/rss\/articles\/CBMi6AFBVV95cUxNbkZmLV9Rc1VfRzZ3bUtwX0h3NnAxOWNfOU45M2pCSUU3OHdJMzJiVHFiQkdwRU5PQ0c0eVQ4LXVtRTk4cXlBTzdkdGhqYTNyNjJKRWpyUnFxc285bnRXSnJxOENzeVRZSzdaU3ZuT2JsN0NPdm1mbDJCeGlicm5IcWhtMXJKUzVWanpibUtrRU92YW1HZ1p1TC1RQnl1YW51UVFKZmlLLTg4NU4tSHU5S2dtVzktekF4azF3R203d191SkQxSS1HWlJqc3BkUm1ySDJNX0tGcEwtd2M3ZmFqTnRHUTU0Szhs?oc=5\" target=\"_blank\" rel=\"nofollow noopener\">Ukraina cen\u0161as nepie\u013caut Krievijas karav\u012bru nostiprin\u0101\u0161anos Pokrovsk\u0101; pils\u0113t\u0101 saimnieko droni<\/a>&nbsp;&nbsp;LSM<\/li>\n<li><a href=\"https:\/\/news.google.com\/rss\/articles\/CBMigAFBVV95cUxNSE1qQ0ktYkhhQllkZ0czakRGWXdENDJYQVc4enV0NGFyTGZrMEVjWWdGc0hYTURTalFhaUpZbDRlS0ZGRGZBdmhheTFqd1AyTHo0YXJiT3ZFaWNSTEZfU3Yya3djSFo1RUo0dE5UMExxeWtRWTQ3NGUzb09KdTVyVw?oc=5\" target=\"_blank\" rel=\"nofollow noopener\">Situ\u0101cija Pokrovsk\u0101 ir kritiska, zi\u0146o &#8220;DeepState&#8221;<\/a>&nbsp;&nbsp;TVNET<\/li>\n<li><a href=\"https:\/\/news.google.com\/rss\/articles\/CBMi2gFBVV95cUxQSFFvMUtzZ2RoZ0lTODdHUVdycWg1T044c3RuWk55MGgzaTVxeHppdlV4NXliaHk5OG11cHFJa1F3YWpfRnpUaHpJZDBmLTUxQXU0SVJBSmk3eWxhMmItMENFSmhvN0ZBUnh1bnVFOU1ZaHNlZjdTUzMyb3gyaVM3ZXh6VWRWWHlKX2tPb2FaRzJEaU55N2pSNFc4SWVmUG12V1ktZGFHaHlLNUdxYXJzS2JPSkJoVTJvRVpQbGlsR0xCd2xqTjVtbWUyNjF0bmhhcHBKZGhXZU1Bdw?oc=5\" target=\"_blank\" rel=\"nofollow noopener\">Ukrainas desantnieks atkl\u0101j, ka nelielas krievu grupas civil\u0101s dr\u0113b\u0113s virz\u0101s uz dienvidiem no Pokrovskas<\/a>&nbsp;&nbsp;Jauns.lv<\/li>\n<li><a href=\"https:\/\/news.google.com\/rss\/articles\/CBMiygFBVV95cUxPWW56SHZsQzF0VDRvcERlVmFQNTRVeXZMWjUtQl9ZSVZqem5QUk5ZUThvWFdiNU91Zjl5aWV5MldYQ0Z1Ykl5bEVQbTk3em84ZHY2bl9pNVVSaVI5SU5xZ0hOZl9FM0p6VXVaenRlNy04Z0xNS3E5SWt0Tm51OF9tYUZES3hzRTRmd21iLVA1Nm8tUlhObVkzU3M1enZKQ0tCU25LYjN2d3ViYWIyRHZBdFEyb0E5ZGllc014X2RIX0dsbG1PYmxCZ0xn?oc=5\" target=\"_blank\" rel=\"nofollow noopener\">Ukrainas specvien\u012bbu sp\u0113ki izlauzu\u0161ies uz Pokrovsku \u2013 public\u0113 unik\u0101lus kaujas kadrus<\/a>&nbsp;&nbsp;Delfi<\/li>\n<\/ol>\n","protected":false},"excerpt":{"rendered":"Situ\u0101cija Pokrovsk\u0101 ir kritiska, secina &#8220;DeepState&#8221;&nbsp;&nbsp;Apollo.lv Ukraina cen\u0161as nepie\u013caut Krievijas karav\u012bru nostiprin\u0101\u0161anos Pokrovsk\u0101; pils\u0113t\u0101 saimnieko droni&nbsp;&nbsp;LSM Situ\u0101cija Pokrovsk\u0101&hellip;\n","protected":false},"author":2,"featured_media":41162,"comment_status":"","ping_status":"","sticky":false,"template":"","format":"standard","meta":{"footnotes":""},"categories":[5],"tags":[23,28,29,32,33,22,234,74,30,31,35,39,38,36,37,34,40,20,26,27,24,25,276,21],"class_list":{"0":"post-41161","1":"post","2":"type-post","3":"status-publish","4":"format-standard","5":"has-post-thumbnail","7":"category-aktualitates","8":"tag-aktualitates","9":"tag-breaking-news","10":"tag-breakingnews","11":"tag-featured-news","12":"tag-featurednews","13":"tag-headlines","14":"tag-krievija","15":"tag-krievijas-iebrukums-ukraina","16":"tag-latest-news","17":"tag-latestnews","18":"tag-latvia","19":"tag-latvian","20":"tag-latviesu","21":"tag-latviesu-valoda","22":"tag-latviesuvaloda","23":"tag-latvija","24":"tag-lv","25":"tag-news","26":"tag-popularakas-zinas","27":"tag-popularakaszinas","28":"tag-top-stories","29":"tag-topstories","30":"tag-ukraina","31":"tag-zinas"},"share_on_mastodon":{"url":"https:\/\/pubeurope.com\/@lv\/115499501286351125","error":""},"_links":{"self":[{"href":"https:\/\/www.europesays.com\/lv\/wp-json\/wp\/v2\/posts\/41161","targetHints":{"allow":["GET"]}}],"collection":[{"href":"https:\/\/www.europesays.com\/lv\/wp-json\/wp\/v2\/posts"}],"about":[{"href":"https:\/\/www.europesays.com\/lv\/wp-json\/wp\/v2\/types\/post"}],"author":[{"embeddable":true,"href":"https:\/\/www.europesays.com\/lv\/wp-json\/wp\/v2\/users\/2"}],"replies":[{"embeddable":true,"href":"https:\/\/www.europesays.com\/lv\/wp-json\/wp\/v2\/comments?post=41161"}],"version-history":[{"count":0,"href":"https:\/\/www.europesays.com\/lv\/wp-json\/wp\/v2\/posts\/41161\/revisions"}],"wp:featuredmedia":[{"embeddable":true,"href":"https:\/\/www.europesays.com\/lv\/wp-json\/wp\/v2\/media\/41162"}],"wp:attachment":[{"href":"https:\/\/www.europesays.com\/lv\/wp-json\/wp\/v2\/media?parent=41161"}],"wp:term":[{"taxonomy":"category","embeddable":true,"href":"https:\/\/www.europesays.com\/lv\/wp-json\/wp\/v2\/categories?post=41161"},{"taxonomy":"post_tag","embeddable":true,"href":"https:\/\/www.europesays.com\/lv\/wp-json\/wp\/v2\/tags?post=41161"}],"curies":[{"name":"wp","href":"https:\/\/api.w.org\/{rel}","templated":true}]}}