{"id":41175,"date":"2025-11-05T23:27:09","date_gmt":"2025-11-05T23:27:09","guid":{"rendered":"https:\/\/www.europesays.com\/lv\/41175\/"},"modified":"2025-11-05T23:27:09","modified_gmt":"2025-11-05T23:27:09","slug":"faktomats-%e2%9f%a9-kads-labums-no-stambulas-konvencijas","status":"publish","type":"post","link":"https:\/\/www.europesays.com\/lv\/41175\/","title":{"rendered":"FAKTOM\u0100TS \u27e9 K\u0101ds labums no Stambulas konvencijas"},"content":{"rendered":"<p>Ekspertu grupa c\u012b\u0146ai pret vardarb\u012bbu pret sieviet\u0113m un vardarb\u012bbu \u0123imen\u0113 (Group of Experts on Action against Violence against Women and Domestic Violence, GREVIO) uzrauga, k\u0101 Latvija pilda savas saist\u012bbas saska\u0146\u0101 ar Stambulas konvenciju.<\/p>\n<p>Tas noz\u012bm\u0113, ka Latvija regul\u0101ri iesniedz zi\u0146ojumus GREVIO (pirmais un pagaid\u0101m vien\u012bgais no tiem ir k\u013cuvis par \u0161\u012b raksta pamatu). Turkl\u0101t Latvij\u0101 regul\u0101ri viesojas eksperti, lai person\u012bgi nov\u0113rt\u0113tu notieko\u0161o.<\/p>\n<p>P\u0113c neticamas apst\u0101k\u013cu sakrit\u012bbas ekspertu pirm\u0101 viz\u012bte notiek tie\u0161i tagad \u2013 no 3. l\u012bdz 7. novembrim.<\/p>\n<p>GREVIO eksperti tiksies ar Iek\u0161lietu ministrijas, Valsts policijas, Tieslietu ministrijas, Izgl\u012bt\u012bbas ministrijas, Vesel\u012bbas ministrijas, Kult\u016bras ministrijas un citu valsts iest\u0101\u017eu p\u0101rst\u0101vjiem, k\u0101 ar\u012b tiksies ar NVO un Ties\u012bbsarga biroja p\u0101rst\u0101vjiem.<\/p>\n<p>T\u0101d\u0113j\u0101di Latvijas vald\u012bbas darbam tiek nodro\u0161in\u0101ts papildu kontroles l\u012bmenis, kas \u013cauj ar liel\u0101ku p\u0101rliec\u012bbu apgalvot, ka viss sol\u012btais un nepiecie\u0161amais tiks izdar\u012bts.<\/p>\n<p>Svar\u012bgi preciz\u0113t, ka Latvija ratific\u0113ja Stambulas konvenciju 2023. gada 30. novembr\u012b. Un t\u0101 st\u0101j\u0101s sp\u0113k\u0101 2024. gada 10. maij\u0101 \u2013 tikai pirms pusotra gada. \u0160aj\u0101 rakst\u0101 m\u0113s koncentr\u0113j\u0101mies tie\u0161i uz to, kas paveikts p\u0113d\u0113jo pusotra\u2013divu gadu laik\u0101.<\/p>\n<p>Vienlaikus laik\u0101 j\u0101atceras, ka Latvija konvenciju parakst\u012bja jau 2016. gada 18. maij\u0101. Un \u013coti daudz no zi\u0146ojum\u0101 min\u0113taj\u0101m liet\u0101m tika paveiktas tie\u0161i 2016.\u20132023. gada period\u0101, tostarp pateicoties konvencijas parakst\u012b\u0161anai: atsevi\u0161\u0137as programmas, likumprojekti, pal\u012bdz\u012bbas t\u0101lru\u0146i utt. T\u0101tad Stambulas konvencijai ir \u013coti konkr\u0113ta lietder\u012bba.<\/p>\n<p>V\u0113l viens no konvencijas denons\u0113\u0161anas atbalst\u012bt\u0101ju argumentiem skan \u0161\u0101di: \u201eM\u0113s varam aizst\u0101v\u0113t sievietes un vardarb\u012bbas \u0123imen\u0113 upurus ar\u012b bez konvencijas.\u201d<\/p>\n<p>Varb\u016bt ar\u012b varam. Bet kaut k\u0101du iemeslu d\u0113\u013c neaizst\u0101v\u0113j\u0101m.<\/p>\n<p>Projektu \u201cFaktom\u0101ts\u201d jeb \u201cTruth Flash\u201d atbalsta Eiropas Mediju un inform\u0101cijas fonds (EMIF). Pilna atbild\u012bba par jebk\u0101du EMIF atbalst\u012bto projektu saturu gulstas uz \u0161\u012b satura autoru (-iem) un \u0161is saturs var nesakrist ar EMIF un fonda partneru \u2013 Kalsta Gulbenkiana fonda un Eiropas Universit\u0101tes instit\u016bta \u2013 poz\u012bciju.<\/p>\n<p><img decoding=\"async\" class=\"figure__image\" onclick=\"triggerEvent('articleImageClick', { id: 16863903, focus: 'single-image', focusIndex: '16863903' })\" onkeydown=\"if (event.key === 'Enter') {&#10;        triggerEvent('articleImageClick', { id: 16863903, focus: 'single-image', focusIndex: '16863903' })&#10;        }\" role=\"button\" tabindex=\"0\" data-focus-from=\"single-image\" data-focus-index=\"16863903\" src=\"https:\/\/www.europesays.com\/lv\/wp-content\/uploads\/2025\/10\/16863903t1h2286.png\" onload=\"this.parentElement.classList.remove('figure__image-loading')\" alt=\"&quot;Faktom\u0101ta&quot; logo\"\/>&#8220;Faktom\u0101ta&#8221; logo Foto: Publicit\u0101tes foto<\/p>\n","protected":false},"excerpt":{"rendered":"Ekspertu grupa c\u012b\u0146ai pret vardarb\u012bbu pret sieviet\u0113m un vardarb\u012bbu \u0123imen\u0113 (Group of Experts on Action against Violence against&hellip;\n","protected":false},"author":2,"featured_media":41176,"comment_status":"","ping_status":"","sticky":false,"template":"","format":"standard","meta":{"footnotes":""},"categories":[12],"tags":[23,11800,28,29,11801,6647,32,33,11798,22,30,31,35,39,38,36,37,34,11796,40,20,11797,26,27,141,11799,2023,2756,24,25,6650,7357,21],"class_list":{"0":"post-41175","1":"post","2":"type-post","3":"status-publish","4":"format-standard","5":"has-post-thumbnail","7":"category-latvija","8":"tag-aktualitates","9":"tag-bernu-aizsardziba","10":"tag-breaking-news","11":"tag-breakingnews","12":"tag-elektroniska-uzraudziba","13":"tag-faktomats","14":"tag-featured-news","15":"tag-featurednews","16":"tag-grevio-uzraudziba","17":"tag-headlines","18":"tag-latest-news","19":"tag-latestnews","20":"tag-latvia","21":"tag-latvian","22":"tag-latviesu","23":"tag-latviesu-valoda","24":"tag-latviesuvaloda","25":"tag-latvija","26":"tag-latvijas-likumdosana","27":"tag-lv","28":"tag-news","29":"tag-nvo-politika","30":"tag-popularakas-zinas","31":"tag-popularakaszinas","32":"tag-saeima","33":"tag-sociala-rehabilitacija","34":"tag-stambulas-konvencija","35":"tag-tiesibsarga-birojs","36":"tag-top-stories","37":"tag-topstories","38":"tag-truth-flash","39":"tag-vardarbibas-noversana","40":"tag-zinas"},"share_on_mastodon":{"url":"","error":"Validation failed: Text character limit of 500 exceeded"},"_links":{"self":[{"href":"https:\/\/www.europesays.com\/lv\/wp-json\/wp\/v2\/posts\/41175","targetHints":{"allow":["GET"]}}],"collection":[{"href":"https:\/\/www.europesays.com\/lv\/wp-json\/wp\/v2\/posts"}],"about":[{"href":"https:\/\/www.europesays.com\/lv\/wp-json\/wp\/v2\/types\/post"}],"author":[{"embeddable":true,"href":"https:\/\/www.europesays.com\/lv\/wp-json\/wp\/v2\/users\/2"}],"replies":[{"embeddable":true,"href":"https:\/\/www.europesays.com\/lv\/wp-json\/wp\/v2\/comments?post=41175"}],"version-history":[{"count":0,"href":"https:\/\/www.europesays.com\/lv\/wp-json\/wp\/v2\/posts\/41175\/revisions"}],"wp:featuredmedia":[{"embeddable":true,"href":"https:\/\/www.europesays.com\/lv\/wp-json\/wp\/v2\/media\/41176"}],"wp:attachment":[{"href":"https:\/\/www.europesays.com\/lv\/wp-json\/wp\/v2\/media?parent=41175"}],"wp:term":[{"taxonomy":"category","embeddable":true,"href":"https:\/\/www.europesays.com\/lv\/wp-json\/wp\/v2\/categories?post=41175"},{"taxonomy":"post_tag","embeddable":true,"href":"https:\/\/www.europesays.com\/lv\/wp-json\/wp\/v2\/tags?post=41175"}],"curies":[{"name":"wp","href":"https:\/\/api.w.org\/{rel}","templated":true}]}}