{"id":41181,"date":"2025-11-06T00:02:09","date_gmt":"2025-11-06T00:02:09","guid":{"rendered":"https:\/\/www.europesays.com\/lv\/41181\/"},"modified":"2025-11-06T00:02:09","modified_gmt":"2025-11-06T00:02:09","slug":"eiropas-savieniba-jaunas-dalibvalstis-varetu-uznemt-lidz-2030-gadam-raksts","status":"publish","type":"post","link":"https:\/\/www.europesays.com\/lv\/41181\/","title":{"rendered":"Eiropas Savien\u012bba jaunas dal\u012bbvalstis var\u0113tu uz\u0146emt l\u012bdz 2030. gadam \/ Raksts"},"content":{"rendered":"<p>Eiropas Komisija (EK) katru gadu izv\u0113rt\u0113,\u00a0k\u0101ds ir progress, ko papla\u0161in\u0101\u0161an\u0101s proces\u0101 iesaist\u012bt\u0101s valstis pan\u0101ku\u0161as p\u0113d\u0113jo 12 m\u0113ne\u0161u laik\u0101. Eiropas Savien\u012bbas (ES) augst\u0101 p\u0101rst\u0101ve \u0101rliet\u0101s Kaja Kallasa atz\u012bst, ka jaunas dal\u012bbvalstis var\u0113tu uz\u0146emt l\u012bdz 2030. gadam.\u00a0<\/p>\n<p>10 valstis\u00a0ir ce\u013c\u0101 uz iest\u0101\u0161anos ES,\u00a0bet to politisk\u0101 v\u0113lme patie\u0161\u0101m iest\u0101ties un paveiktie reformu m\u0101jasdarbi iez\u012bm\u0113 \u013coti at\u0161\u0137ir\u012bgu ainu. EK izv\u0113rt\u0113jusi Melnkalnes, Alb\u0101nijas, Ukrainas, Moldovas, Serbijas, Zieme\u013cma\u0137edonijas, Bosnijas un Hercegovinas, Kosovas, Turcijas un Gruzijas progresu.\u00a0<\/p>\n<p>&#8220;M\u0113s nemekl\u0113sim \u0101trus ce\u013cus un nepied\u0101v\u0101sim nek\u0101dus \u012bs\u0101kos ce\u013cus. Pievieno\u0161an\u0101s Eiropas Savien\u012bbai joproj\u0101m ir taisn\u012bgs, gr\u016bts un uz nopelniem balst\u012bts process. Ta\u010du tagad jaunu valstu pievieno\u0161an\u0101s Eiropas Savien\u012bbai l\u012bdz 2030. gadam ir re\u0101listisks m\u0113r\u0137is,&#8221; teica Kallasa.\u00a0<\/p>\n<blockquote>\n<p>Ja par padar\u012bto 12 m\u0113ne\u0161os liktu atz\u012bmes,\u00a0tad vispozit\u012bv\u0101kais progresa zi\u0146ojums ir par Melnkalni, tai seko Alb\u0101nija, kurai var\u0113tu ielikt atz\u012bmi &#8220;A&#8221;, Moldovai \u2013 &#8220;B&#8221;\u00a0ar plusu, un Ukrainai \u2013 stabilu &#8220;B&#8221;.\u00a0<\/p>\n<\/blockquote>\n<p>Zieme\u013cma\u0137edonija tiktu pie &#8220;C&#8221;.\u00a0Neskatoties uz nosaukuma mai\u0146u 2019. gad\u0101, t\u0101s str\u012bda ar Grie\u0137iju atrisin\u0101\u0161anu\u00a0joproj\u0101m kav\u0113 v\u0113stures un valodas konflikts ar Bulg\u0101riju.\u00a0<\/p>\n<p>Serbija un Bosnija un Hercegovina ir iestr\u0113gu\u0161as politisk\u0101s kr\u012bz\u0113s, kas ir aptur\u0113jis to progresu.\u00a0<\/p>\n<p>Savuk\u0101rt Gruzija, kas piedz\u012bvo atpaka\u013cvirz\u012bbu demokr\u0101tisk\u0101 re\u017e\u012bma jaut\u0101jum\u0101,\u00a0sa\u0146emtu negat\u012bvu atz\u012bmi.\u00a0<\/p>\n<p>Kosova tehniski nav ES kandid\u0101tvalsts, jo piecas ES dal\u012bbvalstis to pa\u0161laik neatz\u012bst k\u0101 neatkar\u012bgu valsti.\u00a0<\/p>\n<p>Turcijas pieteikums dal\u012bbai ir bijis iesald\u0113ts kop\u0161 2018. gada tiesiskuma un cilv\u0113kties\u012bbu probl\u0113mu d\u0113\u013c.\u00a0<\/p>\n<blockquote>\n<p>Valstis, kas re\u0101li var\u0113tu iest\u0101ties ES n\u0101kamo piecu\u00a0gadu laik\u0101, ir Melnkalne un Alb\u0101nija.\u00a0<\/p>\n<\/blockquote>\n<p>Abas ir nelielas, proti,\u00a0Melnkaln\u0113 dz\u012bvo\u00a0600 000\u00a0iedz\u012bvot\u0101ju, bet\u00a0Alb\u0101nij\u0101 \u2013 2,7 miljoni, t\u0101p\u0113c \u0161o valstu uz\u0146em\u0161ana b\u016btu &#8220;bez liel\u0101m finansi\u0101l\u0101m sek\u0101m&#8221;, kas svar\u012bgi eso\u0161aj\u0101m dal\u012bbvalst\u012bm.\u00a0<\/p>\n<p>EK uzslav\u0113ja ar\u012b Ukrainas progresu.<\/p>\n<p>&#8220;Ukraina ir apliecin\u0101jusi savu ap\u0146em\u0161anos virz\u012bties uz ES, ejot uz priek\u0161u svar\u012bgu reformu jom\u0101 pat laik\u0101, kad valst\u012b ir kar\u0161, kad uz valsti kr\u012bt bumbas. Un es patiesi apbr\u012bnoju to, ko \u0161\u012b valsts dara. Protams, c\u012b\u0146\u0101 pret korupciju ir nepiecie\u0161ams turpm\u0101ks un stabils progress,&#8221; zi\u0146oja\u00a0Marta Kosa, ES papla\u0161in\u0101\u0161an\u0101s komis\u0101re.\u00a0<\/p>\n<p>Ta\u010du Ukraina, kuras pirmskara iedz\u012bvot\u0101ju skaits bija 41 miljons un kurai b\u016bs milz\u012bgas rekonstrukcijas vajadz\u012bbas, ir gr\u016bt\u0101k uz\u0146emama, jo tas rad\u012bs gr\u016btas izv\u0113les cit\u0101m ES fondu sa\u0146\u0113m\u0113jvalst\u012bm.<\/p>\n<p>                    Valodas k\u013c\u016bda rakst\u0101?<\/p>\n<p class=\"d-none d-md-block\">Iez\u012bm\u0113jiet tekstu un spiediet Ctrl+Enter, lai nos\u016bt\u012btu labojamo teksta fragmentu redaktoram! Par faktu k\u013c\u016bd\u0101m l\u016bdzam zi\u0146ot e-past\u0101 <a href=\"https:\/\/www.lsm.lv\/cdn-cgi\/l\/email-protection\" class=\"__cf_email__\" data-cfemail=\"3d4f58595c565e54575c7d514e5013514b\" rel=\"nofollow noopener\" target=\"_blank\">[email\u00a0protected]<\/a>.<\/p>\n<p class=\"d-md-none\">Iez\u012bm\u0113jiet tekstu un spiediet uz Zi\u0146ot par k\u013c\u016bdu pogas, lai nos\u016bt\u012btu labojamo teksta fragmentu redaktoram!<\/p>\n<p>\n                    Zi\u0146ot par k\u013c\u016bdu\n                <\/p>\n","protected":false},"excerpt":{"rendered":"Eiropas Komisija (EK) katru gadu izv\u0113rt\u0113,\u00a0k\u0101ds ir progress, ko papla\u0161in\u0101\u0161an\u0101s proces\u0101 iesaist\u012bt\u0101s valstis pan\u0101ku\u0161as p\u0113d\u0113jo 12 m\u0113ne\u0161u laik\u0101.&hellip;\n","protected":false},"author":2,"featured_media":41182,"comment_status":"","ping_status":"","sticky":false,"template":"","format":"standard","meta":{"footnotes":""},"categories":[14],"tags":[23,57,28,29,32,33,22,30,31,35,39,38,36,37,34,40,20,26,27,24,25,54,55,56,21,58],"class_list":{"0":"post-41181","1":"post","2":"type-post","3":"status-publish","4":"format-standard","5":"has-post-thumbnail","7":"category-zinas-no-arvalstim","8":"tag-aktualitates","9":"tag-arvalstim","10":"tag-breaking-news","11":"tag-breakingnews","12":"tag-featured-news","13":"tag-featurednews","14":"tag-headlines","15":"tag-latest-news","16":"tag-latestnews","17":"tag-latvia","18":"tag-latvian","19":"tag-latviesu","20":"tag-latviesu-valoda","21":"tag-latviesuvaloda","22":"tag-latvija","23":"tag-lv","24":"tag-news","25":"tag-popularakas-zinas","26":"tag-popularakaszinas","27":"tag-top-stories","28":"tag-topstories","29":"tag-world","30":"tag-world-news","31":"tag-worldnews","32":"tag-zinas","33":"tag-zinas-no-arvalstim"},"share_on_mastodon":{"url":"https:\/\/pubeurope.com\/@lv\/115499823449813134","error":""},"_links":{"self":[{"href":"https:\/\/www.europesays.com\/lv\/wp-json\/wp\/v2\/posts\/41181","targetHints":{"allow":["GET"]}}],"collection":[{"href":"https:\/\/www.europesays.com\/lv\/wp-json\/wp\/v2\/posts"}],"about":[{"href":"https:\/\/www.europesays.com\/lv\/wp-json\/wp\/v2\/types\/post"}],"author":[{"embeddable":true,"href":"https:\/\/www.europesays.com\/lv\/wp-json\/wp\/v2\/users\/2"}],"replies":[{"embeddable":true,"href":"https:\/\/www.europesays.com\/lv\/wp-json\/wp\/v2\/comments?post=41181"}],"version-history":[{"count":0,"href":"https:\/\/www.europesays.com\/lv\/wp-json\/wp\/v2\/posts\/41181\/revisions"}],"wp:featuredmedia":[{"embeddable":true,"href":"https:\/\/www.europesays.com\/lv\/wp-json\/wp\/v2\/media\/41182"}],"wp:attachment":[{"href":"https:\/\/www.europesays.com\/lv\/wp-json\/wp\/v2\/media?parent=41181"}],"wp:term":[{"taxonomy":"category","embeddable":true,"href":"https:\/\/www.europesays.com\/lv\/wp-json\/wp\/v2\/categories?post=41181"},{"taxonomy":"post_tag","embeddable":true,"href":"https:\/\/www.europesays.com\/lv\/wp-json\/wp\/v2\/tags?post=41181"}],"curies":[{"name":"wp","href":"https:\/\/api.w.org\/{rel}","templated":true}]}}