{"id":41213,"date":"2025-11-06T03:05:07","date_gmt":"2025-11-06T03:05:07","guid":{"rendered":"https:\/\/www.europesays.com\/lv\/41213\/"},"modified":"2025-11-06T03:05:07","modified_gmt":"2025-11-06T03:05:07","slug":"valsts-svetku-menesi-latviju-pieskandinas-koncerti-dazadas-pilsetas-lente-lv","status":"publish","type":"post","link":"https:\/\/www.europesays.com\/lv\/41213\/","title":{"rendered":"Valsts sv\u0113tku m\u0113nes\u012b Latviju pieskandin\u0101s koncerti da\u017e\u0101d\u0101s pils\u0113t\u0101s\u00a0\u2014\u00a0Lente.lv"},"content":{"rendered":"<p>Sv\u0113tku koncertu vilnis Latvij\u0101: sviniet valsts dzim\u0161anas dienu ar m\u016bziku!<\/p>\n<p>Gaidot Latvijas 107. dzim\u0161anas dienu, Latvijas valsts sv\u0113tku m\u0113nesis \u0161ogad izce\u013cas ar bag\u0101t\u012bgu un daudzveid\u012bgu koncertu kl\u0101stu vis\u0101 Latvijas teritorij\u0101. VSIA &#8220;Latvijas koncerti&#8221; sadarb\u012bb\u0101 ar Kult\u016bras ministriju aicina ikvienu svin\u0113t \u0161o \u012bpa\u0161o notikumu, baudot augstv\u0113rt\u012bgu m\u016bziku da\u017e\u0101d\u0101s pils\u0113t\u0101s.<\/p>\n<p>Koncertu maratons atdz\u012bvin\u0101s Latvijas pils\u0113tas<\/p>\n<p>Sv\u0113tku priek\u0161vakar\u0101 un valsts sv\u0113tku m\u0113nes\u012b Latvijas iedz\u012bvot\u0101ji un viesi tiek aicin\u0101ti uz aizraujo\u0161iem muzik\u0101liem notikumiem, kas norisin\u0101sies ne tikai galvaspils\u0113t\u0101 R\u012bg\u0101, bet ar\u012b cit\u0101s noz\u012bm\u012bg\u0101s Latvijas pils\u0113t\u0101s. \u0160ogad \u012bpa\u0161a uzman\u012bba piev\u0113rsta pla\u0161\u0101kai \u0123eogr\u0101fiskajai sasniedzam\u012bbai, sniedzot iesp\u0113ju baud\u012bt sv\u0113tku atmosf\u0113ru ar\u012b re\u0123ionos. Koncerti notiks J\u016brmal\u0101, R\u0113zekn\u0113, Smilten\u0113, Aloj\u0101 un In\u010dukaln\u0101, apliecinot v\u0113lmi sv\u0113tku prieku un kult\u016bras baud\u012bjumu dal\u012bt ar p\u0113c iesp\u0113jas pla\u0161\u0101ku auditoriju.<\/p>\n<p>Da\u017e\u0101du \u017eanru un izpild\u012bt\u0101ju pied\u0101v\u0101jums<\/p>\n<p>Programm\u0101 iek\u013cauti gan latvie\u0161u komponistu ska\u0146darbi, gan pasaules klasikas p\u0113rles, gan ar\u012b m\u016bsdienu m\u016bzikas interpret\u0101cijas. Gaid\u0101mi gan lieli or\u0137estru koncerti, gan int\u012bm\u0101ki kameransamb\u013cu priek\u0161nesumi, gan ar\u012b tautas m\u016bzikas un koru izpild\u012bjums. &#8220;Latvijas koncerti&#8221; sola pla\u0161u \u017eanru un izpild\u012bt\u0101ju kl\u0101stu, lai ikviens apmekl\u0113t\u0101js atrastu kaut ko sev piem\u0113rotu. \u0160\u012b iniciat\u012bva ir k\u0101 spo\u017ea d\u0101vana Latvijai un t\u0101s cilv\u0113kiem, kas \u013cauj izjust patriotisko pacil\u0101jumu un vienot\u012bbu caur m\u016bzikas valodu.<\/p>\n<p>Kult\u016bras ministrijas un &#8220;Latvijas koncerti&#8221; kop\u012bgais redz\u0113jums<\/p>\n<p>Sadarb\u012bba starp Kult\u016bras ministriju un VSIA &#8220;Latvijas koncerti&#8221; apliecina abu instit\u016bciju ap\u0146em\u0161anos stiprin\u0101t Latvijas kult\u016bras dz\u012bvi un nodro\u0161in\u0101t t\u0101s pieejam\u012bbu visiem. &#8220;M\u016bsu m\u0113r\u0137is ir rad\u012bt sv\u0113tku saj\u016btu vis\u0101 Latvij\u0101, svinot m\u016bsu valsts sasniegumus un bag\u0101to kult\u016bras mantojumu,&#8221; uzsv\u0113rts pazi\u0146ojum\u0101. Koncertu organiz\u0113\u0161ana da\u017e\u0101d\u0101s Latvijas viet\u0101s ir viens no veidiem, k\u0101 \u0161o m\u0113r\u0137i sasniegt, veicinot kult\u016bras pat\u0113ri\u0146u un atbalstot viet\u0113jos m\u0101ksliniekus. \u0160\u0101da pieeja ne tikai bag\u0101tina sv\u0113tku programmu, bet ar\u012b vairo pa\u0161apzi\u0146u un pieder\u012bbas saj\u016btu kopien\u0101s.<\/p>\n<p>Aicin\u0101jums piedal\u012bties un svin\u0113t kop\u0101<\/p>\n<p>Iedz\u012bvot\u0101ji tiek mudin\u0101ti sekot l\u012bdzi inform\u0101cijai par prec\u012bziem koncertu datumiem, laikiem un viet\u0101m, kas tiks public\u0113ta &#8220;Latvijas koncerti&#8221; ofici\u0101lajos kan\u0101los un medijos. Bi\u013cetes uz daudziem pas\u0101kumiem jau ir pieejamas iepriek\u0161p\u0101rdo\u0161an\u0101, t\u0101p\u0113c ieteicams t\u0101s ieg\u0101d\u0101ties laic\u012bgi, lai nerisk\u0113tu palikt bez iesp\u0113jas baud\u012bt k\u0101du \u012bpa\u0161u muzik\u0101lu baud\u012bjumu. \u0160ie koncerti ir lieliska iesp\u0113ja ne tikai svin\u0113t valsts sv\u0113tkus, bet ar\u012b iepaz\u012bt Latvijas skaist\u0101k\u0101s pils\u0113tas un baud\u012bt kop\u0101 b\u016b\u0161anas prieku. Lai katrs atrastu savu \u012bpa\u0161o sv\u0113tku dziesmu un piepild\u012btu \u0161o laiku ar pozit\u012bv\u0101m emocij\u0101m un neaizmirstamiem mirk\u013ciem!<\/p>\n","protected":false},"excerpt":{"rendered":"Sv\u0113tku koncertu vilnis Latvij\u0101: sviniet valsts dzim\u0161anas dienu ar m\u016bziku! Gaidot Latvijas 107. dzim\u0161anas dienu, Latvijas valsts sv\u0113tku&hellip;\n","protected":false},"author":2,"featured_media":41214,"comment_status":"","ping_status":"","sticky":false,"template":"","format":"standard","meta":{"footnotes":""},"categories":[5],"tags":[23,28,29,32,33,22,11810,30,31,35,39,38,36,37,34,4484,160,40,582,20,26,27,24,25,11809,21],"class_list":{"0":"post-41213","1":"post","2":"type-post","3":"status-publish","4":"format-standard","5":"has-post-thumbnail","7":"category-aktualitates","8":"tag-aktualitates","9":"tag-breaking-news","10":"tag-breakingnews","11":"tag-featured-news","12":"tag-featurednews","13":"tag-headlines","14":"tag-koncertu-sezona","15":"tag-latest-news","16":"tag-latestnews","17":"tag-latvia","18":"tag-latvian","19":"tag-latviesu","20":"tag-latviesu-valoda","21":"tag-latviesuvaloda","22":"tag-latvija","23":"tag-latvijas-koncerti","24":"tag-latvijas-kultura","25":"tag-lv","26":"tag-muzikas-pasakumi","27":"tag-news","28":"tag-popularakas-zinas","29":"tag-popularakaszinas","30":"tag-top-stories","31":"tag-topstories","32":"tag-valsts-svetki","33":"tag-zinas"},"share_on_mastodon":{"url":"https:\/\/pubeurope.com\/@lv\/115500543031872771","error":""},"_links":{"self":[{"href":"https:\/\/www.europesays.com\/lv\/wp-json\/wp\/v2\/posts\/41213","targetHints":{"allow":["GET"]}}],"collection":[{"href":"https:\/\/www.europesays.com\/lv\/wp-json\/wp\/v2\/posts"}],"about":[{"href":"https:\/\/www.europesays.com\/lv\/wp-json\/wp\/v2\/types\/post"}],"author":[{"embeddable":true,"href":"https:\/\/www.europesays.com\/lv\/wp-json\/wp\/v2\/users\/2"}],"replies":[{"embeddable":true,"href":"https:\/\/www.europesays.com\/lv\/wp-json\/wp\/v2\/comments?post=41213"}],"version-history":[{"count":0,"href":"https:\/\/www.europesays.com\/lv\/wp-json\/wp\/v2\/posts\/41213\/revisions"}],"wp:featuredmedia":[{"embeddable":true,"href":"https:\/\/www.europesays.com\/lv\/wp-json\/wp\/v2\/media\/41214"}],"wp:attachment":[{"href":"https:\/\/www.europesays.com\/lv\/wp-json\/wp\/v2\/media?parent=41213"}],"wp:term":[{"taxonomy":"category","embeddable":true,"href":"https:\/\/www.europesays.com\/lv\/wp-json\/wp\/v2\/categories?post=41213"},{"taxonomy":"post_tag","embeddable":true,"href":"https:\/\/www.europesays.com\/lv\/wp-json\/wp\/v2\/tags?post=41213"}],"curies":[{"name":"wp","href":"https:\/\/api.w.org\/{rel}","templated":true}]}}