{"id":41221,"date":"2025-11-06T03:19:07","date_gmt":"2025-11-06T03:19:07","guid":{"rendered":"https:\/\/www.europesays.com\/lv\/41221\/"},"modified":"2025-11-06T03:19:07","modified_gmt":"2025-11-06T03:19:07","slug":"cipulis-par-jaunajam-kamanam-pilotiem-un-sportistu-fizisko-sagatavotibu-ziemas-sports-sportacentrs-com","status":"publish","type":"post","link":"https:\/\/www.europesays.com\/lv\/41221\/","title":{"rendered":"Cipulis par jaunaj\u0101m kaman\u0101m, pilotiem un sportistu fizisko sagatavot\u012bbu \u2013 Ziemas sports \u2013 Sportacentrs.com"},"content":{"rendered":"<p>Bobsleja izlase jau devusies uz Kort\u012bnu, kur aizvad\u012bs treni\u0146nometni pirms jaun\u0101s Pasaules kausa sezonas, kas s\u0101ksies tie\u0161i olimpiskaj\u0101 tras\u0113. Pirmais Pasaules kausa posms paredz\u0113ts uzreiz p\u0113c latvie\u0161u treni\u0146nometnes jeb 17. novembr\u012b. Cipulis nor\u0101d\u012bja, ka vi\u0146am jau ir zin\u0101mi st\u016bm\u0113ju virkn\u0113jumi, kas kop\u0101 ar Ren\u0101ru Granti\u0146u un J\u0113kabu Kalendu tras\u0113 dosies ar\u012b kaujas apst\u0101k\u013cos.<\/p>\n<p>\u2033Sportisti zina, kuri start\u0113s pirmaj\u0101 Pasaules kausa posm\u0101, bet pagaid\u0101m lai tas paliek pie manis, jo priek\u0161\u0101 v\u0113l gana daudz treni\u0146u, kuros kaut kas var main\u012bties,\u2033 sac\u012bja Cipulis.<\/p>\n<p>Latvijas izlase starpsezon\u0101 tika pie jaun\u0101m divnieku un \u010detrinieku kaman\u0101m, kuras l\u012bdz \u0161im izdevies jau gana produkt\u012bvi izm\u0113\u0123in\u0101t.<\/p>\n<p>\u2033Katrs no m\u016bsu pilotiem \u0161aj\u0101s kaman\u0101s aizvad\u012bju\u0161i vismaz 40 braucienus, mainoties ar\u012b ar sliec\u0113m, st\u016bm\u0113jiem un da\u017e\u0101diem regul\u0113jumiem. Diezgan liels darbs jau ieguld\u012bts l\u012bdz \u0161im, bet Kort\u012bn\u0101 turpin\u0101sim test\u0113ties. Ja jaut\u0101si, k\u0101 kamanas \u0161obr\u012bd sevi par\u0101da, atbild\u0113\u0161u \u2013 labi. Protams, k\u0101 jau ar katr\u0101m kaman\u0101m, pilotiem j\u0101piel\u0101gojas, bet st\u016bm\u0113jiem j\u0101atrod sava vieti\u0146a. At\u0161\u0137irties var ar\u012b vad\u012b\u0161ana. Kopum\u0101 esam uz pareiz\u0101 ce\u013ca, jo uzr\u0101d\u012bti ar\u012b diezgan labi rezult\u0101ti,\u2033 jaun\u0101s kamanas koment\u0113ja Cipulis.<\/p>\n<p>Gan Kalenda, gan Granti\u0146\u0161 gaid\u0101maj\u0101 sezon\u0101 start\u0113s tikai Pasaules kausa sacens\u012bb\u0101s, jo Eiropas kausa kalend\u0101rs ar t\u0101m p\u0101rkl\u0101jas. P\u0113c sezonas s\u0101kuma Kort\u012bnas tras\u0113 sportistiem l\u012bdz pat Ziemassv\u0113tkiem br\u012bva b\u016bs tikai viena ned\u0113\u013cas nogale. V\u012bru konkurenc\u0113 citu pilotu, kuri var\u0113tu start\u0113t Eiropas kaus\u0101, neesot. Savuk\u0101rt Am\u0113lija Kot\u0101ne start\u0113s Zieme\u013camerikas kaus\u0101.<\/p>\n<p>\u2033Vair\u0101ki no eso\u0161ajiem st\u016bm\u0113jiem izr\u0101d\u012bju\u0161i izm\u0113\u0123in\u0101t sp\u0113kus pilot\u0113\u0161an\u0101. Ir ar\u012b da\u017ei jaunie, kuri bija uz atlases testiem, bet pagaid\u0101m palika aiz str\u012bpas. Pl\u0101nots, ka vi\u0146us pieliksim pie st\u016bres, bet noteikti p\u0113c sezonas, jo \u0161obr\u012bd likme ir olimpisk\u0101s sp\u0113les,\u2033 r\u0101d\u012bja Cipulis.<\/p>\n<p>Vasar\u0101 Latvijas sportisti laboja \u010cehijas starta estak\u0101des rekordu. Ar\u012b \u0161obr\u012bd, kad jaun\u0101 sezona ir rokas stiepiena att\u0101lum\u0101, treneris par komandas fizisko sagatavot\u012bbu s\u016bdz\u0113ties nevar.<\/p>\n<p>\u2033Septembra beig\u0101s bija testi, kuros se\u0161i no 10 sportistiem uzlaboja person\u012bgos rekordus. Bija treni\u0146i, kuros tika p\u0101rbaud\u012bta stum\u0161ana pa trijiem. Ar\u012b tur sportistus var\u0113j\u0101m likt jebk\u0101d\u0101 kombin\u0101cij\u0101, bet rezult\u0101ts b\u016btiski nemain\u012bj\u0101s,\u2033 optimistiski noska\u0146ots bija bobsleja izlases treneris.<\/p>\n<p>Olimpisk\u0101s sp\u0113les Mil\u0101n\u0101 un Kort\u012bn\u0101 norisin\u0101sies no 6. l\u012bdz 22. febru\u0101rim. Bobsleja sacens\u012bbas s\u0101ksies 15. febru\u0101r\u012b ar sievie\u0161u monoboba braucieniem.<\/p>\n","protected":false},"excerpt":{"rendered":"Bobsleja izlase jau devusies uz Kort\u012bnu, kur aizvad\u012bs treni\u0146nometni pirms jaun\u0101s Pasaules kausa sezonas, kas s\u0101ksies tie\u0161i olimpiskaj\u0101&hellip;\n","protected":false},"author":2,"featured_media":41222,"comment_status":"","ping_status":"","sticky":false,"template":"","format":"standard","meta":{"footnotes":""},"categories":[17],"tags":[35,39,38,36,37,34,40,67,620],"class_list":{"0":"post-41221","1":"post","2":"type-post","3":"status-publish","4":"format-standard","5":"has-post-thumbnail","7":"category-sports","8":"tag-latvia","9":"tag-latvian","10":"tag-latviesu","11":"tag-latviesu-valoda","12":"tag-latviesuvaloda","13":"tag-latvija","14":"tag-lv","15":"tag-sports","16":"tag-ziemas-sports"},"share_on_mastodon":{"url":"https:\/\/pubeurope.com\/@lv\/115500598113427338","error":""},"_links":{"self":[{"href":"https:\/\/www.europesays.com\/lv\/wp-json\/wp\/v2\/posts\/41221","targetHints":{"allow":["GET"]}}],"collection":[{"href":"https:\/\/www.europesays.com\/lv\/wp-json\/wp\/v2\/posts"}],"about":[{"href":"https:\/\/www.europesays.com\/lv\/wp-json\/wp\/v2\/types\/post"}],"author":[{"embeddable":true,"href":"https:\/\/www.europesays.com\/lv\/wp-json\/wp\/v2\/users\/2"}],"replies":[{"embeddable":true,"href":"https:\/\/www.europesays.com\/lv\/wp-json\/wp\/v2\/comments?post=41221"}],"version-history":[{"count":0,"href":"https:\/\/www.europesays.com\/lv\/wp-json\/wp\/v2\/posts\/41221\/revisions"}],"wp:featuredmedia":[{"embeddable":true,"href":"https:\/\/www.europesays.com\/lv\/wp-json\/wp\/v2\/media\/41222"}],"wp:attachment":[{"href":"https:\/\/www.europesays.com\/lv\/wp-json\/wp\/v2\/media?parent=41221"}],"wp:term":[{"taxonomy":"category","embeddable":true,"href":"https:\/\/www.europesays.com\/lv\/wp-json\/wp\/v2\/categories?post=41221"},{"taxonomy":"post_tag","embeddable":true,"href":"https:\/\/www.europesays.com\/lv\/wp-json\/wp\/v2\/tags?post=41221"}],"curies":[{"name":"wp","href":"https:\/\/api.w.org\/{rel}","templated":true}]}}