{"id":41400,"date":"2025-11-06T08:05:16","date_gmt":"2025-11-06T08:05:16","guid":{"rendered":"https:\/\/www.europesays.com\/lv\/41400\/"},"modified":"2025-11-06T08:05:16","modified_gmt":"2025-11-06T08:05:16","slug":"diviem-viriesiem-jadodas-cietuma-par-vardarbibu-un-naida-kurinasanu-pret-latviesiem-15-trolejbusa-raksts","status":"publish","type":"post","link":"https:\/\/www.europesays.com\/lv\/41400\/","title":{"rendered":"Diviem v\u012brie\u0161iem j\u0101dodas cietum\u0101 par vardarb\u012bbu un naida kurin\u0101\u0161anu pret latvie\u0161iem 15. trolejbus\u0101 \/ Raksts"},"content":{"rendered":"<p>2025. gada 30. oktobr\u012b R\u012bgas pils\u0113tas tiesa izskat\u012bjusi krimin\u0101llietu, kur\u0101 aps\u016bdz\u0113ti divi v\u012brie\u0161i par nacion\u0101l\u0101 naida kurin\u0101\u0161anu un vardarb\u012bbu. Viens no vi\u0146iem aps\u016bdz\u0113ts ar\u012b par t\u012b\u0161u mantas boj\u0101\u0161anu.\u00a0Abas aps\u016bdz\u0113t\u0101s personas atz\u012btas par vain\u012bg\u0101m min\u0113tajos noziedz\u012bgajos nodar\u012bjumos un sod\u012btas attiec\u012bgi ar br\u012bv\u012bbas at\u0146em\u0161anu uz vienu gadu un prob\u0101cijas uzraudz\u012bbu uz vienu gadu un 6 m\u0113ne\u0161iem un br\u012bv\u012bbas at\u0146em\u0161anu uz 2 gadiem un prob\u0101cijas uzraudz\u012bbu uz vienu gadu un 6 m\u0113ne\u0161iem.<\/p>\n<p>2025. gada j\u016blij\u0101 aps\u016bdz\u0113tie atrad\u0101s 15. trolejbus\u0101, kas R\u012bg\u0101\u00a0brauca virzien\u0101 no \u0136engaraga uz centru, trolejbus\u0101\u00a0atrad\u0101s ar\u012b citi sabiedrisk\u0101 transporta pasa\u017eieri. Aps\u016bdz\u0113tie, naida pret latvie\u0161u tautu vad\u012bti, ar m\u0113r\u0137i izrais\u012bt nacion\u0101lu naidu un nesatic\u012bbu ska\u013ci pauda aizskaro\u0161us un naid\u012bgus izteikumus, kas bija v\u0113rsti pret latvie\u0161u taut\u012bbas cilv\u0113kiem, piem\u0113ram,<\/p>\n<blockquote>\n<p>&#8220;m\u0113s esam ats\u016bt\u012bti slepkavot un kaut latvie\u0161us&#8221;, &#8220;ir j\u0101run\u0101 krievu valod\u0101&#8221;.\u00a0<\/p>\n<\/blockquote>\n<p>Kad sabiedrisk\u0101 transporta pietur\u0101 no trolejbusa izk\u0101pa divas pasa\u017eieres, abi aps\u016bdz\u0113tie vi\u0146\u0101m sekoja, ko sievietes uztv\u0113ra k\u0101 re\u0101lus draudus savai dro\u0161\u012bbai un dz\u012bv\u012bbai. Atrodoties uz ielas, viens no aps\u016bdz\u0113tajiem pieg\u0101ja vienai sievietei no mugurpuses un t\u012b\u0161i izdar\u012bja sitienu pa vi\u0146as galvu, tikm\u0113r otrs m\u0113\u0123in\u0101ja izraut no vi\u0146as rok\u0101m somu.\u00a0<\/p>\n<blockquote>\n<p>Turpinot sekot sieviet\u0113m, ar\u012b otrs aps\u016bdz\u0113tais izdar\u012bja sitienu pa sievietes galvu un r\u0101va aiz matiem,\u00a0<\/p>\n<\/blockquote>\n<p>t\u0101pat, b\u016bdams dusm\u012bgs par to, ka sieviete zvan\u012bja uz vienoto \u0101rk\u0101rt\u0113jo notikumu t\u0101lru\u0146a numuru &#8220;112&#8221;, vi\u0146\u0161 saboj\u0101ja vi\u0146as mobilo t\u0101lruni.\u00a0<\/p>\n<p>Izv\u0113rt\u0113jot izdar\u012bt\u0101 noziedz\u012bg\u0101 nodar\u012bjuma smagumu, raksturu, kait\u012bgumu un aps\u016bdz\u0113to person\u012bbas, k\u0101 ar\u012b to, ka aps\u016bdz\u0113tie piln\u012bb\u0101 atzina savu vainu un izmantoja Krimin\u0101lprocesa likum\u0101 paredz\u0113t\u0101s ties\u012bbas uz sadarb\u012bbu, kas izpaud\u0101s vienk\u0101r\u0161\u0101ka procesa veida izv\u0113l\u0113, R\u012bgas Austrumu prokurat\u016bras prokurore ar katru aps\u016bdz\u0113to nosl\u0113dza vieno\u0161anos par vainas atz\u012b\u0161anu un sodu, ko p\u0113c tam tiesa apstiprin\u0101ja.<\/p>\n<p>                    Valodas k\u013c\u016bda rakst\u0101?<\/p>\n<p class=\"d-none d-md-block\">Iez\u012bm\u0113jiet tekstu un spiediet Ctrl+Enter, lai nos\u016bt\u012btu labojamo teksta fragmentu redaktoram! Par faktu k\u013c\u016bd\u0101m l\u016bdzam zi\u0146ot e-past\u0101 <a href=\"https:\/\/www.lsm.lv\/cdn-cgi\/l\/email-protection\" class=\"__cf_email__\" data-cfemail=\"027067666369616b6863426e716f2c6e74\" rel=\"nofollow noopener\" target=\"_blank\">[email\u00a0protected]<\/a>.<\/p>\n<p class=\"d-md-none\">Iez\u012bm\u0113jiet tekstu un spiediet uz Zi\u0146ot par k\u013c\u016bdu pogas, lai nos\u016bt\u012btu labojamo teksta fragmentu redaktoram!<\/p>\n<p>\n                    Zi\u0146ot par k\u013c\u016bdu\n                <\/p>\n","protected":false},"excerpt":{"rendered":"2025. gada 30. oktobr\u012b R\u012bgas pils\u0113tas tiesa izskat\u012bjusi krimin\u0101llietu, kur\u0101 aps\u016bdz\u0113ti divi v\u012brie\u0161i par nacion\u0101l\u0101 naida kurin\u0101\u0161anu un&hellip;\n","protected":false},"author":2,"featured_media":41401,"comment_status":"","ping_status":"","sticky":false,"template":"","format":"standard","meta":{"footnotes":""},"categories":[5],"tags":[23,28,29,32,33,22,30,31,35,39,38,36,37,34,40,20,26,27,24,25,21],"class_list":{"0":"post-41400","1":"post","2":"type-post","3":"status-publish","4":"format-standard","5":"has-post-thumbnail","7":"category-aktualitates","8":"tag-aktualitates","9":"tag-breaking-news","10":"tag-breakingnews","11":"tag-featured-news","12":"tag-featurednews","13":"tag-headlines","14":"tag-latest-news","15":"tag-latestnews","16":"tag-latvia","17":"tag-latvian","18":"tag-latviesu","19":"tag-latviesu-valoda","20":"tag-latviesuvaloda","21":"tag-latvija","22":"tag-lv","23":"tag-news","24":"tag-popularakas-zinas","25":"tag-popularakaszinas","26":"tag-top-stories","27":"tag-topstories","28":"tag-zinas"},"share_on_mastodon":{"url":"https:\/\/pubeurope.com\/@lv\/115501722792748870","error":""},"_links":{"self":[{"href":"https:\/\/www.europesays.com\/lv\/wp-json\/wp\/v2\/posts\/41400","targetHints":{"allow":["GET"]}}],"collection":[{"href":"https:\/\/www.europesays.com\/lv\/wp-json\/wp\/v2\/posts"}],"about":[{"href":"https:\/\/www.europesays.com\/lv\/wp-json\/wp\/v2\/types\/post"}],"author":[{"embeddable":true,"href":"https:\/\/www.europesays.com\/lv\/wp-json\/wp\/v2\/users\/2"}],"replies":[{"embeddable":true,"href":"https:\/\/www.europesays.com\/lv\/wp-json\/wp\/v2\/comments?post=41400"}],"version-history":[{"count":0,"href":"https:\/\/www.europesays.com\/lv\/wp-json\/wp\/v2\/posts\/41400\/revisions"}],"wp:featuredmedia":[{"embeddable":true,"href":"https:\/\/www.europesays.com\/lv\/wp-json\/wp\/v2\/media\/41401"}],"wp:attachment":[{"href":"https:\/\/www.europesays.com\/lv\/wp-json\/wp\/v2\/media?parent=41400"}],"wp:term":[{"taxonomy":"category","embeddable":true,"href":"https:\/\/www.europesays.com\/lv\/wp-json\/wp\/v2\/categories?post=41400"},{"taxonomy":"post_tag","embeddable":true,"href":"https:\/\/www.europesays.com\/lv\/wp-json\/wp\/v2\/tags?post=41400"}],"curies":[{"name":"wp","href":"https:\/\/api.w.org\/{rel}","templated":true}]}}