{"id":41420,"date":"2025-11-06T08:47:07","date_gmt":"2025-11-06T08:47:07","guid":{"rendered":"https:\/\/www.europesays.com\/lv\/41420\/"},"modified":"2025-11-06T08:47:07","modified_gmt":"2025-11-06T08:47:07","slug":"foto-%e2%9f%a9-par-godu-ttt-filmas-pirmizradei-riga-uzstadits-iespejams-lielakais-basketbola-grozs-eiropa","status":"publish","type":"post","link":"https:\/\/www.europesays.com\/lv\/41420\/","title":{"rendered":"FOTO \u27e9 Par godu TTT filmas pirmizr\u0101dei R\u012bg\u0101 uzst\u0101d\u012bts, iesp\u0113jams, liel\u0101kais basketbola grozs Eirop\u0101"},"content":{"rendered":"<p>Iespaid\u012bgais basketbola grozs, kas rot\u0101s &#8220;Forum Cinemas&#8221; fas\u0101des sienu R\u012bg\u0101, 13. janv\u0101ra iel\u0101, sver aptuveni 35 kg. Latvij\u0101 liel\u0101ko basketbola grozu, kas ar industri\u0101lo alp\u012bnistu pal\u012bdz\u012bbu uzst\u0101d\u012bts 25 metru augstum\u0101, filmas re\u017eisoram Dzintaram Dreibergam nodeva izcilais latvie\u0161u rallijbrauc\u0113js M\u0101rti\u0146\u0161 Sesks.<\/p>\n<p>Latvij\u0101 un, iesp\u0113jams, ar\u012b Eirop\u0101 liel\u0101ko basketbola grozu veidoju\u0161i Reinis Gauja-Baumanis, Daniels Dreimanis, Nauris Stala\u017es un M\u0101ris Bo\u010ds. \u0160is grozs, kur\u0161 konkur\u0113 ar pasaul\u0113 liel\u0101ko basketbola grozu Ilinois\u0101 ASV, simboliz\u0113 latvie\u0161u sievie\u0161u basketbola komandas TTT izcil\u012bbu, sp\u0113ku un iztur\u012bbu, kas savulaik izpeln\u012bj\u0101s visas Latvijas un pasaules apbr\u012bnu. Savos ziedu laikos komanda 12 reizes izc\u012bn\u012bja PSRS \u010dempion\u0101ta zelta meda\u013cas un 18 reizes uzvar\u0113ja Eiropas \u010cempionvien\u012bbu kaus\u0101, k\u013c\u016bstot par 20. gs. lab\u0101ko basketbola komandu un iek\u013c\u016bstot Ginesa rekordu gr\u0101mat\u0101.<\/p>\n<p>Ffilma &#8220;T\u012bkl\u0101. TTT le\u0123endas dzim\u0161ana&#8221; aizved skat\u012bt\u0101jus uz 20. gadsimta vidu \u2013 padomju varas okup\u0113t\u0101s Latvijas R\u012bgu, kur dzimst pasaules m\u0113roga sievie\u0161u basketbola komanda TTT. Galven\u0101 varone Dzidra Uztupe-Karami\u0161eva bija pirm\u0101 komandas kapteine, kas ne tikai veda komandu pret\u012b uzvar\u0101m, bet ar\u012b m\u0101c\u0113ja apsp\u0113l\u0113t totalit\u0101ro re\u017e\u012bmu, lai satiktu savu trimd\u0101 m\u012bto\u0161o br\u0101li. Film\u0101, kas no 6. novembra skat\u0101ma visos kinote\u0101tros Latvij\u0101, galveno lomu atveido aktrise Agnese Budovska, bet vi\u0146ai l\u012bdz\u0101s filmas varo\u0146u lom\u0101s iejutu\u0161ies ar\u012b t\u0101di Latvij\u0101 zin\u0101mi aktieri k\u0101 R\u0113zija Kalni\u0146a, Art\u016brs Skrasti\u0146\u0161, Gatis G\u0101ga un citi.<\/p>\n","protected":false},"excerpt":{"rendered":"Iespaid\u012bgais basketbola grozs, kas rot\u0101s &#8220;Forum Cinemas&#8221; fas\u0101des sienu R\u012bg\u0101, 13. janv\u0101ra iel\u0101, sver aptuveni 35 kg. Latvij\u0101&hellip;\n","protected":false},"author":2,"featured_media":41421,"comment_status":"","ping_status":"","sticky":false,"template":"","format":"standard","meta":{"footnotes":""},"categories":[5],"tags":[23,145,28,29,32,33,22,30,31,35,39,38,36,37,34,40,20,26,27,24,25,2150,21],"class_list":{"0":"post-41420","1":"post","2":"type-post","3":"status-publish","4":"format-standard","5":"has-post-thumbnail","7":"category-aktualitates","8":"tag-aktualitates","9":"tag-basketbols","10":"tag-breaking-news","11":"tag-breakingnews","12":"tag-featured-news","13":"tag-featurednews","14":"tag-headlines","15":"tag-latest-news","16":"tag-latestnews","17":"tag-latvia","18":"tag-latvian","19":"tag-latviesu","20":"tag-latviesu-valoda","21":"tag-latviesuvaloda","22":"tag-latvija","23":"tag-lv","24":"tag-news","25":"tag-popularakas-zinas","26":"tag-popularakaszinas","27":"tag-top-stories","28":"tag-topstories","29":"tag-ttt-riga","30":"tag-zinas"},"share_on_mastodon":{"url":"https:\/\/pubeurope.com\/@lv\/115501887832955088","error":""},"_links":{"self":[{"href":"https:\/\/www.europesays.com\/lv\/wp-json\/wp\/v2\/posts\/41420","targetHints":{"allow":["GET"]}}],"collection":[{"href":"https:\/\/www.europesays.com\/lv\/wp-json\/wp\/v2\/posts"}],"about":[{"href":"https:\/\/www.europesays.com\/lv\/wp-json\/wp\/v2\/types\/post"}],"author":[{"embeddable":true,"href":"https:\/\/www.europesays.com\/lv\/wp-json\/wp\/v2\/users\/2"}],"replies":[{"embeddable":true,"href":"https:\/\/www.europesays.com\/lv\/wp-json\/wp\/v2\/comments?post=41420"}],"version-history":[{"count":0,"href":"https:\/\/www.europesays.com\/lv\/wp-json\/wp\/v2\/posts\/41420\/revisions"}],"wp:featuredmedia":[{"embeddable":true,"href":"https:\/\/www.europesays.com\/lv\/wp-json\/wp\/v2\/media\/41421"}],"wp:attachment":[{"href":"https:\/\/www.europesays.com\/lv\/wp-json\/wp\/v2\/media?parent=41420"}],"wp:term":[{"taxonomy":"category","embeddable":true,"href":"https:\/\/www.europesays.com\/lv\/wp-json\/wp\/v2\/categories?post=41420"},{"taxonomy":"post_tag","embeddable":true,"href":"https:\/\/www.europesays.com\/lv\/wp-json\/wp\/v2\/tags?post=41420"}],"curies":[{"name":"wp","href":"https:\/\/api.w.org\/{rel}","templated":true}]}}