{"id":41424,"date":"2025-11-06T08:53:08","date_gmt":"2025-11-06T08:53:08","guid":{"rendered":"https:\/\/www.europesays.com\/lv\/41424\/"},"modified":"2025-11-06T08:53:08","modified_gmt":"2025-11-06T08:53:08","slug":"pienava-top-latvija-lielakais-veja-parks","status":"publish","type":"post","link":"https:\/\/www.europesays.com\/lv\/41424\/","title":{"rendered":"Pienav\u0101 top Latvij\u0101 liel\u0101kais v\u0113ja parks"},"content":{"rendered":"<p class=\"descr\">5. novembr\u012b valsta a\/s \u201cLatvenergo\u201d ar laika kapsulas iebeton\u0113\u0161anu atz\u012bm\u0113ja akt\u012bv\u0101s b\u016bvdarbu f\u0101zes s\u0101kumu \u0161obr\u012bd liel\u0101kajam v\u0113ja parkam Latvij\u0101 \u201cPienava Wind&#8221;.<\/p>\n<p>B\u016bvobjekta izcelsme un darbu gaita raksturo atjaunojam\u0101s ener\u0123ijas ra\u017eo\u0161anas objektu b\u016bvi Latvij\u0101. Proti, projekts aizs\u0101kts jau 2013. gad\u0101 ar Zviedrijas firmas \u201cEolus\u201d sp\u0113kiem. Ilgu laiku iedz\u012bvot\u0101ju un Tukuma novada pa\u0161vald\u012bbas galven\u0101s r\u016bpes bija tikt no projekta va\u013c\u0101, kam\u0113r valsts iest\u0101des nodarboj\u0101s ar sol\u012bjumu do\u0161anu Eiropas Komisijai, ka Latvija, protams, ir par atjaunojamo energoresursu izmanto\u0161anu. Varb\u016bt t\u0101 tas turpin\u0101tos \u0161obaltdien, ja ne Krievijas iebrukums Ukrain\u0101 komplekt\u0101 ar draudiem p\u0101rtraukt Eiropas apg\u0101di ar energones\u0113jiem, ja Eiropas valstis pal\u012bdz\u0113s Ukrainai. Tas noteica dabasg\u0101zes un elektr\u012bbas cenu daudzk\u0101r\u0161o\u0161anos un lika saprast, ka b\u016bs tom\u0113r j\u0101atrod veidi, k\u0101 iztikt bez Krievijas g\u0101zes. Taj\u0101 skait\u0101 tika vilkti lauk\u0101 no aizmirst\u012bbas v\u0113ja parku projekti. \u201cEolus\u201d izdev\u0101s pabeigt projekta dokument\u0101cijas izveido\u0161anu un \u0161\u0101 gada 11. j\u016bnij\u0101 p\u0101rdot dokumentu paketi Latvijas valsts uz\u0146\u0113mumam \u201cLatvenergo\u201d. Tas uzreiz \u0137\u0113r\u0101s pie b\u016bvniec\u012bbas un viss liecina, ka aizn\u0101kam\u0101, 2027. gada 1. ceturksn\u012b v\u0113ja parks tiks iedarbin\u0101ts.<\/p>\n<p> <a href=\"https:\/\/nra.lv\/birka\/veja-parks\/\" target=\"_blank\" rel=\"noopener nofollow\">V\u0113ja parks<\/a> sadz\u012bvos ar lauksaimniec\u012bbu <\/p>\n<p>V\u0113ja parka dislok\u0101ciju nor\u0101da t\u0101 nosaukums ar vietv\u0101rdu &#8211; apdz\u012bvotu vietu Pienavu Tukuma novada D\u017e\u016bkstes pagast\u0101. V\u0113ja parku veidos 21 tornis 900 hekt\u0101ru teritorij\u0101. Re\u0101li ener\u0123\u0113tikai no tiem tiktu l\u012bdz 30 hekt\u0101riem &#8211; apm\u0113ram hekt\u0101rs zemes ap katru torni un pievedce\u013ci tam. Var skait\u012bt da\u017e\u0101di, kuri ce\u013cu gabali\u0146i b\u016bv\u0113ti tie\u0161i v\u0113ja turb\u012bnu d\u0113\u013c, bet kuri tik un t\u0101 b\u016btu vajadz\u012bgi lauksaimniec\u012bbai un cilv\u0113ku m\u0101jvietu uztur\u0113\u0161anai.<\/p>\n<p>B\u016bvniec\u012bba notiek uz priv\u0101tiem zemes gabaliem. \u012apa\u0161nieki iznom\u0101ju\u0161i zemi \u201cEolus\u201d un \u201cLatvenergo&#8221; p\u0101r\u0146\u0113mis \u0161\u012bs saist\u012bbas. Pamatakmens lik\u0161anas pas\u0101kum\u0101 zemes \u012bpa\u0161nieku v\u0101rd\u0101 projekta virz\u012bbu apsveica Uldis Strautmanis. Vi\u0146a \u012bpa\u0161um\u0101 vair\u0101k\u0101s viet\u0101s 600 hekt\u0101ru zemes, taj\u0101 skait\u0101 50 hekt\u0101ri pie Pienavas. Uz vi\u0146a zemes atrad\u012bsies divi v\u0113ja tor\u0146i, kas noz\u012bm\u0113, ka iznom\u0101t\u0101 zemes plat\u012bba ir p\u0101ris hekt\u0101ru. Vi\u0146\u0161 uzsv\u0113ra, ka v\u0113ja ener\u0123ijas ieg\u016b\u0161ana un lauksaimniec\u012bba nav konflikt\u0113jo\u0161as darb\u012bbas.<\/p>\n<p>Par v\u0113ja iepriek\u0161\u0113jo izmanto\u0161anu lauksaimniec\u012bb\u0101 atg\u0101din\u0101ja a\/s \u201cLatvenergo\u201d valdes priek\u0161s\u0113d\u0113t\u0101js <a href=\"https:\/\/nra.lv\/birka\/martins-cakste\/\" target=\"_blank\" rel=\"noopener nofollow\">M\u0101rti\u0146\u0161 \u010cakste<\/a>. Protams, ka t\u0101s bija v\u0113ja dzirnavas, jo Latvijas teritorij\u0101 izaudz\u0113to graudu daudzums p\u0101r\u0101k liels, lai tos maltu tikai ar cilv\u0113ku sp\u0113kiem.<\/p>\n<p>20. gadsimta gait\u0101 v\u0113ja dzirnavas tika pamestas t\u0101du priek\u0161statu d\u0113\u013c, ka ener\u0123iju visviegl\u0101k un visl\u0113t\u0101k ieg\u016bt no naftas un dabasg\u0101zes. Taj\u0101 skait\u0101 no fosilajiem resursiem tika ieg\u016bta elektr\u012bba t\u0101l\u0101kai izmanto\u0161anai kaut vai graudu p\u0101rstr\u0101d\u0113. Nenoliedzamas priek\u0161roc\u012bbas tam, ka p\u0101rstr\u0101des iek\u0101rtu dzin\u0113ju var\u0113ja darbin\u0101t neatkar\u012bgi no t\u0101, vai v\u0113j\u0161 p\u016b\u0161, vai nep\u016b\u0161. Tagad\u0113jo atgrie\u0161anos pie v\u0113ja nosaka iesp\u0113jas celt v\u0113ja tor\u0146us, kas daudzas reizes augst\u0101ki nek\u0101 dzirnavu tor\u0146i. Proti, pacelt \u0161ajos tor\u0146os elektr\u012bbas \u0123eneratorus un \u0123eneratoru sp\u0101rnus t\u0101d\u0101 augstum\u0101, kur v\u0113j\u0161 p\u016b\u0161 bie\u017e\u0101k un stipr\u0101k nek\u0101 tuvu pie zemes, kur ar v\u0113ju saskaras cilv\u0113ki un tradicion\u0101lo dzirnavu sp\u0101rni.<\/p>\n<p> Divi b\u016bs vair\u0101k nek\u0101 1+1 <\/p>\n<p>Tagad\u0113jo v\u0113ja tor\u0146u raksturojumi jau tika doti \u201cNeatkar\u012bg\u0101s\u201d 24. septembra publik\u0101cij\u0101 <a href=\"https:\/\/nra.lv\/neatkariga\/ekonomika\/502322-latvija-samonteta-pirma-lielaka-veja-turbina-cels-uz-energetisko-neatkaribu.htm\" target=\"_blank\" rel=\"noopener nofollow\">\u201cV\u0113sturisks notikums Latvijas ener\u0123\u0113tik\u0101 &#8211; samont\u0113ta pirm\u0101 liel\u0101k\u0101 v\u0113ja turb\u012bna\u201d.<\/a> Tas par \u201cLatvenergo\u201d v\u0113ja parku Jelgavas novada Kaigu purv\u0101, kur v\u0113ja tor\u0146a un sp\u0101rna maksim\u0101lais augstums sasniegs 266,5 metrus. Tur celtniec\u012bba raiti virz\u0101s uz priek\u0161u un viss liecina par elektr\u012bbas ieg\u016b\u0161anu no n\u0101kam\u0101 gada pavasara. Pirm\u0101 m\u016bsdien\u012bg\u0101 v\u0113ja parka b\u016bvniec\u012bb\u0101 apg\u016bt\u0101s iema\u0146as ir p\u0101rnesamas uz n\u0101kamajiem v\u0113ja parku b\u016bvlaukumiem. T\u0101p\u0113c dro\u0161i apsol\u012bt, ka Pienavas v\u0113j\u0161 elektr\u012bb\u0101 tiks p\u0101rstr\u0101d\u0101ts no aizn\u0101kam\u0101, 2027. gada 1. ceturk\u0161\u0146a. M. \u010cakste skaidroja, ka tagad\u0113j\u0101s maig\u0101s ziemas Latvij\u0101 \u013caus \u0161\u0101 gada b\u016bvsezonu turpin\u0101t v\u0113l decembr\u012b. B\u016bvdarbu publisko pieteik\u0161anu nevajadz\u0113ja atlikt l\u012bdz n\u0101kam\u0101s b\u016bvsezonas s\u0101kumam n\u0101kam\u0101 gada pavasar\u012b.<\/p>\n<p>Pienavas v\u0113ja parka b\u016bvniec\u012bb\u0101 tiks ieguld\u012bti 215 miljoni eiro. Ar 147 megavatus (MW) jaudu tas vismaz iedarbin\u0101\u0161anas br\u012bd\u012b b\u016bs liel\u0101kais Latvij\u0101. Kaigu purva uzcelto 16 turb\u012bnu kop\u0113jai jaudai j\u0101b\u016bt 109 MW. Te gan j\u0101atz\u012bst, ka ar\u012b liel\u0101k\u0101 augstum\u0101 v\u0113j\u0161 ne vienm\u0113r pietiekams turb\u012bnu grie\u0161anai, bet l\u012bdz\u012bgi ta\u010du j\u0101saka ar\u012b par hidroelektrostacij\u0101m, kas ar maksim\u0101lo jaudu str\u0101d\u0101 pavasaros un da\u017ek\u0101rt rude\u0146os. Jaudu sal\u012bdzin\u0101jums t\u0101ds, ka divi v\u0113ja parki var\u0113tu dot gandr\u012bz tikpat elektr\u012bbas, cik \u0136eguma HES ar 264 MW jaudu. P\u013cavi\u0146u HES jauda 825 MW, bet R\u012bgas TEC &#8211; 2 jauda &#8211; 881 MW, ja tiek ra\u017eota tikai elektr\u012bba, nenovirzot da\u013cu siltuma R\u012bgas apsild\u012b\u0161anai. Elektr\u012bbas un siltuma ra\u017eo\u0161anu klimatiskie apst\u0101k\u013ci var ietekm\u0113t tikai k\u0101 pat\u0113ri\u0146a faktors, ta\u010du Ukrain\u0101 notieko\u0161\u0101 kara m\u0101c\u012bba t\u0101da, ka dabasg\u0101zes pieejam\u012bba neb\u016bt nav garant\u0113ta.<\/p>\n<p>Paliekot miera laikos, v\u0113ja parku elektr\u012bba vajadz\u012bga uz\u0146\u0113mumiem, kuri eksport\u0113 uz Eiropas Savien\u012bbu, jo tur, lai dr\u012bkst\u0113tu eksportu turpin\u0101t, j\u0101iesniedz j\u0101iesniedz izzi\u0146as par uz\u0146\u0113mumu CO2 emisij\u0101m un to samazin\u0101\u0161anu. Latvija nevar\u0113tu no \u0161\u0101d\u0101m izzi\u0146\u0101m atkrat\u012bties pat tad, ja izdotos no ES izst\u0101ties. T\u0101p\u0113c pie\u0146emsim, ka Kaigu purva un Pienavas v\u0113ja parki ne tikai ra\u017eos elektr\u012bbu, bet ar\u012b p\u0101rliecin\u0101s Latvijas iedz\u012bvot\u0101ju vair\u0101kumu, ka nek\u0101du nelabojamu kait\u0113jumu Latvijas dabai un cilv\u0113kiem v\u0113ja parki nenodara.<\/p>\n<p>\t\t\t\t\t\tinfo<\/p>\n<p>Uzzini pirmais<br \/>kas interesants noticis Latvij\u0101 un pasaul\u0113,<br \/>pievienojoties mums <a href=\"https:\/\/t.me\/neatkariga\" rel=\"nofollow\">Telegram<\/a> vai <a href=\"https:\/\/whatsapp.com\/channel\/0029VaMLFUH5K3zLU5s4wm3y\" rel=\"nofollow noopener\" target=\"_blank\">Whatsapp<\/a> kan\u0101l\u0101<\/p>\n","protected":false},"excerpt":{"rendered":"5. novembr\u012b valsta a\/s \u201cLatvenergo\u201d ar laika kapsulas iebeton\u0113\u0161anu atz\u012bm\u0113ja akt\u012bv\u0101s b\u016bvdarbu f\u0101zes s\u0101kumu \u0161obr\u012bd liel\u0101kajam v\u0113ja parkam&hellip;\n","protected":false},"author":2,"featured_media":41425,"comment_status":"","ping_status":"","sticky":false,"template":"","format":"standard","meta":{"footnotes":""},"categories":[5],"tags":[23,28,29,32,33,22,30,31,35,39,38,36,37,34,40,20,26,27,24,25,21],"class_list":{"0":"post-41424","1":"post","2":"type-post","3":"status-publish","4":"format-standard","5":"has-post-thumbnail","7":"category-aktualitates","8":"tag-aktualitates","9":"tag-breaking-news","10":"tag-breakingnews","11":"tag-featured-news","12":"tag-featurednews","13":"tag-headlines","14":"tag-latest-news","15":"tag-latestnews","16":"tag-latvia","17":"tag-latvian","18":"tag-latviesu","19":"tag-latviesu-valoda","20":"tag-latviesuvaloda","21":"tag-latvija","22":"tag-lv","23":"tag-news","24":"tag-popularakas-zinas","25":"tag-popularakaszinas","26":"tag-top-stories","27":"tag-topstories","28":"tag-zinas"},"share_on_mastodon":{"url":"https:\/\/pubeurope.com\/@lv\/115501911452301826","error":""},"_links":{"self":[{"href":"https:\/\/www.europesays.com\/lv\/wp-json\/wp\/v2\/posts\/41424","targetHints":{"allow":["GET"]}}],"collection":[{"href":"https:\/\/www.europesays.com\/lv\/wp-json\/wp\/v2\/posts"}],"about":[{"href":"https:\/\/www.europesays.com\/lv\/wp-json\/wp\/v2\/types\/post"}],"author":[{"embeddable":true,"href":"https:\/\/www.europesays.com\/lv\/wp-json\/wp\/v2\/users\/2"}],"replies":[{"embeddable":true,"href":"https:\/\/www.europesays.com\/lv\/wp-json\/wp\/v2\/comments?post=41424"}],"version-history":[{"count":0,"href":"https:\/\/www.europesays.com\/lv\/wp-json\/wp\/v2\/posts\/41424\/revisions"}],"wp:featuredmedia":[{"embeddable":true,"href":"https:\/\/www.europesays.com\/lv\/wp-json\/wp\/v2\/media\/41425"}],"wp:attachment":[{"href":"https:\/\/www.europesays.com\/lv\/wp-json\/wp\/v2\/media?parent=41424"}],"wp:term":[{"taxonomy":"category","embeddable":true,"href":"https:\/\/www.europesays.com\/lv\/wp-json\/wp\/v2\/categories?post=41424"},{"taxonomy":"post_tag","embeddable":true,"href":"https:\/\/www.europesays.com\/lv\/wp-json\/wp\/v2\/tags?post=41424"}],"curies":[{"name":"wp","href":"https:\/\/api.w.org\/{rel}","templated":true}]}}