{"id":41431,"date":"2025-11-06T09:05:19","date_gmt":"2025-11-06T09:05:19","guid":{"rendered":"https:\/\/www.europesays.com\/lv\/41431\/"},"modified":"2025-11-06T09:05:19","modified_gmt":"2025-11-06T09:05:19","slug":"formali-neesam-kara-apstaklos-bet-neesam-ari-miera-apstaklos","status":"publish","type":"post","link":"https:\/\/www.europesays.com\/lv\/41431\/","title":{"rendered":"Form\u0101li neesam kara apst\u0101k\u013cos, bet neesam ar\u012b miera apst\u0101k\u013cos"},"content":{"rendered":"<p>Vienlaikus vi\u0146\u0161 atzina, ka tas nav pietiekami, tom\u0113r optim\u0101li \u0161\u0101 br\u012b\u017ea apst\u0101k\u013cos.<\/p>\n<p>Spr\u016bds sav\u0101 uzrun\u0101 izc\u0113la aizsardz\u012bbas nozares priorit\u0101tes. Viena no t\u0101m saist\u012bta ar karav\u012briem. N\u0101kamgad pl\u0101nots apm\u0101c\u012bt 1580 Valsts aizsardz\u012bbas dienesta karav\u012brus, k\u0101 ar\u012b sasniegt 8000 profesion\u0101lo karav\u012bru skaitu. T\u0101pat paredz\u0113ts turpin\u0101t pilnveidot un papla\u0161in\u0101t Zemessardzi.<\/p>\n<p>V\u0113l viena aizsardz\u012bbas nozares priorit\u0101te ir kaujas sp\u0113ju stiprin\u0101\u0161ana, uzsv\u0113ra Spr\u016bds. Vi\u0146\u0161 uzskait\u012bja, ka uguns jaud\u0101, k\u0101jnieku kaujas ma\u0161\u012bn\u0101s un artil\u0113rij\u0101 n\u0101kamgad pl\u0101nots ieguld\u012bt 310 miljonus eiro, pretgaisa aizsardz\u012bb\u0101 &#8211; 204 miljonus eiro, mun\u012bcij\u0101 un ekip\u0113jum\u0101 &#8211; 177 miljonus eiro, artil\u0113rijas, m\u012bnmet\u0113ju un t\u0101l\u0101s darb\u012bbas ra\u0137e\u0161u sist\u0113m\u0101s &#8211; 133 miljonus eiro, dronos un pretdronos, inov\u0101cij\u0101s un tehnolo\u0123ij\u0101s &#8211; 50 miljonus eiro, bet austrumu robe\u017eas stiprin\u0101\u0161an\u0101 &#8211; 55 miljonus eiro.<\/p>\n<p>Spr\u016bds sav\u0101 uzrun\u0101 izc\u0113la ar\u012b S\u0113lijas poligona noz\u012bmi valsts dro\u0161\u012bbas stiprin\u0101\u0161an\u0101.<\/p>\n<p>Ministrs uzsv\u0113ra, ka visaptvero\u0161as aizsardz\u012bbas izpratn\u0113 dro\u0161\u012bbas nodro\u0161in\u0101\u0161ana ir visu kop\u0113j\u0101 atbild\u012bba. &#8220;T\u0101d\u0113\u013c ar\u012b no aizsardz\u012bbas bud\u017eeta 30 miljonus eiro esam novirz\u012bju\u0161i cit\u0101m nozar\u0113m,&#8221; teica Spr\u016bds.<\/p>\n<p>Vi\u0146\u0161 pauda, ka ir svar\u012bgi, lai ieguld\u012bjumi aizsardz\u012bb\u0101 stiprina ar\u012b Latvijas tautsaimniec\u012bbu un iedz\u012bvot\u0101ju labkl\u0101j\u012bbu. Caur aizsardz\u012bbas nozari tautsaimniec\u012bb\u0101 iepl\u016bst ar\u012b noz\u012bm\u012bgs finans\u0113jums &#8211; tie ir papildu nodok\u013cu ie\u0146\u0113mumi, jaunas darbavietas un eksporta potenci\u0101ls, kl\u0101st\u012bja Spr\u016bds.<\/p>\n<p>Jau v\u0113st\u012bts, ka vald\u012bba 14. oktobr\u012b atbalst\u012bja 2026. gada valsts bud\u017eetu, kur\u0101 valsts konsolid\u0113t\u0101 kopbud\u017eeta ie\u0146\u0113mumi pl\u0101noti 16,064 miljardu eiro apm\u0113r\u0101, bet izdevumi &#8211; 17,945 miljardi eiro.<\/p>\n<p>Sal\u012bdzinot ar 2025. gada bud\u017eetu, 2026. gad\u0101 valsts bud\u017eeta ie\u0146\u0113mumu pieaugums p\u0101rsniedz izdevumu pieaugumu. Valsts bud\u017eeta ie\u0146\u0113mumiem pl\u0101nots pieaugums par 944,6 miljoniem eiro, savuk\u0101rt izdevumiem &#8211; par 804,3 miljoniem eiro.<\/p>\n","protected":false},"excerpt":{"rendered":"Vienlaikus vi\u0146\u0161 atzina, ka tas nav pietiekami, tom\u0113r optim\u0101li \u0161\u0101 br\u012b\u017ea apst\u0101k\u013cos. Spr\u016bds sav\u0101 uzrun\u0101 izc\u0113la aizsardz\u012bbas nozares&hellip;\n","protected":false},"author":2,"featured_media":41432,"comment_status":"","ping_status":"","sticky":false,"template":"","format":"standard","meta":{"footnotes":""},"categories":[5],"tags":[23,574,28,29,259,32,33,22,30,31,35,39,38,36,37,34,40,20,26,27,24,25,21],"class_list":{"0":"post-41431","1":"post","2":"type-post","3":"status-publish","4":"format-standard","5":"has-post-thumbnail","7":"category-aktualitates","8":"tag-aktualitates","9":"tag-andris-spruds","10":"tag-breaking-news","11":"tag-breakingnews","12":"tag-budzets","13":"tag-featured-news","14":"tag-featurednews","15":"tag-headlines","16":"tag-latest-news","17":"tag-latestnews","18":"tag-latvia","19":"tag-latvian","20":"tag-latviesu","21":"tag-latviesu-valoda","22":"tag-latviesuvaloda","23":"tag-latvija","24":"tag-lv","25":"tag-news","26":"tag-popularakas-zinas","27":"tag-popularakaszinas","28":"tag-top-stories","29":"tag-topstories","30":"tag-zinas"},"share_on_mastodon":{"url":"https:\/\/pubeurope.com\/@lv\/115501958691806129","error":""},"_links":{"self":[{"href":"https:\/\/www.europesays.com\/lv\/wp-json\/wp\/v2\/posts\/41431","targetHints":{"allow":["GET"]}}],"collection":[{"href":"https:\/\/www.europesays.com\/lv\/wp-json\/wp\/v2\/posts"}],"about":[{"href":"https:\/\/www.europesays.com\/lv\/wp-json\/wp\/v2\/types\/post"}],"author":[{"embeddable":true,"href":"https:\/\/www.europesays.com\/lv\/wp-json\/wp\/v2\/users\/2"}],"replies":[{"embeddable":true,"href":"https:\/\/www.europesays.com\/lv\/wp-json\/wp\/v2\/comments?post=41431"}],"version-history":[{"count":0,"href":"https:\/\/www.europesays.com\/lv\/wp-json\/wp\/v2\/posts\/41431\/revisions"}],"wp:featuredmedia":[{"embeddable":true,"href":"https:\/\/www.europesays.com\/lv\/wp-json\/wp\/v2\/media\/41432"}],"wp:attachment":[{"href":"https:\/\/www.europesays.com\/lv\/wp-json\/wp\/v2\/media?parent=41431"}],"wp:term":[{"taxonomy":"category","embeddable":true,"href":"https:\/\/www.europesays.com\/lv\/wp-json\/wp\/v2\/categories?post=41431"},{"taxonomy":"post_tag","embeddable":true,"href":"https:\/\/www.europesays.com\/lv\/wp-json\/wp\/v2\/tags?post=41431"}],"curies":[{"name":"wp","href":"https:\/\/api.w.org\/{rel}","templated":true}]}}