{"id":41437,"date":"2025-11-06T09:11:14","date_gmt":"2025-11-06T09:11:14","guid":{"rendered":"https:\/\/www.europesays.com\/lv\/41437\/"},"modified":"2025-11-06T09:11:14","modified_gmt":"2025-11-06T09:11:14","slug":"maxima-latvija-piemerots-vairak-neka-18-miljonu-eiro-sods-santa","status":"publish","type":"post","link":"https:\/\/www.europesays.com\/lv\/41437\/","title":{"rendered":"Maxima Latvija piem\u0113rots vair\u0101k nek\u0101 1,8 miljonu eiro sods \u2014 Santa"},"content":{"rendered":"<p>Vi\u0146a sac\u012bja, ka l\u0113mums tiks p\u0101rs\u016bdz\u0113ts. Jau zi\u0146ots, ka pla\u0161\u0101k par konstat\u0113to p\u0101rk\u0101pumu KP inform\u0113s preses konferenc\u0113 ceturtdien, 6. novembr\u012b.\u00a0Sods uz\u0146\u0113mumam piem\u0113rots par Negod\u012bgas tirdzniec\u012bbas prakses aizlieguma likuma p\u0101rk\u0101pumu.<\/p>\n<p>\u00abMaxima Latvija\u00a0\u0161odien sa\u0146\u0113ma Konkurences padomes l\u0113mumu, kur\u0101 uz\u0146\u0113mumam tiek p\u0101rmests, ka tas atsevi\u0161\u0137os gad\u012bjumos nav piekritis pieg\u0101d\u0101t\u0101ju pied\u0101v\u0101tajiem komercnosac\u012bjumiem.<\/p>\n<blockquote><p>&#13;<\/p>\n<p>Maxima Latvija\u00a0kategoriski nepiekr\u012bt Konkurences padomes interpret\u0101cijai. <\/p>\n<p>&#13;\n<\/p><\/blockquote>\n<p>Latvijas likumdo\u0161ana neierobe\u017eo mazumtirgot\u0101ja ties\u012bbas vienoties par pie\u0146emamiem komercnosac\u012bjumiem vai iesp\u0113ju atteikties no pre\u010du ieg\u0101des, ja pied\u0101v\u0101t\u0101 cena nav pie\u0146emama. M\u016bsu uz\u0146\u0113mums vienm\u0113r ir koncentr\u0113jies uz zemu cenu nodro\u0161in\u0101\u0161anu klientiem, kas ietver ar\u012b komercnosac\u012bjumu apsprie\u0161anu ar m\u016bsu partneriem. Sadarb\u012bba ar pieg\u0101d\u0101t\u0101jiem notiek cie\u0146pilni, ko apliecina gan viet\u0113jie, gan starptautiskie partneri. Tas atspogu\u013cojas ar\u012b Konkurences padomei pieejamajos materi\u0101los,\u00bb zi\u0146ojum\u0101 presei raksta\u00a0Maxima Latvija\u00a0p\u0101rst\u0101ve Liene Dupate-Ugule.\u00a0<\/p>\n<p>Jau v\u0113st\u012bjts, ka Maxima Latvija\u00a0pag\u0101ju\u0161aj\u0101 gad\u0101 str\u0101d\u0101ja ar 1,102 miljardu eiro apgroz\u012bjumu, kas ir par 2,6% vair\u0101k nek\u0101 gadu iepriek\u0161, savuk\u0101rt komp\u0101nijas pe\u013c\u0146a samazin\u0101j\u0101s par 10,2% un bija 50,775 miljoni eiro.<\/p>\n<p>Komp\u0101nija re\u0123istr\u0113ta 2000. gada novembr\u012b, un t\u0101s pamatkapit\u0101ls ir 4,91 miljons eiro. Maxima Latvija\u00a0\u012bpa\u0161nieki ir Lietuv\u0101 re\u0123istr\u0113tie uz\u0146\u0113mumi Maxima grupe\u00a0un Maxima LT. Grupa ietilpst Nerijus Numas kontrol\u0113taj\u0101 Lietuvas biznesa grup\u0101 Vilniaus prekyba.<\/p>\n<p>\u00a0<\/p>\n","protected":false},"excerpt":{"rendered":"Vi\u0146a sac\u012bja, ka l\u0113mums tiks p\u0101rs\u016bdz\u0113ts. Jau zi\u0146ots, ka pla\u0161\u0101k par konstat\u0113to p\u0101rk\u0101pumu KP inform\u0113s preses konferenc\u0113 ceturtdien,&hellip;\n","protected":false},"author":2,"featured_media":41438,"comment_status":"","ping_status":"","sticky":false,"template":"","format":"standard","meta":{"footnotes":""},"categories":[5],"tags":[23,28,29,32,33,22,30,31,35,39,38,36,37,34,40,20,26,27,24,25,21],"class_list":{"0":"post-41437","1":"post","2":"type-post","3":"status-publish","4":"format-standard","5":"has-post-thumbnail","7":"category-aktualitates","8":"tag-aktualitates","9":"tag-breaking-news","10":"tag-breakingnews","11":"tag-featured-news","12":"tag-featurednews","13":"tag-headlines","14":"tag-latest-news","15":"tag-latestnews","16":"tag-latvia","17":"tag-latvian","18":"tag-latviesu","19":"tag-latviesu-valoda","20":"tag-latviesuvaloda","21":"tag-latvija","22":"tag-lv","23":"tag-news","24":"tag-popularakas-zinas","25":"tag-popularakaszinas","26":"tag-top-stories","27":"tag-topstories","28":"tag-zinas"},"share_on_mastodon":{"url":"https:\/\/pubeurope.com\/@lv\/115501982348064786","error":""},"_links":{"self":[{"href":"https:\/\/www.europesays.com\/lv\/wp-json\/wp\/v2\/posts\/41437","targetHints":{"allow":["GET"]}}],"collection":[{"href":"https:\/\/www.europesays.com\/lv\/wp-json\/wp\/v2\/posts"}],"about":[{"href":"https:\/\/www.europesays.com\/lv\/wp-json\/wp\/v2\/types\/post"}],"author":[{"embeddable":true,"href":"https:\/\/www.europesays.com\/lv\/wp-json\/wp\/v2\/users\/2"}],"replies":[{"embeddable":true,"href":"https:\/\/www.europesays.com\/lv\/wp-json\/wp\/v2\/comments?post=41437"}],"version-history":[{"count":0,"href":"https:\/\/www.europesays.com\/lv\/wp-json\/wp\/v2\/posts\/41437\/revisions"}],"wp:featuredmedia":[{"embeddable":true,"href":"https:\/\/www.europesays.com\/lv\/wp-json\/wp\/v2\/media\/41438"}],"wp:attachment":[{"href":"https:\/\/www.europesays.com\/lv\/wp-json\/wp\/v2\/media?parent=41437"}],"wp:term":[{"taxonomy":"category","embeddable":true,"href":"https:\/\/www.europesays.com\/lv\/wp-json\/wp\/v2\/categories?post=41437"},{"taxonomy":"post_tag","embeddable":true,"href":"https:\/\/www.europesays.com\/lv\/wp-json\/wp\/v2\/tags?post=41437"}],"curies":[{"name":"wp","href":"https:\/\/api.w.org\/{rel}","templated":true}]}}