{"id":41439,"date":"2025-11-06T09:12:07","date_gmt":"2025-11-06T09:12:07","guid":{"rendered":"https:\/\/www.europesays.com\/lv\/41439\/"},"modified":"2025-11-06T09:12:07","modified_gmt":"2025-11-06T09:12:07","slug":"bijusais-miljonars-valdis-kalnozols-uzcelis-greznu-pusmuizu","status":"publish","type":"post","link":"https:\/\/www.europesays.com\/lv\/41439\/","title":{"rendered":"Biju\u0161ais miljon\u0101rs Valdis Kalnozols uzc\u0113lis greznu pusmui\u017eu"},"content":{"rendered":"<p>Valdis un Krist\u012bne Kalnozoli savu sap\u0146u m\u0101ju s\u0101ka celt pirms desmit gadiem. &#8220;Brauk\u0101jot pa Latviju, esam biju\u0161i daudz\u0101s pusmui\u017e\u0101s. Faktiski ar\u012b m\u016bsu m\u0101ja plat\u012bbas zi\u0146\u0101 ir glu\u017ei k\u0101 t\u0101da pusmui\u017ea,&#8221; \u017eurn\u0101lam saka Kalnozols.<\/p>\n<blockquote class=\"quote ck-widget\" contenteditable=\"false\">\n<p>Lai gan vi\u0146\u0161 ir ar bag\u0101tu pieredzi b\u016bvniec\u012bb\u0101, \u0161is ir pirmais nams, kuru vi\u0146\u0161 b\u016bv\u0113 pats, s\u0101kot no pamatiem l\u012bdz pat durvju sl\u0113dzenei.<\/p>\n<\/blockquote>\n<p>Kalnozolu jaunuzceltais nams atrodas Pier\u012bg\u0101, un pie p\u0101ra m\u0101jas jau iek\u0101rtots gaisa d\u0101rzs, eleganta ang\u013cu stila stikla siltumn\u012bca un iekoptas dobes.<\/p>\n<p>Valdis ar\u012b paslav\u0113ja sievu par prasmi atrast saimniec\u012bb\u0101 ko noder\u012bgu par izdev\u012bg\u0101m cen\u0101m.<\/p>\n<p>&#8220;Parasti k\u0101p\u0146u margas maks\u0101 p\u0101ris t\u016bksto\u0161u, bet sieva t\u0101s ieg\u0101d\u0101j\u0101s par da\u017eiem simtiem. Gr\u012bdas materi\u0101ls veikal\u0101 parasti maks\u0101 30 eiro kvadr\u0101tmetr\u0101, ta\u010du sieva atrada atlaid\u0113s par 5 eiro metr\u0101,&#8221; priec\u0101jas uz\u0146\u0113m\u0113js.<\/p>\n<p>Vair\u0101k lasi \u017eurn\u0101la <a target=\"_blank\" rel=\"noopener noreferrer nofollow\" href=\"https:\/\/www.santa.lv\">&#8220;Priv\u0101t\u0101 Dz\u012bve&#8221;<\/a> 4. novembra numur\u0101!<\/p>\n","protected":false},"excerpt":{"rendered":"Valdis un Krist\u012bne Kalnozoli savu sap\u0146u m\u0101ju s\u0101ka celt pirms desmit gadiem. &#8220;Brauk\u0101jot pa Latviju, esam biju\u0161i daudz\u0101s&hellip;\n","protected":false},"author":2,"featured_media":41440,"comment_status":"","ping_status":"","sticky":false,"template":"","format":"standard","meta":{"footnotes":""},"categories":[19],"tags":[89,90,35,39,38,36,37,34,1429,40,11845],"class_list":{"0":"post-41439","1":"post","2":"type-post","3":"status-publish","4":"format-standard","5":"has-post-thumbnail","7":"category-izklaide","8":"tag-entertainment","9":"tag-izklaide","10":"tag-latvia","11":"tag-latvian","12":"tag-latviesu","13":"tag-latviesu-valoda","14":"tag-latviesuvaloda","15":"tag-latvija","16":"tag-latvijas-zurnali","17":"tag-lv","18":"tag-valdis-kalnozols"},"share_on_mastodon":{"url":"https:\/\/pubeurope.com\/@lv\/115501986230958193","error":""},"_links":{"self":[{"href":"https:\/\/www.europesays.com\/lv\/wp-json\/wp\/v2\/posts\/41439","targetHints":{"allow":["GET"]}}],"collection":[{"href":"https:\/\/www.europesays.com\/lv\/wp-json\/wp\/v2\/posts"}],"about":[{"href":"https:\/\/www.europesays.com\/lv\/wp-json\/wp\/v2\/types\/post"}],"author":[{"embeddable":true,"href":"https:\/\/www.europesays.com\/lv\/wp-json\/wp\/v2\/users\/2"}],"replies":[{"embeddable":true,"href":"https:\/\/www.europesays.com\/lv\/wp-json\/wp\/v2\/comments?post=41439"}],"version-history":[{"count":0,"href":"https:\/\/www.europesays.com\/lv\/wp-json\/wp\/v2\/posts\/41439\/revisions"}],"wp:featuredmedia":[{"embeddable":true,"href":"https:\/\/www.europesays.com\/lv\/wp-json\/wp\/v2\/media\/41440"}],"wp:attachment":[{"href":"https:\/\/www.europesays.com\/lv\/wp-json\/wp\/v2\/media?parent=41439"}],"wp:term":[{"taxonomy":"category","embeddable":true,"href":"https:\/\/www.europesays.com\/lv\/wp-json\/wp\/v2\/categories?post=41439"},{"taxonomy":"post_tag","embeddable":true,"href":"https:\/\/www.europesays.com\/lv\/wp-json\/wp\/v2\/tags?post=41439"}],"curies":[{"name":"wp","href":"https:\/\/api.w.org\/{rel}","templated":true}]}}