{"id":41451,"date":"2025-11-06T09:23:07","date_gmt":"2025-11-06T09:23:07","guid":{"rendered":"https:\/\/www.europesays.com\/lv\/41451\/"},"modified":"2025-11-06T09:23:07","modified_gmt":"2025-11-06T09:23:07","slug":"konkurences-padome-maxima-latvija-uzlikusi-vairakus-tiesiskos-pienakumus-apollo-lv","status":"publish","type":"post","link":"https:\/\/www.europesays.com\/lv\/41451\/","title":{"rendered":"Konkurences padome &quot;Maxima Latvija&quot; uzlikusi vair\u0101kus tiesiskos pien\u0101kumus &#8211; Apollo.lv"},"content":{"rendered":"<ol>\n<li><a href=\"https:\/\/news.google.com\/rss\/articles\/CBMipAFBVV95cUxOeUJLcWNhTEpzR1RaTkxWbVJPT0MzUzhyUVl0Zy10eG5aNFR3bldYTTZJb2hkOUJRTlZ1VlJPSy1GckEwVjU1M1RabDMzUjZENXNTU2JuWldHTzNHQTlERmJQLTBlZ1JlZzczQ3JWaXpNUlJWUFdmTWduQzhDenZJaV9pSE5XVVBzYzZVa1VwWEZaSF9xQXV6N1g0QkFCLVVldGpSVw?oc=5\" target=\"_blank\" rel=\"nofollow noopener\">Konkurences padome &#8220;Maxima Latvija&#8221; uzlikusi vair\u0101kus tiesiskos pien\u0101kumus<\/a>&nbsp;&nbsp;Apollo.lv<\/li>\n<li><a href=\"https:\/\/news.google.com\/rss\/articles\/CBMikwFBVV95cUxNb0VQbGVSNWxEakRRQm02NGVHM25CTW9JNm1wUV9GVkwzN04yUG5FZjRZN3NXQ0dMTEVjbzRTYWRIVFMtMGp2T0pZalNmOGJJaTNDaFJSbUFVR2lPeW1RX3pJSlFVNVZzUTNOSW1NeWRWczhVMkJsY1RRQ2xqYWNYSHRqY1hyTlJiUEthc29NbkoxWjg?oc=5\" target=\"_blank\" rel=\"nofollow noopener\">Konkurences padome inform\u0113 par &#8220;Maxima Latvija&#8221; piem\u0113roto sodu<\/a>&nbsp;&nbsp;TVNET<\/li>\n<li><a href=\"https:\/\/news.google.com\/rss\/articles\/CBMiygFBVV95cUxOTnp2RnM1dWNTdXdmeTdJSUxWTFZZdFRJU1RWZkNkMlNRMmhmd1RNQzY0VHZpLXhOYm1CazBWcnRMay1URXNWNzlYOVcxcmp0UWtxeGEzNlZtRl9IekplZkdoSXMzdkJPYUZOOUpSRVphQUJpU3Y3NkVNNzRSX0tyT1d6N0x3WGstbzIyeTJzNUlHVVg3Z0g0U05Ca0FkTEpub0lmVDkzaGg5VTZRSkU3Wk1JZTYwUEhxLUw2Vm83MW1xcnpzYmN6YUpB?oc=5\" target=\"_blank\" rel=\"nofollow noopener\">Vienam no liel\u0101kajiem p\u0101rtikas mazumtirdzniec\u012bbas uz\u0146\u0113mumiem Latvij\u0101 piesprie\u017e 1,8 miljonu eiro sodu<\/a>&nbsp;&nbsp;Apollo.lv<\/li>\n<li><a href=\"https:\/\/news.google.com\/rss\/articles\/CBMi3AFBVV95cUxPd2l1NTQ1U09lWFNqQnEzcG9kNnNDeURQam5WbVVvODZ3ZHdiVEU3RFhsYjlKd0N4QTFWNVpWZ2NCWGExYktESk9yTHVTd2lNc0pQZk45ZmlhSkl5Q21kNFRvTWRRV005cXVPRnBrZG92bDdKNDZLN19aS2tnWllRaXo2NVJ6WVNBbEVJOVRLMDVaaElVdGJRTlZkVlRtd3owQjRGYzZYY3NxRTkwdTR1NjlXMmNtb3NOdkV6UWJ5YndCcEpMc19ReWtxOXN3aFA3YTRvTF80c2I5SV93?oc=5\" target=\"_blank\" rel=\"nofollow noopener\">&#8220;Maxima Latvija&#8221; dusmojas par KP l\u0113mumu uzlikt 1,8 miljonu eiro sodu; l\u0113mumu apstr\u012bd\u0113s<\/a>&nbsp;&nbsp;Delfi<\/li>\n<li><a href=\"https:\/\/news.google.com\/rss\/articles\/CBMihAFBVV95cUxQdTZKQVZxUmExLXFjUk9xTGx6Wmh6MXJERmV0ZE1MRnVYR21pTmlBSkt1dmtXb05iZ1R1aEp1SzRmTXA3YTdRTkpZZmhTaXlOVkphMFFIZnpGYndHVWdDWkZyNUhwc0h1OWJ1dUw0UWVaa2JRMUN4aGdzcGJ6bDBucmtMdmc?oc=5\" target=\"_blank\" rel=\"nofollow noopener\">Papildin\u0101ta &#8211; 1,8 miljonu eiro sods Maxima Latvija<\/a>&nbsp;&nbsp;Dienas Bizness<\/li>\n<\/ol>\n","protected":false},"excerpt":{"rendered":"Konkurences padome &#8220;Maxima Latvija&#8221; uzlikusi vair\u0101kus tiesiskos pien\u0101kumus&nbsp;&nbsp;Apollo.lv Konkurences padome inform\u0113 par &#8220;Maxima Latvija&#8221; piem\u0113roto sodu&nbsp;&nbsp;TVNET Vienam no&hellip;\n","protected":false},"author":2,"featured_media":41452,"comment_status":"","ping_status":"","sticky":false,"template":"","format":"standard","meta":{"footnotes":""},"categories":[5],"tags":[23,28,29,32,33,22,667,30,31,35,39,38,36,37,34,40,11848,20,26,27,375,24,25,21],"class_list":{"0":"post-41451","1":"post","2":"type-post","3":"status-publish","4":"format-standard","5":"has-post-thumbnail","7":"category-aktualitates","8":"tag-aktualitates","9":"tag-breaking-news","10":"tag-breakingnews","11":"tag-featured-news","12":"tag-featurednews","13":"tag-headlines","14":"tag-konkurences-padome","15":"tag-latest-news","16":"tag-latestnews","17":"tag-latvia","18":"tag-latvian","19":"tag-latviesu","20":"tag-latviesu-valoda","21":"tag-latviesuvaloda","22":"tag-latvija","23":"tag-lv","24":"tag-maxima-latvija","25":"tag-news","26":"tag-popularakas-zinas","27":"tag-popularakaszinas","28":"tag-tiesa","29":"tag-top-stories","30":"tag-topstories","31":"tag-zinas"},"share_on_mastodon":{"url":"https:\/\/pubeurope.com\/@lv\/115502029389974309","error":""},"_links":{"self":[{"href":"https:\/\/www.europesays.com\/lv\/wp-json\/wp\/v2\/posts\/41451","targetHints":{"allow":["GET"]}}],"collection":[{"href":"https:\/\/www.europesays.com\/lv\/wp-json\/wp\/v2\/posts"}],"about":[{"href":"https:\/\/www.europesays.com\/lv\/wp-json\/wp\/v2\/types\/post"}],"author":[{"embeddable":true,"href":"https:\/\/www.europesays.com\/lv\/wp-json\/wp\/v2\/users\/2"}],"replies":[{"embeddable":true,"href":"https:\/\/www.europesays.com\/lv\/wp-json\/wp\/v2\/comments?post=41451"}],"version-history":[{"count":0,"href":"https:\/\/www.europesays.com\/lv\/wp-json\/wp\/v2\/posts\/41451\/revisions"}],"wp:featuredmedia":[{"embeddable":true,"href":"https:\/\/www.europesays.com\/lv\/wp-json\/wp\/v2\/media\/41452"}],"wp:attachment":[{"href":"https:\/\/www.europesays.com\/lv\/wp-json\/wp\/v2\/media?parent=41451"}],"wp:term":[{"taxonomy":"category","embeddable":true,"href":"https:\/\/www.europesays.com\/lv\/wp-json\/wp\/v2\/categories?post=41451"},{"taxonomy":"post_tag","embeddable":true,"href":"https:\/\/www.europesays.com\/lv\/wp-json\/wp\/v2\/tags?post=41451"}],"curies":[{"name":"wp","href":"https:\/\/api.w.org\/{rel}","templated":true}]}}