{"id":41457,"date":"2025-11-06T09:28:15","date_gmt":"2025-11-06T09:28:15","guid":{"rendered":"https:\/\/www.europesays.com\/lv\/41457\/"},"modified":"2025-11-06T09:28:15","modified_gmt":"2025-11-06T09:28:15","slug":"jauna-zirnu-proteina-rupnica-jelgava-sak-piesaistit-specialistus-vai-vietejo-darbinieku-pietiks-raksts","status":"publish","type":"post","link":"https:\/\/www.europesays.com\/lv\/41457\/","title":{"rendered":"Jaun\u0101 zir\u0146u prote\u012bna r\u016bpn\u012bca Jelgav\u0101 s\u0101k piesaist\u012bt speci\u0101listus. Vai viet\u0113jo darbinieku pietiks? \/ Raksts"},"content":{"rendered":"<p>Jaun\u0101 zir\u0146u prote\u012bna ra\u017eotne Jelgav\u0101 jau ieguvusi r\u016bpn\u012bcas apveidus. Darbi notiek piln\u0101 spar\u0101, un r\u016bpn\u012bcu iecer\u0113ts palaist n\u0101kam\u0101 gada otraj\u0101 pus\u0113, lai var\u0113tu s\u0101kt testa ra\u017eo\u0161anu. Piln\u0101 apjom\u0101 ra\u017eotne darbu s\u0101ks 2027. gad\u0101.\u00a0Pa\u0161laik uz\u0146\u0113muma vad\u012bba s\u0101kusi darbinieku piesaisti, kas, zinot probl\u0113mas ar darbasp\u0113ka pieejam\u012bbu, nav viegls uzdevums.\u00a0<\/p>\n<p>Jaun\u0101 zir\u0146u prote\u012bna r\u016bpn\u012bca Jelgav\u0101<\/p>\n<p>Mekl\u0113 viet\u0113jos darbiniekus\u00a0<\/p>\n<p>&#8220;Liela da\u013ca ir zem jumta un sien\u0101m. Visas iek\u0101rtas ir pieg\u0101d\u0101tas, pa\u0161laik izvietojam telp\u0101s. Jau nosedzam \u0113kas t\u0101, lai uz ziemu varam p\u0101riet uz darbiem iek\u0161telp\u0101s. Tas noz\u012bm\u0113, ka uz pavasari, vasaras s\u0101kumu b\u016bsim vair\u0101k vai maz\u0101k gatavi,&#8221; izr\u0101dot topo\u0161o ra\u017eotni, past\u0101st\u012bja\u00a0&#8220;Asns Ingredient&#8221; valdes loceklis Edgars Ru\u017ea.<\/p>\n<p>            <img decoding=\"async\" src=\"https:\/\/www.europesays.com\/lv\/wp-content\/uploads\/2025\/11\/rxkw.jpg\" alt=\"&quot;Asns Ingredient&quot; valdes loceklis Edgars Ru\u017ea.\"\/><\/p>\n<p>&#8220;Asns Ingredient&#8221; valdes loceklis Edgars Ru\u017ea.<\/p>\n<p>Foto: Sandra Diezi\u0146a \/ Latvijas Radio<\/p>\n<\/p>\n<p>Apk\u0101rt ros\u0101s b\u016bvnieki, kas veic iek\u0101rtu metin\u0101\u0161anu un mont\u0113\u0161anu, lej gr\u012bdas, labiek\u0101rto apk\u0101rtni. Pavisam objekt\u0101 nodarbin\u0101ti ap 200 str\u0101d\u0101jo\u0161o. Pa\u0161laik \u0101r\u0113jie darbi tuvojas nosl\u0113guma f\u0101zei. Paral\u0113li tiek piesaist\u012bti r\u016bpn\u012bcas darbinieki.\u00a0<\/p>\n<p>&#8220;Esam jau atlas\u012bju\u0161i pirm\u0101s k\u0101rtas in\u017eenierus, vad\u012bt\u0101jus. Pa\u0161laik atlas\u0101m cehu vad\u012bt\u0101jus. Protams, pats izaicino\u0161\u0101kais b\u016bs tad, kad b\u016bs j\u0101atlasa pamatdarbinieki,&#8221; atzina Ru\u017ea.\u00a0<\/p>\n<p>\u0160\u012b ir viena no probl\u0113m\u0101m, kas tuv\u0101kaj\u0101 laik\u0101 b\u016bs j\u0101risina.\u00a0<\/p>\n<blockquote>\n<p>&#8220;M\u0113\u0123in\u0101m ekonomiku sild\u012bt, piesaistot\u00a0darbiniekus,\u00a0bet vi\u0146u jau mums \u0161eit nav. Taj\u0101 pa\u0161\u0101 laik\u0101 esam absol\u016bti pret to, lai kaut ko import\u0113tu,&#8221; akcent\u0113ja Ru\u017ea.\u00a0<\/p>\n<\/blockquote>\n<p>Uz\u0146\u0113mums sadarbojas ar Jelgavas pa\u0161vald\u012bbu, izgl\u012btojot n\u0101kamos darbiniekus un\u00a0veidojot \u012bpa\u0161u apm\u0101c\u012bbu programmu. Savuk\u0101rt sadarb\u012bb\u0101\u00a0ar Latvijas Biozin\u0101t\u0146u un tehnolo\u0123iju universit\u0101ti b\u016bs n\u0101kamais solis, lai veidotu p\u0113t\u012bjumus, rad\u012btu jaunus produktus un uz\u0146\u0113mumus.\u00a0<\/p>\n<p>Jau tagad b\u016bvniec\u012bbas proces\u0101 priek\u0161roka tiek dota viet\u0113jiem uz\u0146\u0113m\u0113jiem.\u00a0&#8220;\u013boti kategoriski esam str\u0101d\u0101ju\u0161i ar saviem pieg\u0101d\u0101t\u0101jiem, ka \u0161eit visus darbus veiks tikai viet\u0113jie. S\u0101kotn\u0113ji bija pras\u012bba, l\u016bk, \u0161\u012bs iek\u0101rtas j\u0101metina po\u013ciem, \u0161\u012bs \u2013\u00a0it\u0101\u013ciem un \u0161\u012bs \u2013 citiem, bet m\u0113s nost\u0101j\u0101mies pat \u013coti kategoriski, ka \u2013 n\u0113.\u00a0<\/p>\n<blockquote>\n<p>M\u0113s uzticamies latvie\u0161iem lab\u0101k nek\u0101 po\u013ciem vai k\u0101dam citam un zin\u0101m, ka m\u0113s kop\u012bgi stiprin\u0101m savu\u00a0 ekonomiku un valsti.&#8221;<\/p>\n<\/blockquote>\n<p><img decoding=\"async\" src=\"https:\/\/www.europesays.com\/lv\/wp-content\/uploads\/2025\/11\/rxkx.jpg\" alt=\"Jaun\u0101s zir\u0146u prote\u012bna r\u016bpn\u012bcas b\u016bvniec\u012bba Jelgav\u0101\"\/>Jaun\u0101s zir\u0146u prote\u012bna r\u016bpn\u012bcas b\u016bvniec\u012bba Jelgav\u0101<\/p>\n<p>Foto: Sandra Diezi\u0146a \/ Latvijas Radio<\/p>\n<p><img decoding=\"async\" src=\"https:\/\/www.europesays.com\/lv\/wp-content\/uploads\/2025\/11\/rxky.jpg\" alt=\"Jaun\u0101s zir\u0146u prote\u012bna r\u016bpn\u012bcas b\u016bvniec\u012bba Jelgav\u0101\"\/>Jaun\u0101s zir\u0146u prote\u012bna r\u016bpn\u012bcas b\u016bvniec\u012bba Jelgav\u0101<\/p>\n<p>Foto: Sandra Diezi\u0146a \/ Latvijas Radio<\/p>\n<p><img decoding=\"async\" src=\"https:\/\/www.europesays.com\/lv\/wp-content\/uploads\/2025\/11\/rxku.jpg\" alt=\"Jaun\u0101s zir\u0146u prote\u012bna r\u016bpn\u012bcas b\u016bvniec\u012bba Jelgav\u0101\"\/>Jaun\u0101s zir\u0146u prote\u012bna r\u016bpn\u012bcas b\u016bvniec\u012bba Jelgav\u0101<\/p>\n<p>Foto: Sandra Diezi\u0146a \/ Latvijas Radio<\/p>\n<\/p>\n<p>Orient\u0113jas uz Eiropas tirgu<\/p>\n<p>Paral\u0113li darbinieku piesaistei uz\u0146\u0113mums pl\u0101no noieta tirgu. Ru\u017ea saka, ka p\u0113d\u0113j\u0101 gada laik\u0101 tirgi ir main\u012bju\u0161ies l\u012bdz ar ASV prezidenta prognoz\u0113taj\u0101m un neprognoz\u0113taj\u0101m izmai\u0146\u0101m, tostarp tarifiem.\u00a0<\/p>\n<p>Gatav\u0101s produkcijas galvenais noieta tirgus pl\u0101nots Eirop\u0101, kur v\u0113rojams strauj\u0161 piepras\u012bjuma pieaugums p\u0113c augu valsts produktiem. Jelgav\u0101 paredz\u0113ts rad\u012bt produktus ar augstu pievienoto v\u0113rt\u012bbu. Izejvielu \u2013 zir\u0146us \u2013 pamat\u0101 pl\u0101nots iepirkt no kooperat\u012bvu &#8220;Latraps&#8221;, &#8220;Barkavas arodi&#8221; un &#8220;Durbes grauds&#8221; biedriem, kas p\u0113d\u0113jos gados zir\u0146u plat\u012bbas strauji palielin\u0101ju\u0161i.<\/p>\n<p>P\u0113c Lauku atbalsta dienesta datiem, \u0161ogad zir\u0146us audz\u0113ja 46 000 ha plat\u012bb\u0101, bet pirms 5 gadiem \u2013 14 000 ha. Uz\u0146\u0113muma vad\u012bt\u0101ju nebied\u0113, ka izejvielu\u00a0var\u0113tu pietr\u016bkt.\u00a0<\/p>\n<p>&#8220;Zirnis ir m\u016bsu kult\u016braugs, tas ir piem\u0113rots m\u016bsu klimatam un tas ir lauksaimniekam vajadz\u012bgs. J\u0101, tur ir izaicin\u0101jumi nokul\u0161anas laik\u0101, bet, kad atceros, k\u0101 s\u0101k\u0101m rapsi audz\u0113t, ar\u012b bija daudz vair\u0101k izaicin\u0101jumu, un \u0161obr\u012bd neviens nebaid\u0101s no rap\u0161a,&#8221; sac\u012bja Ru\u017ea.\u00a0<\/p>\n<p>Invest\u012bcijas l\u012bdz 150 miljoniem eiro, vair\u0101k nek\u0101 100 darbavietu\u00a0<\/p>\n<p>Latvijas Lauksaimniec\u012bbas kooperat\u012bvu asoci\u0101cijas (LLKA) valdes priek\u0161s\u0113d\u0113t\u0101js Rolands Feldmanis uzsv\u0113ra,\u00a0ka jaun\u0101 r\u016bpn\u012bca b\u016bs noz\u012bm\u012bga ne tikai tautsaimniec\u012bbai un Latvijas ekonomikai, bet ar\u012b pa\u0161ai nozarei.\u00a0<\/p>\n<p>&#8220;Svar\u012bgas ir invest\u012bcijas un tie miljoni, ko invest\u0113. Lielu da\u013cu, vismaz pusi, invest\u0113 \u0101rvalstu investors. T\u0101 ir nauda Latvijas ekonomikai. T\u0101 ir iesp\u0113ja kaut ko vair\u0101k sara\u017eot, k\u0101pin\u0101t produktivit\u0101ti, \u012bpa\u0161i \u0161ajos apst\u0101k\u013cos, kad m\u016bs apdraud Krievijas agresija.\u00a0<\/p>\n<blockquote>\n<p>Tas ir liels pan\u0101kums \u2013 dab\u016bt \u0161eit investoru.\u00a0<\/p>\n<\/blockquote>\n<p>Daudzi investori no Latvijas ir atk\u0101pu\u0161ies, un jaunas invest\u012bcijas lauksaimniec\u012bbas nozar\u0113 ir svar\u012bgi kopum\u0101 p\u0101rtikai, p\u0101rtikas att\u012bst\u012bbai, dro\u0161\u012bbai. \u0160is projekts pal\u012bdz\u0113s ne tikai kooper\u0101cijai, bet ar\u012b lauksaimniec\u012bbai kopum\u0101. Turkl\u0101t kooper\u0101cijai tas ir \u013coti labs piem\u0113rs,&#8221; sac\u012bja Feldmanis.\u00a0<\/p>\n<p>Kop\u0113j\u0101s invest\u012bcijas jaunaj\u0101 ra\u017eotn\u0113 pl\u0101notas l\u012bdz 150 miljoniem eiro, un taj\u0101 rad\u012bs vair\u0101k nek\u0101 100 jaunu darbavietu. R\u016bpn\u012bc\u0101 p\u0101rstr\u0101d\u0101s 70 000 tonnu zir\u0146u gad\u0101 un ra\u017eos zir\u0146u prote\u012bna izol\u0101tu, cieti, prote\u012bna koncentr\u0101tu un \u0161\u0137iedrvielas.\u00a0<\/p>\n<p>Sagaid\u0101ms, ka n\u0101kotn\u0113 konkurence \u0161aj\u0101 jom\u0101 tikai augs, jo tagad s\u0101ku\u0161ies projekt\u0113\u0161anas darbi v\u0113l vair\u0101k\u0101m cit\u0101m r\u016bpn\u012bc\u0101m, tostarp Zviedrij\u0101.<\/p>\n<p>                    Valodas k\u013c\u016bda rakst\u0101?<\/p>\n<p class=\"d-none d-md-block\">Iez\u012bm\u0113jiet tekstu un spiediet Ctrl+Enter, lai nos\u016bt\u012btu labojamo teksta fragmentu redaktoram! Par faktu k\u013c\u016bd\u0101m l\u016bdzam zi\u0146ot e-past\u0101 <a href=\"https:\/\/www.lsm.lv\/cdn-cgi\/l\/email-protection\" class=\"__cf_email__\" data-cfemail=\"e0928584818b83898a81a08c938dce8c96\" rel=\"nofollow noopener\" target=\"_blank\">[email\u00a0protected]<\/a>.<\/p>\n<p class=\"d-md-none\">Iez\u012bm\u0113jiet tekstu un spiediet uz Zi\u0146ot par k\u013c\u016bdu pogas, lai nos\u016bt\u012btu labojamo teksta fragmentu redaktoram!<\/p>\n<p>\n                    Zi\u0146ot par k\u013c\u016bdu\n                <\/p>\n","protected":false},"excerpt":{"rendered":"Jaun\u0101 zir\u0146u prote\u012bna ra\u017eotne Jelgav\u0101 jau ieguvusi r\u016bpn\u012bcas apveidus. Darbi notiek piln\u0101 spar\u0101, un r\u016bpn\u012bcu iecer\u0113ts palaist n\u0101kam\u0101&hellip;\n","protected":false},"author":2,"featured_media":41458,"comment_status":"","ping_status":"","sticky":false,"template":"","format":"standard","meta":{"footnotes":""},"categories":[12],"tags":[23,28,29,32,33,22,30,31,35,39,38,36,37,34,40,20,26,27,24,25,21],"class_list":{"0":"post-41457","1":"post","2":"type-post","3":"status-publish","4":"format-standard","5":"has-post-thumbnail","7":"category-latvija","8":"tag-aktualitates","9":"tag-breaking-news","10":"tag-breakingnews","11":"tag-featured-news","12":"tag-featurednews","13":"tag-headlines","14":"tag-latest-news","15":"tag-latestnews","16":"tag-latvia","17":"tag-latvian","18":"tag-latviesu","19":"tag-latviesu-valoda","20":"tag-latviesuvaloda","21":"tag-latvija","22":"tag-lv","23":"tag-news","24":"tag-popularakas-zinas","25":"tag-popularakaszinas","26":"tag-top-stories","27":"tag-topstories","28":"tag-zinas"},"share_on_mastodon":{"url":"https:\/\/pubeurope.com\/@lv\/115502049174011947","error":""},"_links":{"self":[{"href":"https:\/\/www.europesays.com\/lv\/wp-json\/wp\/v2\/posts\/41457","targetHints":{"allow":["GET"]}}],"collection":[{"href":"https:\/\/www.europesays.com\/lv\/wp-json\/wp\/v2\/posts"}],"about":[{"href":"https:\/\/www.europesays.com\/lv\/wp-json\/wp\/v2\/types\/post"}],"author":[{"embeddable":true,"href":"https:\/\/www.europesays.com\/lv\/wp-json\/wp\/v2\/users\/2"}],"replies":[{"embeddable":true,"href":"https:\/\/www.europesays.com\/lv\/wp-json\/wp\/v2\/comments?post=41457"}],"version-history":[{"count":0,"href":"https:\/\/www.europesays.com\/lv\/wp-json\/wp\/v2\/posts\/41457\/revisions"}],"wp:featuredmedia":[{"embeddable":true,"href":"https:\/\/www.europesays.com\/lv\/wp-json\/wp\/v2\/media\/41458"}],"wp:attachment":[{"href":"https:\/\/www.europesays.com\/lv\/wp-json\/wp\/v2\/media?parent=41457"}],"wp:term":[{"taxonomy":"category","embeddable":true,"href":"https:\/\/www.europesays.com\/lv\/wp-json\/wp\/v2\/categories?post=41457"},{"taxonomy":"post_tag","embeddable":true,"href":"https:\/\/www.europesays.com\/lv\/wp-json\/wp\/v2\/tags?post=41457"}],"curies":[{"name":"wp","href":"https:\/\/api.w.org\/{rel}","templated":true}]}}