{"id":41459,"date":"2025-11-06T09:30:08","date_gmt":"2025-11-06T09:30:08","guid":{"rendered":"https:\/\/www.europesays.com\/lv\/41459\/"},"modified":"2025-11-06T09:30:08","modified_gmt":"2025-11-06T09:30:08","slug":"pec-dabas-esmu-loti-greizsirdigs","status":"publish","type":"post","link":"https:\/\/www.europesays.com\/lv\/41459\/","title":{"rendered":"P\u0113c dabas esmu \u013coti greizsird\u012bgs"},"content":{"rendered":"<p>Seri\u0101l\u0101 tiek \u0161\u0137etin\u0101ts st\u0101sts par tur\u012bga p\u0101ra \u0161\u0137ietami ide\u0101laj\u0101m attiec\u012bb\u0101m, un jau pirmaj\u0101 s\u0113rij\u0101 Una, kuru atveido Madara Botmane, un D\u0101vis, kuru t\u0113lo Normunds Laiz\u0101ns, nododas gultas priekiem. Pirmizr\u0101d\u0113 bija kl\u0101t ar\u012b re\u017eisors <a href=\"https:\/\/sejas.tvnet.lv\/term\/557917\/regnars-vaivars\" class=\"topicLink\" target=\"_blank\" rel=\"nofollow noopener\">Regn\u0101rs Vaivars<\/a>.<\/p>\n<p>\u017durn\u0101lam &#8220;Priv\u0101t\u0101 Dz\u012bve&#8221; vi\u0146\u0161 atz\u012bst, ka skat\u012bties uz Madaras \u0146em\u0161anos seri\u0101l\u0101 ir mazliet joc\u012bgi.<\/p>\n<p><img decoding=\"async\" class=\"figure__image\" onclick=\"triggerEvent('articleImageClick', { id: 14222604, focus: 'single-image', focusIndex: '14222604' })\" onkeydown=\"if (event.key === 'Enter') {&#10;        triggerEvent('articleImageClick', { id: 14222604, focus: 'single-image', focusIndex: '14222604' })&#10;        }\" role=\"button\" tabindex=\"0\" data-focus-from=\"single-image\" data-focus-index=\"14222604\" src=\"https:\/\/www.europesays.com\/lv\/wp-content\/uploads\/2025\/11\/14222604t1h7e0a.jpg\" onload=\"this.parentElement.classList.remove('figure__image-loading')\" alt=\"Madara Botmane un Regn\u0101rs Vaivars.\"\/>Madara Botmane un Regn\u0101rs Vaivars. Foto: Evija Trifanova\/LETA<\/p>\n<p>&#8220;Bet t\u0101da nu reiz ir vi\u0146as profesija. Es ar interesi gaid\u012b\u0161u n\u0101kam\u0101s s\u0113rijas,&#8221; t\u0101 Regn\u0101rs.<\/p>\n<blockquote class=\"quote ck-widget\" contenteditable=\"false\">\n<p>Vaic\u0101ts, k\u0101 sadz\u012bvo ar to, ka seri\u0101l\u0101 vi\u0146a sieva \u013caujas pikant\u0101m ain\u0101m ar citu, Vaivars teic: &#8220;P\u0113c dabas esmu \u013coti greizsird\u012bgs.&#8221;<\/p>\n<\/blockquote>\n<p>Vi\u0146\u0161 turpina: &#8220;Saprotot, ka no t\u0101 j\u0101tiek va\u013c\u0101, esmu ar sevi daudz str\u0101d\u0101jis. Mokoties ar greizsird\u012bbu, tu \u013caunumu nodari tikai pats sev. Bet \u0161obr\u012bd varu teikt, ka no greizsird\u012bbas esmu veiksm\u012bgi ticis va\u013c\u0101.&#8221;<\/p>\n<p>K\u0101 zin\u0101ms, re\u017eisors Regn\u0101rs Vaivars ar aktrisi Madaru Botmani laul\u012bb\u0101 ir jau 11 gadus.<\/p>\n<p>Vair\u0101k lasi \u017eurn\u0101la <a target=\"_blank\" rel=\"noopener noreferrer nofollow\" href=\"https:\/\/www.santa.lv\">&#8220;Priv\u0101t\u0101 Dz\u012bve&#8221;<\/a> 4. novembra numur\u0101!<\/p>\n","protected":false},"excerpt":{"rendered":"Seri\u0101l\u0101 tiek \u0161\u0137etin\u0101ts st\u0101sts par tur\u012bga p\u0101ra \u0161\u0137ietami ide\u0101laj\u0101m attiec\u012bb\u0101m, un jau pirmaj\u0101 s\u0113rij\u0101 Una, kuru atveido Madara&hellip;\n","protected":false},"author":2,"featured_media":41460,"comment_status":"","ping_status":"","sticky":false,"template":"","format":"standard","meta":{"footnotes":""},"categories":[19],"tags":[89,90,35,39,38,36,37,34,1429,40,11850],"class_list":{"0":"post-41459","1":"post","2":"type-post","3":"status-publish","4":"format-standard","5":"has-post-thumbnail","7":"category-izklaide","8":"tag-entertainment","9":"tag-izklaide","10":"tag-latvia","11":"tag-latvian","12":"tag-latviesu","13":"tag-latviesu-valoda","14":"tag-latviesuvaloda","15":"tag-latvija","16":"tag-latvijas-zurnali","17":"tag-lv","18":"tag-regnars-vaivars"},"share_on_mastodon":{"url":"https:\/\/pubeurope.com\/@lv\/115502056959621361","error":""},"_links":{"self":[{"href":"https:\/\/www.europesays.com\/lv\/wp-json\/wp\/v2\/posts\/41459","targetHints":{"allow":["GET"]}}],"collection":[{"href":"https:\/\/www.europesays.com\/lv\/wp-json\/wp\/v2\/posts"}],"about":[{"href":"https:\/\/www.europesays.com\/lv\/wp-json\/wp\/v2\/types\/post"}],"author":[{"embeddable":true,"href":"https:\/\/www.europesays.com\/lv\/wp-json\/wp\/v2\/users\/2"}],"replies":[{"embeddable":true,"href":"https:\/\/www.europesays.com\/lv\/wp-json\/wp\/v2\/comments?post=41459"}],"version-history":[{"count":0,"href":"https:\/\/www.europesays.com\/lv\/wp-json\/wp\/v2\/posts\/41459\/revisions"}],"wp:featuredmedia":[{"embeddable":true,"href":"https:\/\/www.europesays.com\/lv\/wp-json\/wp\/v2\/media\/41460"}],"wp:attachment":[{"href":"https:\/\/www.europesays.com\/lv\/wp-json\/wp\/v2\/media?parent=41459"}],"wp:term":[{"taxonomy":"category","embeddable":true,"href":"https:\/\/www.europesays.com\/lv\/wp-json\/wp\/v2\/categories?post=41459"},{"taxonomy":"post_tag","embeddable":true,"href":"https:\/\/www.europesays.com\/lv\/wp-json\/wp\/v2\/tags?post=41459"}],"curies":[{"name":"wp","href":"https:\/\/api.w.org\/{rel}","templated":true}]}}