{"id":41478,"date":"2025-11-06T10:01:07","date_gmt":"2025-11-06T10:01:07","guid":{"rendered":"https:\/\/www.europesays.com\/lv\/41478\/"},"modified":"2025-11-06T10:01:07","modified_gmt":"2025-11-06T10:01:07","slug":"vef-skiras-no-saspeles-vaditaja-leimana-basketbols-sportacentrs-com","status":"publish","type":"post","link":"https:\/\/www.europesays.com\/lv\/41478\/","title":{"rendered":"VEF \u0161\u0137iras no sasp\u0113les vad\u012bt\u0101ja Leima\u0146a \u2013 Basketbols \u2013 Sportacentrs.com"},"content":{"rendered":"<p>&#8220;VEF R\u012bga&#8221; sast\u0101va papildin\u0101\u0161anu ar Ventspils basketbola audz\u0113kni Tomu Leimani izzi\u0146oja 6. oktobr\u012b, bet \u0161odien klubs ofici\u0101li dar\u012bjis zin\u0101mu l\u0113mumu par \u0161\u0137ir\u0161anos no sp\u0113l\u0113t\u0101ja. Leimanis jau nepiedal\u012bj\u0101s Vefi\u0146a iepriek\u0161\u0113j\u0101 sp\u0113l\u0113 pret &#8220;Liep\u0101ju&#8221;.<\/p>\n<p>Meln\u0101 n\u0101ve pagalam nesekm\u012bgi aizvad\u012bjusi pirmo sp\u0113\u013cu apli FIBA \u010cempionu l\u012bg\u0101. Par sp\u012bti sal\u012bdzino\u0161i paroc\u012bgai izlozei, pirmaj\u0101s tr\u012bs sp\u0113l\u0113s piedz\u012bvoti tikai zaud\u0113jumi. Leimanis tr\u012bs \u010cempionu l\u012bgas ma\u010dos caurm\u0113r\u0101 guva 6,3 punktus un izdar\u012bja divas rezultat\u012bvas piesp\u0113les. Savuk\u0101rt viet\u0113j\u0101 \u010dempion\u0101t\u0101 jeb Latvijas &#8211; Igaunijas l\u012bg\u0101 sasp\u0113les vad\u012bt\u0101js piecos ma\u010dos vid\u0113ji guva 5,4 punktus un izdar\u012bja 2,2 rezultat\u012bvas piesp\u0113les.<\/p>\n<p>\u0160\u012b sezona Leimanim s\u0101k\u0101s jau august\u0101, kad basketbolists dev\u0101s uz Meksikas \u010dempion\u0101tu, kur sp\u0113l\u0113ja kop\u0101 ar Kri\u0161u Helmani \u010dempion\u0101ta fin\u0101lu sasniegu\u0161aj\u0101 &#8220;Diablos Rojos&#8221; komand\u0101. Tom\u0113r latvie\u0161u sasp\u0113les vad\u012bt\u0101js pirms izsl\u0113g\u0161anas sp\u0113l\u0113m atst\u0101ja komandu.<\/p>\n<p>Karjeras gait\u0101 Leimanis p\u0101rst\u0101v\u0113jis &#8220;Ventspili&#8221;, &#8220;Liep\u0101ju&#8221; un &#8220;Valku\/Valgu&#8221;. 2018. gad\u0101 basketbolists dev\u0101s le\u0123ion\u0101ra gait\u0101s, sp\u0113l\u0113jot Gre\u0137ijas otraj\u0101 l\u012bg\u0101, Sp\u0101nijas otraj\u0101 l\u012bg\u0101, Ukrain\u0101 un Lietuv\u0101.<\/p>\n<p>N\u0101kam\u0101 &#8220;VEF R\u012bga&#8221; sp\u0113le paredz\u0113ta sestdien, kad M\u0101rti\u0146a Gulbja tren\u0113t\u0101 komanda &#8220;Rimi&#8221; Olimpiskaj\u0101 centr\u0101 uz\u0146ems &#8220;Ogri&#8221;. Latvijas &#8211; Igaunijas apvienotaj\u0101 l\u012bg\u0101 ar se\u0161\u0101m uzvar\u0101m asto\u0146\u0101s sp\u0113l\u0113s pandas ie\u0146em ceturto poz\u012bciju turn\u012bra kopv\u0113rt\u0113juma tabul\u0101.<\/p>\n<blockquote class=\"twitter-tweet\">\n<p lang=\"lv\" dir=\"ltr\">Inform\u0113jam, ka p\u0113c abpus\u0113jas vieno\u0161an\u0101s esam p\u0101rtrauku\u0161i sadarb\u012bbu ar sasp\u0113les vad\u012bt\u0101ju Tomu Leimani. <\/p>\n<p>Paldies Tomam par ieguld\u012bto darbu &#8220;VEF R\u012bga&#8221; komand\u0101, nov\u0113lam veiksmi un pan\u0101kumus turpm\u0101kaj\u0101 karjer\u0101! \ud83d\udda4 <a href=\"https:\/\/t.co\/7yWpAypRlT\" rel=\"nofollow\">pic.twitter.com\/7yWpAypRlT<\/a><\/p>\n<p>\u2014 VEF R\u012bga (@vefriga) <a href=\"https:\/\/twitter.com\/vefriga\/status\/1986361350549807506?ref_src=twsrc%5Etfw\" rel=\"nofollow noopener\" target=\"_blank\">November 6, 2025<\/a><\/p><\/blockquote>\n<p>                    <script async src=\"https:\/\/platform.twitter.com\/widgets.js\" charset=\"utf-8\"><\/script><\/p>\n","protected":false},"excerpt":{"rendered":"&#8220;VEF R\u012bga&#8221; sast\u0101va papildin\u0101\u0161anu ar Ventspils basketbola audz\u0113kni Tomu Leimani izzi\u0146oja 6. oktobr\u012b, bet \u0161odien klubs ofici\u0101li dar\u012bjis&hellip;\n","protected":false},"author":2,"featured_media":41479,"comment_status":"","ping_status":"","sticky":false,"template":"","format":"standard","meta":{"footnotes":""},"categories":[17],"tags":[145,35,39,38,36,37,34,1313,1314,1312,40,67],"class_list":{"0":"post-41478","1":"post","2":"type-post","3":"status-publish","4":"format-standard","5":"has-post-thumbnail","7":"category-sports","8":"tag-basketbols","9":"tag-latvia","10":"tag-latvian","11":"tag-latviesu","12":"tag-latviesu-valoda","13":"tag-latviesuvaloda","14":"tag-latvija","15":"tag-latvijas-basketbola-liga","16":"tag-latvijas-basketbols","17":"tag-lbl","18":"tag-lv","19":"tag-sports"},"share_on_mastodon":{"url":"https:\/\/pubeurope.com\/@lv\/115502178808834743","error":""},"_links":{"self":[{"href":"https:\/\/www.europesays.com\/lv\/wp-json\/wp\/v2\/posts\/41478","targetHints":{"allow":["GET"]}}],"collection":[{"href":"https:\/\/www.europesays.com\/lv\/wp-json\/wp\/v2\/posts"}],"about":[{"href":"https:\/\/www.europesays.com\/lv\/wp-json\/wp\/v2\/types\/post"}],"author":[{"embeddable":true,"href":"https:\/\/www.europesays.com\/lv\/wp-json\/wp\/v2\/users\/2"}],"replies":[{"embeddable":true,"href":"https:\/\/www.europesays.com\/lv\/wp-json\/wp\/v2\/comments?post=41478"}],"version-history":[{"count":0,"href":"https:\/\/www.europesays.com\/lv\/wp-json\/wp\/v2\/posts\/41478\/revisions"}],"wp:featuredmedia":[{"embeddable":true,"href":"https:\/\/www.europesays.com\/lv\/wp-json\/wp\/v2\/media\/41479"}],"wp:attachment":[{"href":"https:\/\/www.europesays.com\/lv\/wp-json\/wp\/v2\/media?parent=41478"}],"wp:term":[{"taxonomy":"category","embeddable":true,"href":"https:\/\/www.europesays.com\/lv\/wp-json\/wp\/v2\/categories?post=41478"},{"taxonomy":"post_tag","embeddable":true,"href":"https:\/\/www.europesays.com\/lv\/wp-json\/wp\/v2\/tags?post=41478"}],"curies":[{"name":"wp","href":"https:\/\/api.w.org\/{rel}","templated":true}]}}