{"id":41484,"date":"2025-11-06T10:08:07","date_gmt":"2025-11-06T10:08:07","guid":{"rendered":"https:\/\/www.europesays.com\/lv\/41484\/"},"modified":"2025-11-06T10:08:07","modified_gmt":"2025-11-06T10:08:07","slug":"akciju-cenas-asv-un-eiropas-birzas-pieaug-dienas-bizness","status":"publish","type":"post","link":"https:\/\/www.europesays.com\/lv\/41484\/","title":{"rendered":"Akciju cenas ASV un Eiropas bir\u017e\u0101s pieaug :: Dienas Bizness"},"content":{"rendered":"<p class=\"text-font font-size--text-xlarge margin-3--bottom font-weight--bold padding-1--top\">Akciju cenas Volstr\u012bt\u0101 un Eiropas bir\u017e\u0101s tre\u0161dien pieauga, negaid\u012bti labiem ASV nodarbin\u0101t\u012bbas datiem mazinot ba\u017eas par ASV ekonomiku.<\/p>\n<p class=\"text-font font-size--text-xlarge margin-3--bottom\">ASV priv\u0101taj\u0101 sektor\u0101 oktobr\u012b tika rad\u012bti 42 000 jaunu darbavietu, t\u0101d\u0113j\u0101di re\u0123istr\u0113ts strauj\u0101ks k\u0101pums par prognoz\u0113to, liecina komp\u0101nijas ADP apkopot\u0101 inform\u0101cija. Anal\u012bti\u0137i bija prognoz\u0113ju\u0161i, ka ASV priv\u0101taj\u0101 sektor\u0101 oktobr\u012b tiks rad\u012bti 25 000 darbavietu. Turkl\u0101t priv\u0101taj\u0101 sektor\u0101 pag\u0101ju\u0161aj\u0101 m\u0113nes\u012b jaunas darbvietas rad\u012btas pirmo reizi kop\u0161 j\u016blija.<\/p>\n<p class=\"text-font font-size--text-xlarge margin-3--bottom\">ADP dati piesaist\u012bja uzman\u012bbu, jo tie ir da\u017ei no nedaudzajiem ASV ekonomikas r\u0101dit\u0101jiem, kas publiskoti p\u0113d\u0113j\u0101s ned\u0113\u013c\u0101s kop\u0161 ASV vald\u012bbas darba aptur\u0113\u0161anas. Tie ar\u012b pal\u012bdz\u0113s noteikt investoru priek\u0161statu par to, vai ASV Feder\u0101l\u0101 rezervju sist\u0113ma (FRS) decembr\u012b samazin\u0101s procentlikmes.<\/p>\n<p class=\"text-font font-size--text-xlarge margin-3--bottom\">ASV pakalpojumu nozares aktivit\u0101tes indekss oktobr\u012b bija 52,4 punkti, kas ir lab\u0101k\u0101 l\u012bmen\u012b par anal\u012bti\u0137u prognoz\u0113tajiem 50,9 punktiem un nor\u0101da uz izaugsmi.<\/p>\n<p class=\"text-font font-size--text-xlarge margin-3--bottom\">ASV bir\u017eu indekss &#8220;Dow Jones Industrial Average&#8221; tre\u0161dien pieauga par 0,5% l\u012bdz 47 311,00 punktiem, indekss &#8220;Standard &amp; Poor&#8217;s 500&#8221; k\u0101pa par 0,4% l\u012bdz 6796,29 punktiem, bet indekss &#8220;Nasdaq Composite&#8221; palielin\u0101j\u0101s par 0,7% l\u012bdz 23 499,80 punktiem.<\/p>\n<p class=\"text-font font-size--text-xlarge margin-3--bottom\">Londonas bir\u017eas indekss FTSE 100 tre\u0161dien pieauga par 0,6% l\u012bdz 9777,08 punktiem, Par\u012bzes bir\u017eas indekss CAC 40 palielin\u0101j\u0101s par maz\u0101k nek\u0101 0,1% l\u012bdz 8074,23 punktiem, bet Frankfurtes bir\u017eas indekss DAX pieauga par 0,4% l\u012bdz 24 049,74 punktiem.<\/p>\n<p class=\"text-font font-size--text-xlarge margin-3--bottom\">\u0145ujorkas bir\u017eas elektroniskaj\u0101 tirdzniec\u012bb\u0101 WTI markas j\u0113lnaftas cena tre\u0161dien krit\u0101s par 1,6% l\u012bdz 59,62 ASV dol\u0101riem par barelu. &#8220;Brent&#8221; markas j\u0113lnaftas cena Londonas bir\u017e\u0101 saruka par 1,4% l\u012bdz 63,52 dol\u0101riem par barelu.<\/p>\n<p class=\"text-font font-size--text-xlarge margin-3--bottom\">N\u012bderlandes bir\u017e\u0101 &#8220;Title Transfer Facility&#8221; (TTF) dabasg\u0101zes cena tre\u0161dien krit\u0101s par 2,3% l\u012bdz 31,82 eiro par megavatstundu.<\/p>\n<p class=\"text-font font-size--text-xlarge margin-3--bottom\">Eiro v\u0113rt\u012bba pret ASV dol\u0101ru tre\u0161dien pieauga no 1,1482 l\u012bdz 1,1488 dol\u0101riem par eiro, britu m\u0101rci\u0146as v\u0113rt\u012bba pret ASV dol\u0101ru k\u0101pa no 1,3021 l\u012bdz 1,3048 dol\u0101riem par m\u0101rci\u0146u, bet ASV dol\u0101ra v\u0113rt\u012bba pret Jap\u0101nas jenu palielin\u0101j\u0101s no 153,67 l\u012bdz 154,13 jen\u0101m par dol\u0101ru. Eiro v\u0113rt\u012bba pret britu m\u0101rci\u0146u krit\u0101s no 88,18 l\u012bdz 88,14 pensiem par eiro.<\/p>\n","protected":false},"excerpt":{"rendered":"Akciju cenas Volstr\u012bt\u0101 un Eiropas bir\u017e\u0101s tre\u0161dien pieauga, negaid\u012bti labiem ASV nodarbin\u0101t\u012bbas datiem mazinot ba\u017eas par ASV ekonomiku.&hellip;\n","protected":false},"author":2,"featured_media":41485,"comment_status":"","ping_status":"","sticky":false,"template":"","format":"standard","meta":{"footnotes":""},"categories":[16],"tags":[869,77,870,76,867,35,39,38,36,37,34,871,868,40,21],"class_list":{"0":"post-41484","1":"post","2":"type-post","3":"status-publish","4":"format-standard","5":"has-post-thumbnail","7":"category-bizness","8":"tag-biznesa-zinas","9":"tag-bizness","10":"tag-bizness-latvija","11":"tag-business","12":"tag-dienas-zinas","13":"tag-latvia","14":"tag-latvian","15":"tag-latviesu","16":"tag-latviesu-valoda","17":"tag-latviesuvaloda","18":"tag-latvija","19":"tag-latvijas-biznesa-zinas","20":"tag-latvijas-zinas","21":"tag-lv","22":"tag-zinas"},"share_on_mastodon":{"url":"https:\/\/pubeurope.com\/@lv\/115502206364939166","error":""},"_links":{"self":[{"href":"https:\/\/www.europesays.com\/lv\/wp-json\/wp\/v2\/posts\/41484","targetHints":{"allow":["GET"]}}],"collection":[{"href":"https:\/\/www.europesays.com\/lv\/wp-json\/wp\/v2\/posts"}],"about":[{"href":"https:\/\/www.europesays.com\/lv\/wp-json\/wp\/v2\/types\/post"}],"author":[{"embeddable":true,"href":"https:\/\/www.europesays.com\/lv\/wp-json\/wp\/v2\/users\/2"}],"replies":[{"embeddable":true,"href":"https:\/\/www.europesays.com\/lv\/wp-json\/wp\/v2\/comments?post=41484"}],"version-history":[{"count":0,"href":"https:\/\/www.europesays.com\/lv\/wp-json\/wp\/v2\/posts\/41484\/revisions"}],"wp:featuredmedia":[{"embeddable":true,"href":"https:\/\/www.europesays.com\/lv\/wp-json\/wp\/v2\/media\/41485"}],"wp:attachment":[{"href":"https:\/\/www.europesays.com\/lv\/wp-json\/wp\/v2\/media?parent=41484"}],"wp:term":[{"taxonomy":"category","embeddable":true,"href":"https:\/\/www.europesays.com\/lv\/wp-json\/wp\/v2\/categories?post=41484"},{"taxonomy":"post_tag","embeddable":true,"href":"https:\/\/www.europesays.com\/lv\/wp-json\/wp\/v2\/tags?post=41484"}],"curies":[{"name":"wp","href":"https:\/\/api.w.org\/{rel}","templated":true}]}}