{"id":41496,"date":"2025-11-06T10:33:13","date_gmt":"2025-11-06T10:33:13","guid":{"rendered":"https:\/\/www.europesays.com\/lv\/41496\/"},"modified":"2025-11-06T10:33:13","modified_gmt":"2025-11-06T10:33:13","slug":"francija-aizdomas-par-aicinajumiem-uz-pasnavibu-uzsak-kriminalizmeklesanu-pret-tiktok-raksts","status":"publish","type":"post","link":"https:\/\/www.europesays.com\/lv\/41496\/","title":{"rendered":"Francija aizdom\u0101s par aicin\u0101jumiem uz pa\u0161n\u0101v\u012bbu uzs\u0101k krimin\u0101lizmekl\u0113\u0161anu pret \u00abTikTok\u00bb \/ Raksts"},"content":{"rendered":"<p>Par\u012bzes prokurat\u016bra ir uzs\u0101kusi krimin\u0101lizmekl\u0113\u0161anu pret popul\u0101ro videoapmai\u0146as vietni &#8220;TikTok&#8221; saist\u012bb\u0101 ar aps\u016bdz\u012bb\u0101m, ka soci\u0101lais medijs at\u013cauj izvietot saturu, kas mudina uz pa\u0161n\u0101v\u012bbu, un ka t\u0101 algoritmi var mudin\u0101t neaizsarg\u0101tus jaunie\u0161us izdar\u012bt pa\u0161n\u0101v\u012bbu.\u00a0<\/p>\n<p>Izmekl\u0113\u0161ana uzs\u0101kta p\u0113c tam, kad vair\u0101kas Francijas \u0123imenes v\u0113rs\u0101s ties\u0101 pret &#8220;TikTok&#8221;, bet Francijas parlamenta apak\u0161pal\u0101t\u0101 Nacion\u0101laj\u0101 asamblej\u0101 uzs\u0101ka izmekl\u0113\u0161anu par &#8220;TikTok&#8221; psiholo\u0123isko ietekmi uz b\u0113rniem.\u00a0<\/p>\n<p>Iepriek\u0161 ar\u012b cilv\u0113kties\u012bbu organiz\u0101cija &#8220;Amnesty International&#8221; un Francijas Sen\u0101ts n\u0101ca klaj\u0101 ar zi\u0146ojumiem par &#8220;TikTok&#8221; negat\u012bvo ietekmi uz b\u0113rniem un pusaud\u017eiem.\u00a0<\/p>\n<p>Par\u012bzes prokurat\u016bras pazi\u0146ojum\u0101 teikts, ka izmekl\u0113\u0161an\u0101 tiks p\u0101rbaud\u012bts &#8220;saturs, kas veicina pa\u0161n\u0101v\u012bbu&#8221;, k\u0101 ar\u012b tas, vai &#8220;TikTok&#8221; ir iev\u0113rojis pien\u0101kumu pazi\u0146ot varasiest\u0101d\u0113m par starpnieku izdar\u012btajiem p\u0101rk\u0101pumiem.\u00a0<\/p>\n<p>Rea\u0123\u0113jot uz uzs\u0101kto izmekl\u0113\u0161anu, &#8220;TikTok&#8221; p\u0101rst\u0101vji pazi\u0146oja, ka soci\u0101lais medijs ir izstr\u0101d\u0101jis vair\u0101kus r\u012bkus, kas nodro\u0161in\u0101tu b\u0113rnu un pusaud\u017eu dro\u0161\u012bbu un labkl\u0101j\u012bbu, k\u0101 ar\u012b dz\u0113stu nev\u0113lamu saturu, pirms tas tiek apskat\u012bts.<\/p>\n<p>                    Valodas k\u013c\u016bda rakst\u0101?<\/p>\n<p class=\"d-none d-md-block\">Iez\u012bm\u0113jiet tekstu un spiediet Ctrl+Enter, lai nos\u016bt\u012btu labojamo teksta fragmentu redaktoram! Par faktu k\u013c\u016bd\u0101m l\u016bdzam zi\u0146ot e-past\u0101 <a href=\"https:\/\/www.lsm.lv\/cdn-cgi\/l\/email-protection\" class=\"__cf_email__\" data-cfemail=\"582a3d3c39333b31323918342b3576342e\" rel=\"nofollow noopener\" target=\"_blank\">[email\u00a0protected]<\/a>.<\/p>\n<p class=\"d-md-none\">Iez\u012bm\u0113jiet tekstu un spiediet uz Zi\u0146ot par k\u013c\u016bdu pogas, lai nos\u016bt\u012btu labojamo teksta fragmentu redaktoram!<\/p>\n<p>\n                    Zi\u0146ot par k\u013c\u016bdu\n                <\/p>\n","protected":false},"excerpt":{"rendered":"Par\u012bzes prokurat\u016bra ir uzs\u0101kusi krimin\u0101lizmekl\u0113\u0161anu pret popul\u0101ro videoapmai\u0146as vietni &#8220;TikTok&#8221; saist\u012bb\u0101 ar aps\u016bdz\u012bb\u0101m, ka soci\u0101lais medijs at\u013cauj izvietot&hellip;\n","protected":false},"author":2,"featured_media":41497,"comment_status":"","ping_status":"","sticky":false,"template":"","format":"standard","meta":{"footnotes":""},"categories":[14],"tags":[23,57,28,29,32,33,22,30,31,35,39,38,36,37,34,40,20,26,27,24,25,54,55,56,21,58],"class_list":{"0":"post-41496","1":"post","2":"type-post","3":"status-publish","4":"format-standard","5":"has-post-thumbnail","7":"category-zinas-no-arvalstim","8":"tag-aktualitates","9":"tag-arvalstim","10":"tag-breaking-news","11":"tag-breakingnews","12":"tag-featured-news","13":"tag-featurednews","14":"tag-headlines","15":"tag-latest-news","16":"tag-latestnews","17":"tag-latvia","18":"tag-latvian","19":"tag-latviesu","20":"tag-latviesu-valoda","21":"tag-latviesuvaloda","22":"tag-latvija","23":"tag-lv","24":"tag-news","25":"tag-popularakas-zinas","26":"tag-popularakaszinas","27":"tag-top-stories","28":"tag-topstories","29":"tag-world","30":"tag-world-news","31":"tag-worldnews","32":"tag-zinas","33":"tag-zinas-no-arvalstim"},"share_on_mastodon":{"url":"https:\/\/pubeurope.com\/@lv\/115502304635956004","error":""},"_links":{"self":[{"href":"https:\/\/www.europesays.com\/lv\/wp-json\/wp\/v2\/posts\/41496","targetHints":{"allow":["GET"]}}],"collection":[{"href":"https:\/\/www.europesays.com\/lv\/wp-json\/wp\/v2\/posts"}],"about":[{"href":"https:\/\/www.europesays.com\/lv\/wp-json\/wp\/v2\/types\/post"}],"author":[{"embeddable":true,"href":"https:\/\/www.europesays.com\/lv\/wp-json\/wp\/v2\/users\/2"}],"replies":[{"embeddable":true,"href":"https:\/\/www.europesays.com\/lv\/wp-json\/wp\/v2\/comments?post=41496"}],"version-history":[{"count":0,"href":"https:\/\/www.europesays.com\/lv\/wp-json\/wp\/v2\/posts\/41496\/revisions"}],"wp:featuredmedia":[{"embeddable":true,"href":"https:\/\/www.europesays.com\/lv\/wp-json\/wp\/v2\/media\/41497"}],"wp:attachment":[{"href":"https:\/\/www.europesays.com\/lv\/wp-json\/wp\/v2\/media?parent=41496"}],"wp:term":[{"taxonomy":"category","embeddable":true,"href":"https:\/\/www.europesays.com\/lv\/wp-json\/wp\/v2\/categories?post=41496"},{"taxonomy":"post_tag","embeddable":true,"href":"https:\/\/www.europesays.com\/lv\/wp-json\/wp\/v2\/tags?post=41496"}],"curies":[{"name":"wp","href":"https:\/\/api.w.org\/{rel}","templated":true}]}}