{"id":41605,"date":"2025-11-06T12:23:07","date_gmt":"2025-11-06T12:23:07","guid":{"rendered":"https:\/\/www.europesays.com\/lv\/41605\/"},"modified":"2025-11-06T12:23:07","modified_gmt":"2025-11-06T12:23:07","slug":"pec-divu-dienu-debatem-saeima-konceptuali-atbalsta-nakama-gada-budzetu","status":"publish","type":"post","link":"https:\/\/www.europesays.com\/lv\/41605\/","title":{"rendered":"P\u0113c divu dienu debat\u0113m Saeim\u0101 konceptu\u0101li atbalsta n\u0101kam\u0101 gada bud\u017eetu"},"content":{"rendered":"<p class=\"lead mb-md-2 mb-1 js-tv3-orphus\">P\u0113c gandr\u012bz 14 stundu debat\u0113m Saeima pirmaj\u0101 las\u012bjum\u0101 apstiprin\u0101jusi 2026. gada valsts bud\u017eetu un ar to saist\u012btos likumprojektus. Par bud\u017eetu balsoja 51 deput\u0101ts, pret \u2013 45.\n<\/p>\n<p>Dro\u0161\u012bba un aizsardz\u012bba: papildu 448 miljoni eiro valsts aizsardz\u012bbai.<\/p>\n<p>\u0122imenes atbalsts:<\/p>\n<ul>\n<li>b\u0113rna kop\u0161anas pabalsts l\u012bdz 1,5 gadu vecumam \u2014 298 eiro m\u0113nes\u012b (iepriek\u0161 171 eiro);<\/li>\n<li>b\u0113rna piedzim\u0161anas pabalsts palielin\u0101ts l\u012bdz 600 eiro;<\/li>\n<li>pabalsti aizbild\u0146iem un adopt\u0113t\u0101jiem b\u016btiski pieaug.<\/li>\n<\/ul>\n<p>Izgl\u012bt\u012bba: saglab\u0101ts finans\u0113juma pieaugums skol\u0101m un augst\u0101kajai izgl\u012bt\u012bbai.<\/p>\n<p>Nodok\u013cu izmai\u0146as<\/p>\n<p>No 2025. gada palielin\u0101s akc\u012bzes nodoklis alkoholam, tabakai, saldin\u0101tajiem un ener\u0123ijas dz\u0113rieniem.<\/p>\n<ul>\n<li>Cena stiprajam alkoholam pieaugs par ~0,27 eiro, bet l\u012bdz 2028. gadam \u2013 par 0,51 eiro pudel\u0113.<\/li>\n<li>Cigare\u0161u paci\u0146a l\u012bdz 2028. gadam sad\u0101rdzin\u0101sies par aptuveni 2,20 eiro.<\/li>\n<\/ul>\n<p>No 2028. gada atcels samazin\u0101to nodokli degvielai br\u012bvost\u0101s.<\/p>\n<p>Izdienas pensiju reforma<\/p>\n<p>Pensiju sist\u0113mu pl\u0101nots vien\u0101dot un p\u0101rskat\u012bt, lai mazin\u0101tu at\u0161\u0137ir\u012bbas starp profesij\u0101m.<\/p>\n<p>Agr\u0101kas pensijas saglab\u0101s tikai tiem, kuru darbs saist\u012bts ar risku (ugunsdz\u0113s\u0113ji, gl\u0101b\u0113ji u.c.).<\/p>\n<p>No sist\u0113mas izsl\u0113gs prokurorus, tiesne\u0161us, diplom\u0101tus un kult\u016bras darbiniekus.<\/p>\n<p>Izmai\u0146as ieviestas pak\u0101peniski no 2027. gada.<\/p>\n<p>Fisk\u0101lie r\u0101d\u012bt\u0101ji<\/p>\n<p>Ie\u0146\u0113mumi: 16,06 miljardi eiro<\/p>\n<p>Izdevumi: 17,95 miljardi eiro<\/p>\n<p>Bud\u017eeta defic\u012bts: 3,3% no IKP<\/p>\n<p>Valsts par\u0101ds: zem 55% no IKP<\/p>\n<p>Pl\u0101notas ES fondu invest\u012bcijas vair\u0101k nek\u0101 viena miljarda eiro apm\u0113r\u0101 un pa\u0161vald\u012bbu ie\u0146\u0113mumu pieaugums par 151 miljonu.<\/p>\n<p class=\"tv3-fw-500\">Zi\u0146o par k\u013c\u016bdu rakst\u0101<\/p>\n<p class=\"d-md-block d-none\">Iez\u012bm\u0113 k\u013c\u016bdaino tekstu un spied Ctrl+Enter.<\/p>\n<p class=\"d-md-none d-block\">Iez\u012bm\u0113 k\u013c\u016bdaino tekstu un zi\u0146o par to!<\/p>\n","protected":false},"excerpt":{"rendered":"P\u0113c gandr\u012bz 14 stundu debat\u0113m Saeima pirmaj\u0101 las\u012bjum\u0101 apstiprin\u0101jusi 2026. gada valsts bud\u017eetu un ar to saist\u012btos likumprojektus.&hellip;\n","protected":false},"author":2,"featured_media":41606,"comment_status":"","ping_status":"","sticky":false,"template":"","format":"standard","meta":{"footnotes":""},"categories":[5],"tags":[23,28,29,32,33,11876,22,30,31,35,39,38,36,37,34,40,20,26,27,24,25,21],"class_list":{"0":"post-41605","1":"post","2":"type-post","3":"status-publish","4":"format-standard","5":"has-post-thumbnail","7":"category-aktualitates","8":"tag-aktualitates","9":"tag-breaking-news","10":"tag-breakingnews","11":"tag-featured-news","12":"tag-featurednews","13":"tag-finansu-ministrijavalsts-budzets","14":"tag-headlines","15":"tag-latest-news","16":"tag-latestnews","17":"tag-latvia","18":"tag-latvian","19":"tag-latviesu","20":"tag-latviesu-valoda","21":"tag-latviesuvaloda","22":"tag-latvija","23":"tag-lv","24":"tag-news","25":"tag-popularakas-zinas","26":"tag-popularakaszinas","27":"tag-top-stories","28":"tag-topstories","29":"tag-zinas"},"share_on_mastodon":{"url":"https:\/\/pubeurope.com\/@lv\/115502737377593417","error":""},"_links":{"self":[{"href":"https:\/\/www.europesays.com\/lv\/wp-json\/wp\/v2\/posts\/41605","targetHints":{"allow":["GET"]}}],"collection":[{"href":"https:\/\/www.europesays.com\/lv\/wp-json\/wp\/v2\/posts"}],"about":[{"href":"https:\/\/www.europesays.com\/lv\/wp-json\/wp\/v2\/types\/post"}],"author":[{"embeddable":true,"href":"https:\/\/www.europesays.com\/lv\/wp-json\/wp\/v2\/users\/2"}],"replies":[{"embeddable":true,"href":"https:\/\/www.europesays.com\/lv\/wp-json\/wp\/v2\/comments?post=41605"}],"version-history":[{"count":0,"href":"https:\/\/www.europesays.com\/lv\/wp-json\/wp\/v2\/posts\/41605\/revisions"}],"wp:featuredmedia":[{"embeddable":true,"href":"https:\/\/www.europesays.com\/lv\/wp-json\/wp\/v2\/media\/41606"}],"wp:attachment":[{"href":"https:\/\/www.europesays.com\/lv\/wp-json\/wp\/v2\/media?parent=41605"}],"wp:term":[{"taxonomy":"category","embeddable":true,"href":"https:\/\/www.europesays.com\/lv\/wp-json\/wp\/v2\/categories?post=41605"},{"taxonomy":"post_tag","embeddable":true,"href":"https:\/\/www.europesays.com\/lv\/wp-json\/wp\/v2\/tags?post=41605"}],"curies":[{"name":"wp","href":"https:\/\/api.w.org\/{rel}","templated":true}]}}