{"id":41611,"date":"2025-11-06T12:29:07","date_gmt":"2025-11-06T12:29:07","guid":{"rendered":"https:\/\/www.europesays.com\/lv\/41611\/"},"modified":"2025-11-06T12:29:07","modified_gmt":"2025-11-06T12:29:07","slug":"andzelina-dzolija-apmeklejusi-kara-plosito-hersonu-jauns-lv","status":"publish","type":"post","link":"https:\/\/www.europesays.com\/lv\/41611\/","title":{"rendered":"And\u017eelina D\u017eolija apmekl\u0113jusi kara plos\u012bto Hersonu &#8211; Jauns.lv"},"content":{"rendered":"<ol>\n<li><a href=\"https:\/\/news.google.com\/rss\/articles\/CBMilAFBVV95cUxPeEl6eURzSFZRaU9EYm1GaTJLelFrSmhQSVh0ZkZvcGZlOVBiZFRBcjlQdDhQNzRaWXJ6d3NFZTdkbXd4dmttYnFGM2NwSUFObEplSTJ5TEh1Y0MxcDlrTXJfdGlDZnZQNW8yOFVaOFF0V1dCaWlub3VXa2xTbVpLbHYwNjN6RnlueGpjNG1wUW1JNkQx?oc=5\" target=\"_blank\" rel=\"nofollow noopener\">And\u017eelina D\u017eolija apmekl\u0113jusi kara plos\u012bto Hersonu<\/a>&nbsp;&nbsp;Jauns.lv<\/li>\n<li><a href=\"https:\/\/news.google.com\/rss\/articles\/CBMivwFBVV95cUxPUFdkVEhkMDhzcU1rdnl2NGNzZ0NEMDFxZFpTMkpUVVNSNGh5a1VoSjJReXVodXRyV1ZJMnhRdXV1MmU0d000OVp5bkRfMmhjbUV1MGtzZktIOFN2cTctdXY5QXBMYmpWVVNDb0x1LVZwWjlEQmRWV2N3THZOaWQ4R1duVlI0anlTZXNmS2JZUkFla0JvZ3o0Nl9VMU1ncW1VR0E0bGV1NEM1RXd3a1ZNcEpmcmFHdEdoNDYxV2dCbw?oc=5\" target=\"_blank\" rel=\"nofollow noopener\">And\u017eel\u012bna D\u017eolija, apmekl\u0113jot Ukrainu, sask\u0101r\u0101s ar negaid\u012btu incidentu<\/a>&nbsp;&nbsp;Delfi<\/li>\n<li><a href=\"https:\/\/news.google.com\/rss\/articles\/CBMiygFBVV95cUxOOFp6UGpENjZvS1FZR3pkT3JBdEJpekJoSmE5bFlGa1oyd0VKcEVhMjd0RHI4OUlOUGJIWEQtdFM0d2VLOU1GRGZmTHJBUXdGdHdfVnRpVUFtc25FV04xLUFyWVprU1pfNGNGM3ZmU25VaUkyNGV0dElfZk1BM0pITmNBME1VSzAwY2ZSZ3VLbXB3aVdMS2d3eHhMT0xpbkdGM25lUlFhUk02ejlScHd2TmI4TmYwa3pJd3FINXEwLUVGZXVWVjlCX3NB?oc=5\" target=\"_blank\" rel=\"nofollow noopener\">And\u017eel\u012bna D\u017eolija p\u0101rsteidz visus un ierodas vien\u0101 no Ukrainas b\u012bstam\u0101kajiem apgabaliem<\/a>&nbsp;&nbsp;Santa.lv<\/li>\n<li><a href=\"https:\/\/news.google.com\/rss\/articles\/CBMihwFBVV95cUxQLTI4d09fTmFFR2RZR0oycl9icnY4NjU0N0FsVWV3bXZjbGFkUEhMOEtjdnNIdzRLX3V2dUlBWTNSQy1TNlhZQVlaWVZzaDBDaE04N1VoS2wzQmVyWTktSzdIUy1tTGpzQjRDYVNBaWhnRl9MMllHZG9RYTdScWlOWUNCX0VBOHc?oc=5\" target=\"_blank\" rel=\"nofollow noopener\">And\u017eel\u012bna D\u017eolija apmekl\u0113 kara plos\u012bto Hersonu<\/a>&nbsp;&nbsp;NRA<\/li>\n<li><a href=\"https:\/\/news.google.com\/rss\/articles\/CBMipwFBVV95cUxNV3NOU2xRNXludDd3WU1OSDVUQi1kbUpwdDQzZ2MwMzk0NEhzb0FZcWo1UXNzQUxtQjNEMTNuaGlDVnY5cW5NbDR1YzItVDkwcmVCdjlCbUxiZ3g3SDRiRDg4dEYyQThSRXpqeWVxaVVLWnlaaUhYaTRmRGc5eUNjR0xlRm96ZzVjMEFkM3h4cVVRT21EREJGbTh6dHphcDVUc0Vyb0ZTcw?oc=5\" target=\"_blank\" rel=\"nofollow noopener\">And\u017eel\u012bna D\u017eolija negaid\u012bti ierodas Ukrain\u0101; tiek aiztur\u0113ts vi\u0146as \u0161oferis<\/a>&nbsp;&nbsp;tv3.lv<\/li>\n<\/ol>\n","protected":false},"excerpt":{"rendered":"And\u017eelina D\u017eolija apmekl\u0113jusi kara plos\u012bto Hersonu&nbsp;&nbsp;Jauns.lv And\u017eel\u012bna D\u017eolija, apmekl\u0113jot Ukrainu, sask\u0101r\u0101s ar negaid\u012btu incidentu&nbsp;&nbsp;Delfi And\u017eel\u012bna D\u017eolija p\u0101rsteidz visus&hellip;\n","protected":false},"author":2,"featured_media":41612,"comment_status":"","ping_status":"","sticky":false,"template":"","format":"standard","meta":{"footnotes":""},"categories":[5],"tags":[23,28,29,32,33,22,30,31,35,39,38,36,37,34,40,20,26,27,24,25,21],"class_list":{"0":"post-41611","1":"post","2":"type-post","3":"status-publish","4":"format-standard","5":"has-post-thumbnail","7":"category-aktualitates","8":"tag-aktualitates","9":"tag-breaking-news","10":"tag-breakingnews","11":"tag-featured-news","12":"tag-featurednews","13":"tag-headlines","14":"tag-latest-news","15":"tag-latestnews","16":"tag-latvia","17":"tag-latvian","18":"tag-latviesu","19":"tag-latviesu-valoda","20":"tag-latviesuvaloda","21":"tag-latvija","22":"tag-lv","23":"tag-news","24":"tag-popularakas-zinas","25":"tag-popularakaszinas","26":"tag-top-stories","27":"tag-topstories","28":"tag-zinas"},"share_on_mastodon":{"url":"https:\/\/pubeurope.com\/@lv\/115502760920214651","error":""},"_links":{"self":[{"href":"https:\/\/www.europesays.com\/lv\/wp-json\/wp\/v2\/posts\/41611","targetHints":{"allow":["GET"]}}],"collection":[{"href":"https:\/\/www.europesays.com\/lv\/wp-json\/wp\/v2\/posts"}],"about":[{"href":"https:\/\/www.europesays.com\/lv\/wp-json\/wp\/v2\/types\/post"}],"author":[{"embeddable":true,"href":"https:\/\/www.europesays.com\/lv\/wp-json\/wp\/v2\/users\/2"}],"replies":[{"embeddable":true,"href":"https:\/\/www.europesays.com\/lv\/wp-json\/wp\/v2\/comments?post=41611"}],"version-history":[{"count":0,"href":"https:\/\/www.europesays.com\/lv\/wp-json\/wp\/v2\/posts\/41611\/revisions"}],"wp:featuredmedia":[{"embeddable":true,"href":"https:\/\/www.europesays.com\/lv\/wp-json\/wp\/v2\/media\/41612"}],"wp:attachment":[{"href":"https:\/\/www.europesays.com\/lv\/wp-json\/wp\/v2\/media?parent=41611"}],"wp:term":[{"taxonomy":"category","embeddable":true,"href":"https:\/\/www.europesays.com\/lv\/wp-json\/wp\/v2\/categories?post=41611"},{"taxonomy":"post_tag","embeddable":true,"href":"https:\/\/www.europesays.com\/lv\/wp-json\/wp\/v2\/tags?post=41611"}],"curies":[{"name":"wp","href":"https:\/\/api.w.org\/{rel}","templated":true}]}}