{"id":41615,"date":"2025-11-06T12:33:08","date_gmt":"2025-11-06T12:33:08","guid":{"rendered":"https:\/\/www.europesays.com\/lv\/41615\/"},"modified":"2025-11-06T12:33:08","modified_gmt":"2025-11-06T12:33:08","slug":"braze-sankcijas-nav-formalitate-bet-riks-kara-apturesanai","status":"publish","type":"post","link":"https:\/\/www.europesays.com\/lv\/41615\/","title":{"rendered":"Bra\u017ee: Sankcijas nav formalit\u0101te, bet r\u012bks kara aptur\u0113\u0161anai"},"content":{"rendered":"<p>Vi\u0146a atz\u012bm\u0113ja, ka sankcijas ir \u0123eopolitiska rakstura probl\u0113ma un ar\u012b \u0101rpolitikas jaut\u0101jums. Bra\u017ee uzsv\u0113ra, ka Latvijas \u0101rpolitik\u0101 un dro\u0161\u012bbas politik\u0101 tiek iev\u0113roti tr\u012bs galvenie principi &#8211; stiprin\u0101t valsti, ieguldot aizsardz\u012bb\u0101 un dro\u0161\u012bb\u0101, pan\u0101kt, lai Eiropas Savien\u012bba (ES) un NATO k\u013c\u016btu stipr\u0101kas, un v\u0101jin\u0101t Krievijas sp\u0113jas turpin\u0101t karu Ukrain\u0101.<\/p>\n<p>\u0100rlietu ministre kl\u0101st\u012bja, ka sankcij\u0101m j\u0101b\u016bt efekt\u012bvi piem\u0113rot\u0101m un t\u0101s nep\u0101rtraukti j\u0101piel\u0101go main\u012bgajiem apst\u0101k\u013ciem. \u0160aj\u0101 darb\u0101 ES sadarbojas ar da\u017e\u0101du valstu vald\u012bb\u0101m gan Eirop\u0101, gan citos pasaules re\u0123ionos.<\/p>\n<p>Bra\u017ee ar\u012b akcent\u0113ja, ka patlaban Krievij\u0101 neviens politiskais l\u012bdzeklis nav v\u0113rsts uz miera pan\u0101k\u0161anu, un varas instrumenti tiek izmantoti kara uztur\u0113\u0161anai. Vi\u0146a secin\u0101ja, ka ES dal\u012bbvalst\u012bm j\u0101b\u016bt gatav\u0101m turpin\u0101t sankcijas ilgtermi\u0146\u0101, t\u0101s past\u0101v\u012bgi pilnveidojot un piel\u0101gojot, lai t\u0101s saglab\u0101tu efektivit\u0101ti.<\/p>\n<p>\u0100rlietu ministre nor\u0101d\u012bja, ka sankcijas ietekm\u0113 Krievijas ekonomiku un konkr\u0113tas personas un uz\u0146\u0113mumus, tom\u0113r ar to nepietiek &#8211; vajadz\u012bgi papildu so\u013ci. Vienlaikus Krievija turpina pla\u0161u dezinform\u0101cijas un sabiedr\u012bbas ietekm\u0113\u0161anas kampa\u0146u, cen\u0161oties rad\u012bt iespaidu, ka sankcijas nedarbojas, lai gan realit\u0101t\u0113 to ietekmi apliecina Krievijas ekonomikas lejupsl\u012bde, uzsv\u0113ra ministre.<\/p>\n<p>Bra\u017ee nor\u0101d\u012bja, ka kopum\u0101 ES sankcijas piem\u0113rotas vair\u0101k nek\u0101 2600 person\u0101m un 560 \u0113nu flotes ku\u0123iem. Vi\u0146a piebilda, ka tiek turpin\u0101ts darbs pie sankciju iev\u0113ro\u0161anas tre\u0161aj\u0101s valst\u012bs, tostarp \u0136\u012bn\u0101, Indij\u0101 un Centr\u0101l\u0101zijas valst\u012bs, lai t\u0101s izprastu sankciju pret Krieviju noz\u012bmi.<\/p>\n<p>\u0100rlietu ministre akcent\u0113ja, ka Latvija atrodas uz ES un NATO \u0101r\u0113j\u0101s robe\u017eas un tas prasa nopietnu attieksmi pret sankciju apie\u0161anu. Vi\u0146aspr\u0101t, ar\u012b pret Baltkrieviju ir j\u0101piem\u0113ro t\u0101das pa\u0161as sankcijas k\u0101 pret Krieviju, jo Baltkrievija atbalsta Krievijas karadarb\u012bbu Ukrain\u0101.<\/p>\n<p>Bra\u017ee piemin\u0113ja, ka Latvija, kura iev\u0113l\u0113ta ANO Dro\u0161\u012bbas padom\u0113 nepast\u0101v\u012bg\u0101s locekles status\u0101, iecer\u0113jusi aktualiz\u0113t jaut\u0101jumus par j\u016bras p\u0101rvad\u0101jumu dro\u0161\u012bbu, kur \u0113nu flote rada b\u016btiskus draudus. T\u0101pat uzman\u012bba tiks piev\u0113rsta kriptoval\u016bt\u0101m un citiem instrumentiem, kas izmantoti sankciju apie\u0161anai.<\/p>\n<p>Jau rakst\u012bts, ka, mekl\u0113jot efekt\u012bvus risin\u0101jumus sankciju piem\u0113ro\u0161anai un veidojot pla\u0161\u0101ku dialogu par vienotu r\u012bc\u012bbu starp valsts p\u0101rvaldes iest\u0101d\u0113m, starptautiskajiem partneriem un uz\u0146\u0113m\u0113jdarb\u012bbas vidi, FID konferenc\u0113 R\u012bg\u0101 pulc\u0113 dal\u012bbniekus no vair\u0101k nek\u0101 20 valst\u012bm.<\/p>\n<ul class=\"d-inline-block list-inline\">\n<li class=\"list-inline-item\"><a href=\"https:\/\/lat.press.lv\/\" rel=\"nofollow noopener\" target=\"_blank\"><img decoding=\"async\" style=\"max-height: 35px;\" src=\"https:\/\/lat.press.lv\/themes\/press\/assets\/lat_press_logo.svg\" alt=\"Press.lv - \u041d\u043e\u0432\u043e\u0441\u0442\u0438, \u043a\u043e\u0442\u043e\u0440\u044b\u0435 \u043a\u0430\u0441\u0430\u044e\u0442\u0441\u044f \u0412\u0430\u0441!\"\/><\/a><\/li>\n<\/ul>\n","protected":false},"excerpt":{"rendered":"Vi\u0146a atz\u012bm\u0113ja, ka sankcijas ir \u0123eopolitiska rakstura probl\u0113ma un ar\u012b \u0101rpolitikas jaut\u0101jums. Bra\u017ee uzsv\u0113ra, ka Latvijas \u0101rpolitik\u0101 un&hellip;\n","protected":false},"author":2,"featured_media":41616,"comment_status":"","ping_status":"","sticky":false,"template":"","format":"standard","meta":{"footnotes":""},"categories":[14],"tags":[23,57,28,29,32,33,22,30,31,35,39,38,36,37,34,40,20,26,27,24,25,54,55,56,21,58],"class_list":{"0":"post-41615","1":"post","2":"type-post","3":"status-publish","4":"format-standard","5":"has-post-thumbnail","7":"category-zinas-no-arvalstim","8":"tag-aktualitates","9":"tag-arvalstim","10":"tag-breaking-news","11":"tag-breakingnews","12":"tag-featured-news","13":"tag-featurednews","14":"tag-headlines","15":"tag-latest-news","16":"tag-latestnews","17":"tag-latvia","18":"tag-latvian","19":"tag-latviesu","20":"tag-latviesu-valoda","21":"tag-latviesuvaloda","22":"tag-latvija","23":"tag-lv","24":"tag-news","25":"tag-popularakas-zinas","26":"tag-popularakaszinas","27":"tag-top-stories","28":"tag-topstories","29":"tag-world","30":"tag-world-news","31":"tag-worldnews","32":"tag-zinas","33":"tag-zinas-no-arvalstim"},"share_on_mastodon":{"url":"https:\/\/pubeurope.com\/@lv\/115502776577938983","error":""},"_links":{"self":[{"href":"https:\/\/www.europesays.com\/lv\/wp-json\/wp\/v2\/posts\/41615","targetHints":{"allow":["GET"]}}],"collection":[{"href":"https:\/\/www.europesays.com\/lv\/wp-json\/wp\/v2\/posts"}],"about":[{"href":"https:\/\/www.europesays.com\/lv\/wp-json\/wp\/v2\/types\/post"}],"author":[{"embeddable":true,"href":"https:\/\/www.europesays.com\/lv\/wp-json\/wp\/v2\/users\/2"}],"replies":[{"embeddable":true,"href":"https:\/\/www.europesays.com\/lv\/wp-json\/wp\/v2\/comments?post=41615"}],"version-history":[{"count":0,"href":"https:\/\/www.europesays.com\/lv\/wp-json\/wp\/v2\/posts\/41615\/revisions"}],"wp:featuredmedia":[{"embeddable":true,"href":"https:\/\/www.europesays.com\/lv\/wp-json\/wp\/v2\/media\/41616"}],"wp:attachment":[{"href":"https:\/\/www.europesays.com\/lv\/wp-json\/wp\/v2\/media?parent=41615"}],"wp:term":[{"taxonomy":"category","embeddable":true,"href":"https:\/\/www.europesays.com\/lv\/wp-json\/wp\/v2\/categories?post=41615"},{"taxonomy":"post_tag","embeddable":true,"href":"https:\/\/www.europesays.com\/lv\/wp-json\/wp\/v2\/tags?post=41615"}],"curies":[{"name":"wp","href":"https:\/\/api.w.org\/{rel}","templated":true}]}}