{"id":41625,"date":"2025-11-06T12:44:07","date_gmt":"2025-11-06T12:44:07","guid":{"rendered":"https:\/\/www.europesays.com\/lv\/41625\/"},"modified":"2025-11-06T12:44:07","modified_gmt":"2025-11-06T12:44:07","slug":"ek-sak-izmeklesanu-pret-nasdaq-un-deutsche-boerse-dienas-bizness","status":"publish","type":"post","link":"https:\/\/www.europesays.com\/lv\/41625\/","title":{"rendered":"EK s\u0101k izmekl\u0113\u0161anu pret Nasdaq un Deutsche Boerse :: Dienas Bizness"},"content":{"rendered":"<p class=\"text-font font-size--text-xlarge margin-3--bottom font-weight--bold padding-1--top\">L\u012bdz piektdienai ir iesp\u0113jams parakst\u012bties uz jaunaj\u0101m Iute Group termi\u0146oblig\u0101cij\u0101m, kas ir iecien\u012btas investoru vid\u016b. Jauno nodro\u0161in\u0101to augst\u0101k\u0101s priorit\u0101tes oblig\u0101ciju nomin\u0101lv\u0113rt\u012bba ir 100 eiro, un procentu likme ir 12% gad\u0101. Iute oblig\u0101cijas ir ne vien ierasti izdev\u012bgs ieguld\u012bjums, bet ar\u012b vienm\u0113r tiek akt\u012bvi tirgotas Tallinas Fondu bir\u017e\u0101, da\u017ek\u0101rt pat p\u0101rsniedzot visliel\u0101ko akciju dienas apgroz\u012bjumu Tallinas Fondu bir\u017e\u0101.<\/p>\n<p class=\"text-font font-size--text-xlarge margin-3--bottom\">Jaun\u0101s termi\u0146oblig\u0101cijas, kas investoriem \u013caus g\u016bt pe\u013c\u0146u l\u012bdz 2030. gadam, pal\u012bdz\u0113s Iute att\u012bst\u012bt digit\u0101lo banku darb\u012bbu Dienvidaustrumeiropas valst\u012bs. &#8220;Ja mums ir stabila kapit\u0101la b\u0101ze m\u016bsu kred\u012btportfe\u013ca palielin\u0101\u0161anai, ir rad\u012bti ar\u012b priek\u0161noteikumi, lai turpin\u0101tu invest\u0113t tehnolo\u0123ij\u0101s, att\u012bst\u012btu lietotni MyIute, papla\u0161in\u0101tu maks\u0101jumu un apdro\u0161in\u0101\u0161anas pakalpojumus un uzlabotu uz tehnolo\u0123ij\u0101m balst\u012btas atbalsta sist\u0113mas,&#8221; sac\u012bja Tarmo Silds, Iute Group dibin\u0101t\u0101js un izpilddirektors.<\/p>\n<p class=\"text-font font-size--text-xlarge margin-3--bottom\">Iute Group, kas darbojas Dienvidaustrumeirop\u0101 un kuras galven\u0101 m\u012btne atrodas Tallin\u0101, koncentr\u0113jas uz digit\u0101lo finan\u0161u pakalpojumu izstr\u0101di, pied\u0101v\u0101jot aizdevumus, maks\u0101jumus un apdro\u0161in\u0101\u0161anu vien\u0101 lietotn\u0113. Pakalpojumu pamat\u0101 ir lietotne Myiute, kas ir lejupiel\u0101d\u0113ta vair\u0101k nek\u0101 1,19 miljonus rei\u017eu. Izmantojot lietotni, klienti var p\u0101rvald\u012bt savas finanses, veikt p\u0101rskait\u012bjumus, pieteikties aizdevumiem, ieg\u0101d\u0101ties apdro\u0161in\u0101\u0161anu, izmantot QR maks\u0101jumus veikalos un bezkar\u0161u bankom\u0101tus.<\/p>\n","protected":false},"excerpt":{"rendered":"L\u012bdz piektdienai ir iesp\u0113jams parakst\u012bties uz jaunaj\u0101m Iute Group termi\u0146oblig\u0101cij\u0101m, kas ir iecien\u012btas investoru vid\u016b. Jauno nodro\u0161in\u0101to augst\u0101k\u0101s&hellip;\n","protected":false},"author":2,"featured_media":41626,"comment_status":"","ping_status":"","sticky":false,"template":"","format":"standard","meta":{"footnotes":""},"categories":[16],"tags":[869,77,870,76,867,35,39,38,36,37,34,871,868,40,21],"class_list":{"0":"post-41625","1":"post","2":"type-post","3":"status-publish","4":"format-standard","5":"has-post-thumbnail","7":"category-bizness","8":"tag-biznesa-zinas","9":"tag-bizness","10":"tag-bizness-latvija","11":"tag-business","12":"tag-dienas-zinas","13":"tag-latvia","14":"tag-latvian","15":"tag-latviesu","16":"tag-latviesu-valoda","17":"tag-latviesuvaloda","18":"tag-latvija","19":"tag-latvijas-biznesa-zinas","20":"tag-latvijas-zinas","21":"tag-lv","22":"tag-zinas"},"share_on_mastodon":{"url":"https:\/\/pubeurope.com\/@lv\/115502819769532197","error":""},"_links":{"self":[{"href":"https:\/\/www.europesays.com\/lv\/wp-json\/wp\/v2\/posts\/41625","targetHints":{"allow":["GET"]}}],"collection":[{"href":"https:\/\/www.europesays.com\/lv\/wp-json\/wp\/v2\/posts"}],"about":[{"href":"https:\/\/www.europesays.com\/lv\/wp-json\/wp\/v2\/types\/post"}],"author":[{"embeddable":true,"href":"https:\/\/www.europesays.com\/lv\/wp-json\/wp\/v2\/users\/2"}],"replies":[{"embeddable":true,"href":"https:\/\/www.europesays.com\/lv\/wp-json\/wp\/v2\/comments?post=41625"}],"version-history":[{"count":0,"href":"https:\/\/www.europesays.com\/lv\/wp-json\/wp\/v2\/posts\/41625\/revisions"}],"wp:featuredmedia":[{"embeddable":true,"href":"https:\/\/www.europesays.com\/lv\/wp-json\/wp\/v2\/media\/41626"}],"wp:attachment":[{"href":"https:\/\/www.europesays.com\/lv\/wp-json\/wp\/v2\/media?parent=41625"}],"wp:term":[{"taxonomy":"category","embeddable":true,"href":"https:\/\/www.europesays.com\/lv\/wp-json\/wp\/v2\/categories?post=41625"},{"taxonomy":"post_tag","embeddable":true,"href":"https:\/\/www.europesays.com\/lv\/wp-json\/wp\/v2\/tags?post=41625"}],"curies":[{"name":"wp","href":"https:\/\/api.w.org\/{rel}","templated":true}]}}