{"id":41627,"date":"2025-11-06T12:47:11","date_gmt":"2025-11-06T12:47:11","guid":{"rendered":"https:\/\/www.europesays.com\/lv\/41627\/"},"modified":"2025-11-06T12:47:11","modified_gmt":"2025-11-06T12:47:11","slug":"pieaugs-akcizes-nodoklis-alkoholam-tabakai-saldinatajiem-dzerieniem","status":"publish","type":"post","link":"https:\/\/www.europesays.com\/lv\/41627\/","title":{"rendered":"Pieaugs akc\u012bzes nodoklis alkoholam, tabakai, saldin\u0101tajiem dz\u0113rieniem"},"content":{"rendered":"<p class=\"descr\">Lai mazin\u0101tu videi un vesel\u012bbai kait\u012bgu vai nevesel\u012bgu produktu pat\u0113ri\u0146u, k\u0101 ar\u012b nodro\u0161in\u0101tu papildu ie\u0146\u0113mumus valsts bud\u017eet\u0101, Saeima ceturtdien, 6. novembr\u012b, konceptu\u0101li atbalst\u012bja groz\u012bjumus akc\u012bzes nodok\u013ca likum\u0101. Likumprojekts saist\u012bts ar 2026. gada valsts bud\u017eeta un n\u0101kamo triju gadu bud\u017eeta ietvara likuma projektu.<\/p>\n<p>Groz\u012bjumi paredz no n\u0101kam\u0101 gada pak\u0101peniski paaugstin\u0101t akc\u012bzes nodokli vair\u0101k\u0101m pre\u010du grup\u0101m, tostarp alkoholiskajiem dz\u0113rieniem, tabakas izstr\u0101d\u0101jumiem, bezalkoholiskajiem un ener\u0123ijas dz\u0113rieniem.<\/p>\n<p>No n\u0101kam\u0101 gada 15. marta pl\u0101nots akc\u012bzes nodok\u013ca pieaugums stiprajam alkoholam, un vienas 0,5 litru pudeles cena pieaugs vid\u0113ji par 0,27 eiro. Savuk\u0101rt no 2028. gada 1. marta akc\u012bze pieaugs visiem alkoholiskajiem dz\u0113rieniem, un gala cena stiprajam alkoholam palielin\u0101sies par 0,51 eiro, v\u012bnam no 0,15 l\u012bdz 0,30 eiro, bet alum &#8211; par 0,03 eiro par pudeli.<\/p>\n<p>Savuk\u0101rt n\u0101kamgad un no 2027. gada paredz\u0113ta strauj\u0101ka likmju cel\u0161ana visiem tabakas izstr\u0101d\u0101jumiem &#8211; par pieciem procentiem vair\u0101k, nek\u0101 bija pl\u0101nots iepriek\u0161. Sal\u012bdzin\u0101jum\u0101 ar \u0161\u012b gada cen\u0101m vienas cigare\u0161u paci\u0146as cena no 2028. gada pieaugs par 2,20 eiro, sasniedzot 7,50 eiro, savuk\u0101rt kars\u0113jamai tabakai pieaugums pl\u0101nots 0,35 eiro apm\u0113r\u0101 par paci\u0146u, bet divu mililitru e-\u0161\u0137idruma iepakojuma cena pieaugs par 0,15 eiro.<\/p>\n<p>No 2028. gada nodok\u013ca pieaugums paredz\u0113ts ar\u012b saldin\u0101tajiem dz\u0113rieniem, k\u0101 ar\u012b ener\u0123ijas dz\u0113rieniem tiks noteikta atsevi\u0161\u0137a akc\u012bzes nodok\u013ca likme.<\/p>\n<p>T\u0101pat paredz\u0113ts, ko no 2028. gada ar akc\u012bzes nodokli apliks bezalkoholiskos g\u0101z\u0113tos dz\u0113rienus, ko pagatavo uz vietas sabiedrisk\u0101s \u0113din\u0101\u0161anas uz\u0146\u0113mumos. L\u012bdz \u0161im gan neg\u0101z\u0113tajiem, gan g\u0101z\u0113tajiem dz\u0113rieniem, kas tirdzniec\u012bbas viet\u0101 gatavoti t\u016bl\u012bt\u0113jai pat\u0113r\u0113\u0161anai, akc\u012bzes nodokli nepiem\u0113roja.<\/p>\n<p>Akc\u012bzes nodok\u013ca izmai\u0146as skars ar\u012b naftas produktus, un no 2028. gada pl\u0101nots atcelt samazin\u0101to nodok\u013ca likmi naftas produktiem, ko izmanto br\u012bvost\u0101s un speci\u0101laj\u0101s ekonomiskaj\u0101s zon\u0101s. Lai veicin\u0101tu atjaun\u012bgas un videi draudz\u012bg\u0101kas ener\u0123ijas izmanto\u0161anu iek\u0101rt\u0101s un tehnik\u0101, tostarp elektroener\u0123iju, turpm\u0101k l\u012bdz\u0161in\u0113j\u0101 atvieglojuma viet\u0101 pl\u0101nots piem\u0113rot visp\u0101r\u0113jo akc\u012bzes nodok\u013ca likmi. L\u012bdz\u0161in\u0113jo akc\u012bzes nodok\u013ca atvieglojumu degvielai uz\u0146\u0113m\u0113ji var\u0113s izmantot l\u012bdz 2027. gada beig\u0101m.<\/p>\n<p>Izmai\u0146as akc\u012bzes nodok\u013ca likum\u0101 v\u0113l otraj\u0101 &#8211; gal\u012bgaj\u0101 &#8211; las\u012bjum\u0101 j\u0101skata atbild\u012bgaj\u0101 Bud\u017eeta un finan\u0161u (nodok\u013cu) komisij\u0101, savuk\u0101rt Saeimas s\u0113d\u0113 par likumprojektu pl\u0101nots lemt 3. decembr\u012b.<\/p>\n<p>Vair\u0101k par 2026. gada valsts bud\u017eetu var uzzin\u0101t <a href=\"https:\/\/nra.lv\/birka\/valsts-budzets-2026\/\" rel=\"nofollow noopener\" target=\"_blank\">\u0161eit<\/a><\/p>\n","protected":false},"excerpt":{"rendered":"Lai mazin\u0101tu videi un vesel\u012bbai kait\u012bgu vai nevesel\u012bgu produktu pat\u0113ri\u0146u, k\u0101 ar\u012b nodro\u0161in\u0101tu papildu ie\u0146\u0113mumus valsts bud\u017eet\u0101, Saeima&hellip;\n","protected":false},"author":2,"featured_media":41628,"comment_status":"","ping_status":"","sticky":false,"template":"","format":"standard","meta":{"footnotes":""},"categories":[5],"tags":[23,28,29,32,33,22,30,31,35,39,38,36,37,34,40,20,26,27,24,25,21],"class_list":{"0":"post-41627","1":"post","2":"type-post","3":"status-publish","4":"format-standard","5":"has-post-thumbnail","7":"category-aktualitates","8":"tag-aktualitates","9":"tag-breaking-news","10":"tag-breakingnews","11":"tag-featured-news","12":"tag-featurednews","13":"tag-headlines","14":"tag-latest-news","15":"tag-latestnews","16":"tag-latvia","17":"tag-latvian","18":"tag-latviesu","19":"tag-latviesu-valoda","20":"tag-latviesuvaloda","21":"tag-latvija","22":"tag-lv","23":"tag-news","24":"tag-popularakas-zinas","25":"tag-popularakaszinas","26":"tag-top-stories","27":"tag-topstories","28":"tag-zinas"},"share_on_mastodon":{"url":"https:\/\/pubeurope.com\/@lv\/115502831569655574","error":""},"_links":{"self":[{"href":"https:\/\/www.europesays.com\/lv\/wp-json\/wp\/v2\/posts\/41627","targetHints":{"allow":["GET"]}}],"collection":[{"href":"https:\/\/www.europesays.com\/lv\/wp-json\/wp\/v2\/posts"}],"about":[{"href":"https:\/\/www.europesays.com\/lv\/wp-json\/wp\/v2\/types\/post"}],"author":[{"embeddable":true,"href":"https:\/\/www.europesays.com\/lv\/wp-json\/wp\/v2\/users\/2"}],"replies":[{"embeddable":true,"href":"https:\/\/www.europesays.com\/lv\/wp-json\/wp\/v2\/comments?post=41627"}],"version-history":[{"count":0,"href":"https:\/\/www.europesays.com\/lv\/wp-json\/wp\/v2\/posts\/41627\/revisions"}],"wp:featuredmedia":[{"embeddable":true,"href":"https:\/\/www.europesays.com\/lv\/wp-json\/wp\/v2\/media\/41628"}],"wp:attachment":[{"href":"https:\/\/www.europesays.com\/lv\/wp-json\/wp\/v2\/media?parent=41627"}],"wp:term":[{"taxonomy":"category","embeddable":true,"href":"https:\/\/www.europesays.com\/lv\/wp-json\/wp\/v2\/categories?post=41627"},{"taxonomy":"post_tag","embeddable":true,"href":"https:\/\/www.europesays.com\/lv\/wp-json\/wp\/v2\/tags?post=41627"}],"curies":[{"name":"wp","href":"https:\/\/api.w.org\/{rel}","templated":true}]}}