{"id":41629,"date":"2025-11-06T12:50:13","date_gmt":"2025-11-06T12:50:13","guid":{"rendered":"https:\/\/www.europesays.com\/lv\/41629\/"},"modified":"2025-11-06T12:50:13","modified_gmt":"2025-11-06T12:50:13","slug":"noskaidroti-eiropas-gada-auto-2026-septini-finalisti-lente-lv","status":"publish","type":"post","link":"https:\/\/www.europesays.com\/lv\/41629\/","title":{"rendered":"Noskaidroti &#8220;Eiropas Gada auto 2026&#8221; septi\u0146i fin\u0101listi\u00a0\u2014\u00a0Lente.lv"},"content":{"rendered":"<p>Noskaidrotas &#8220;Eiropas Gada auto 2026&#8221; fin\u0101listu septi\u0146as automa\u0161\u012bnas<\/p>\n<p>Par presti\u017eo &#8220;Eiropas Gada auto 2026&#8221; titulu c\u012bn\u012bsies septi\u0146i r\u016bp\u012bgi izv\u0113l\u0113ti jaunie auto mode\u013ci. Konkursa organizatori ir izdevu\u0161i nosl\u0113pumaino fin\u0101listu sarakstu, kas atlas\u012bti no s\u0101kotn\u0113ji iesniegtajiem 35 automobi\u013ciem. \u0160is gads sol\u0101s b\u016bt \u012bpa\u0161i aizraujo\u0161s, jo katrs no \u0161iem septi\u0146iem auto demonstr\u0113 inov\u0101ciju un dizaina virsotni.<\/p>\n<p>Spraig\u0101 c\u012b\u0146a par galveno balvu<\/p>\n<p>Fin\u0101listu vid\u016b ir gan elektriskie sp\u0113krati, gan tradicion\u0101lo dzin\u0113ju cien\u012bt\u0101ji, pied\u0101v\u0101jot daudzveid\u012bgu izv\u0113li un atspogu\u013cojot m\u016bsdienu auto industrijas tendences. Katrs auto ir iztur\u0113jis stingru s\u0101kotn\u0113jo atlasi, apliecinot savu izcil\u012bbu tehnolo\u0123iju, dro\u0161\u012bbas un brauk\u0161anas dinamikas zi\u0146\u0101. \u017d\u016brijas locek\u013ci r\u016bp\u012bgi izv\u0113rt\u0113s katra fin\u0101lista sniegumu da\u017e\u0101dos testos, mekl\u0113jot to vienu, kas patiesi peln\u012bjis gada auto godu.<\/p>\n<p>Gala l\u0113mums Briseles autoizst\u0101d\u0113<\/p>\n<p>Gaid\u012btais uzvar\u0113t\u0101js tiks atkl\u0101ts 9. janv\u0101r\u012b, svin\u012bgi atkl\u0101jot Briseles starptautisko autoizst\u0101di. \u0160is notikums ir viens no noz\u012bm\u012bg\u0101kajiem auto industrijas kalend\u0101r\u0101, pulc\u0113jot gan ra\u017eot\u0101jus, gan entuziastus, lai atz\u012bm\u0113tu auto inov\u0101ciju un izcil\u012bbu. Interesanti sekot l\u012bdzi, kur\u0161 no septi\u0146iem sp\u0113c\u012bgajiem pretendentiem sp\u0113s p\u0101rliecin\u0101t \u017e\u016briju un k\u013c\u016bt par &#8220;Eiropas Gada auto 2026&#8221;.<\/p>\n","protected":false},"excerpt":{"rendered":"Noskaidrotas &#8220;Eiropas Gada auto 2026&#8221; fin\u0101listu septi\u0146as automa\u0161\u012bnas Par presti\u017eo &#8220;Eiropas Gada auto 2026&#8221; titulu c\u012bn\u012bsies septi\u0146i r\u016bp\u012bgi&hellip;\n","protected":false},"author":2,"featured_media":41630,"comment_status":"","ping_status":"","sticky":false,"template":"","format":"standard","meta":{"footnotes":""},"categories":[16],"tags":[11885,11887,77,11888,76,11884,11886,35,39,38,36,37,34,40],"class_list":{"0":"post-41629","1":"post","2":"type-post","3":"status-publish","4":"format-standard","5":"has-post-thumbnail","7":"category-bizness","8":"tag-auto-konkursa-finalisti","9":"tag-automobilu-inovacijas","10":"tag-bizness","11":"tag-briseles-autoizstade","12":"tag-business","13":"tag-eiropas-gada-auto-2026","14":"tag-jaunie-auto-modeli","15":"tag-latvia","16":"tag-latvian","17":"tag-latviesu","18":"tag-latviesu-valoda","19":"tag-latviesuvaloda","20":"tag-latvija","21":"tag-lv"},"share_on_mastodon":{"url":"https:\/\/pubeurope.com\/@lv\/115502843370515560","error":""},"_links":{"self":[{"href":"https:\/\/www.europesays.com\/lv\/wp-json\/wp\/v2\/posts\/41629","targetHints":{"allow":["GET"]}}],"collection":[{"href":"https:\/\/www.europesays.com\/lv\/wp-json\/wp\/v2\/posts"}],"about":[{"href":"https:\/\/www.europesays.com\/lv\/wp-json\/wp\/v2\/types\/post"}],"author":[{"embeddable":true,"href":"https:\/\/www.europesays.com\/lv\/wp-json\/wp\/v2\/users\/2"}],"replies":[{"embeddable":true,"href":"https:\/\/www.europesays.com\/lv\/wp-json\/wp\/v2\/comments?post=41629"}],"version-history":[{"count":0,"href":"https:\/\/www.europesays.com\/lv\/wp-json\/wp\/v2\/posts\/41629\/revisions"}],"wp:featuredmedia":[{"embeddable":true,"href":"https:\/\/www.europesays.com\/lv\/wp-json\/wp\/v2\/media\/41630"}],"wp:attachment":[{"href":"https:\/\/www.europesays.com\/lv\/wp-json\/wp\/v2\/media?parent=41629"}],"wp:term":[{"taxonomy":"category","embeddable":true,"href":"https:\/\/www.europesays.com\/lv\/wp-json\/wp\/v2\/categories?post=41629"},{"taxonomy":"post_tag","embeddable":true,"href":"https:\/\/www.europesays.com\/lv\/wp-json\/wp\/v2\/tags?post=41629"}],"curies":[{"name":"wp","href":"https:\/\/api.w.org\/{rel}","templated":true}]}}