{"id":41637,"date":"2025-11-06T12:59:08","date_gmt":"2025-11-06T12:59:08","guid":{"rendered":"https:\/\/www.europesays.com\/lv\/41637\/"},"modified":"2025-11-06T12:59:08","modified_gmt":"2025-11-06T12:59:08","slug":"ukrainas-aizsardzibas-ministrs-deniss-smihals-sanems-latvija-razotos-patria-6x6-brunutransportierus-2","status":"publish","type":"post","link":"https:\/\/www.europesays.com\/lv\/41637\/","title":{"rendered":"Ukrainas aizsardz\u012bbas ministrs Deniss \u0160miha\u013cs sa\u0146ems Latvij\u0101 ra\u017eotos \u201cPatria\u201d 6&#215;6 bru\u0146utransportierus"},"content":{"rendered":"<p>Ceturtdien, 6. novembr\u012b, milit\u0101raj\u0101 b\u0101z\u0113 \u201c\u0100da\u017ei\u201d Ukrainas aizsardz\u012bbas ministrs Deniss \u0160miha\u013cs (Denys Shmyhal) sa\u0146ems Latvij\u0101 ra\u017eoto \u201cPatria\u201d 6&#215;6 bru\u0146utransportieru d\u0101vin\u0101juma nosl\u0113dzo\u0161o partiju.<\/p>\n<p>\u201cJau no pirm\u0101s Krievijas iebrukuma dienas Latvija atbalsta Ukrainu un t\u0101s aizst\u0101vju centienus aizsarg\u0101t savu valsti. Latvij\u0101 ra\u017eoto bru\u0146utransportieru d\u0101vin\u0101jums ir b\u016btisks atbalsts Ukrainas aizst\u0101vjiem un iesp\u0113ja p\u0101rbaud\u012bt Latvij\u0101 ra\u017eoto bru\u0146uma\u0161\u012bnu pieg\u0101des iztur\u012bbu un sp\u0113jas re\u0101l\u0101 kaujas lauk\u0101,\u201d uzsver aizsardz\u012bbas ministrs Andris Spr\u016bds.\u00a0<\/p>\n<p>Milit\u0101raj\u0101 b\u0101z\u0113 \u201c\u0100da\u017ei\u201d Latvij\u0101 Ukrainas aizsardz\u012bbas ministram tiks nodots\u00a021\u00a0Ukrainas bru\u0146otajiem sp\u0113kiem paredz\u0113tais \u201cPatria\u201d 6&#215;6\u00a0bru\u0146utransportieris, kas nokomplekt\u0113ts ar 12,7 mmm NATO kalibra atbalsta lo\u017emet\u0113ju un mun\u012bciju.\u00a0Ukrainas bru\u0146otajiem sp\u0113kiem tiks nos\u016bt\u012btas ar\u012b bru\u0146utransportieru uztur\u0113\u0161anai nepiecie\u0161am\u0101s rezerves da\u013cas, speci\u0101lie remonta instrumenti un iek\u0101rtas, k\u0101 ar\u012b konteinertipa mobil\u0101 remontdarbn\u012bc\u0101 un uztur\u0113\u0161anas dokument\u0101ciju. T\u0101pat tiks pieg\u0101d\u0101ti\u00a0bru\u0146utransportieru kaujas boj\u0101jumu remonta komplekti,\u00a0kas paredz\u0113ti, lai tie\u0161\u0101 Ukrainas karav\u012bri var\u0113tu nov\u0113rst kauj\u0101s rad\u012btos transportl\u012bdzek\u013cu boj\u0101jumus frontes tuvum\u0101, kur nav iesp\u0113jama t\u016bl\u012bt\u0113ja transportl\u012bdzek\u013ca evaku\u0101cija un remonts aizmugures darbn\u012bc\u0101s.<\/p>\n<p>Jau zi\u0146ots, ka\u00a0Ministru kabinets ir atbalst\u012bjis 42 \u201cPatria\u201d 6&#215;6 bru\u0146utransportieru un cita veida milit\u0101r\u0101 ekip\u0113juma nodo\u0161anu Ukrainas bru\u0146otajiem sp\u0113kiem, lai atbalst\u012btu Ukrainas c\u012b\u0146u pret Krievijas agresiju.\u00a0<\/p>\n<p><a name=\"x__Hlk213237242\" target=\"_blank\"\/>Latvija turpina sniegt milit\u0101ro pal\u012bdz\u012bbu Ukrainas bru\u0146otajiem sp\u0113kiem. 2025. gad\u0101 Latvijas sniegtais milit\u0101rais atbalsts Ukrainai l\u012bdz gada beig\u0101m sasniegs 0,3% no IKP. Papildus milit\u0101rajam atbalstam, Latvija \u012bsteno ar\u012b v\u0113rien\u012bgu Ukrainas karav\u012bru apm\u0101c\u012bbu programmu.<\/p>\n<p>          <img decoding=\"async\" src=\"https:\/\/www.europesays.com\/lv\/wp-content\/uploads\/2025\/11\/logo-lv.png\" alt=\"\"\/><\/p>\n<p>                  \u0160\u012b inform\u0101cija ir publisks pazi\u0146ojums un neatspogu\u013co LV port\u0101la viedokli. Par t\u0101s saturu atbild ies\u016bt\u012bt\u0101js. <a data-popup=\"rules\">Public\u0113\u0161anas noteikumi<\/a><\/p>\n","protected":false},"excerpt":{"rendered":"Ceturtdien, 6. novembr\u012b, milit\u0101raj\u0101 b\u0101z\u0113 \u201c\u0100da\u017ei\u201d Ukrainas aizsardz\u012bbas ministrs Deniss \u0160miha\u013cs (Denys Shmyhal) sa\u0146ems Latvij\u0101 ra\u017eoto \u201cPatria\u201d 6&#215;6&hellip;\n","protected":false},"author":2,"featured_media":41638,"comment_status":"","ping_status":"","sticky":false,"template":"","format":"standard","meta":{"footnotes":""},"categories":[5],"tags":[23,28,29,32,33,22,30,31,35,39,38,36,37,34,40,20,26,27,24,25,21],"class_list":{"0":"post-41637","1":"post","2":"type-post","3":"status-publish","4":"format-standard","5":"has-post-thumbnail","7":"category-aktualitates","8":"tag-aktualitates","9":"tag-breaking-news","10":"tag-breakingnews","11":"tag-featured-news","12":"tag-featurednews","13":"tag-headlines","14":"tag-latest-news","15":"tag-latestnews","16":"tag-latvia","17":"tag-latvian","18":"tag-latviesu","19":"tag-latviesu-valoda","20":"tag-latviesuvaloda","21":"tag-latvija","22":"tag-lv","23":"tag-news","24":"tag-popularakas-zinas","25":"tag-popularakaszinas","26":"tag-top-stories","27":"tag-topstories","28":"tag-zinas"},"share_on_mastodon":{"url":"https:\/\/pubeurope.com\/@lv\/115502878799926588","error":""},"_links":{"self":[{"href":"https:\/\/www.europesays.com\/lv\/wp-json\/wp\/v2\/posts\/41637","targetHints":{"allow":["GET"]}}],"collection":[{"href":"https:\/\/www.europesays.com\/lv\/wp-json\/wp\/v2\/posts"}],"about":[{"href":"https:\/\/www.europesays.com\/lv\/wp-json\/wp\/v2\/types\/post"}],"author":[{"embeddable":true,"href":"https:\/\/www.europesays.com\/lv\/wp-json\/wp\/v2\/users\/2"}],"replies":[{"embeddable":true,"href":"https:\/\/www.europesays.com\/lv\/wp-json\/wp\/v2\/comments?post=41637"}],"version-history":[{"count":0,"href":"https:\/\/www.europesays.com\/lv\/wp-json\/wp\/v2\/posts\/41637\/revisions"}],"wp:featuredmedia":[{"embeddable":true,"href":"https:\/\/www.europesays.com\/lv\/wp-json\/wp\/v2\/media\/41638"}],"wp:attachment":[{"href":"https:\/\/www.europesays.com\/lv\/wp-json\/wp\/v2\/media?parent=41637"}],"wp:term":[{"taxonomy":"category","embeddable":true,"href":"https:\/\/www.europesays.com\/lv\/wp-json\/wp\/v2\/categories?post=41637"},{"taxonomy":"post_tag","embeddable":true,"href":"https:\/\/www.europesays.com\/lv\/wp-json\/wp\/v2\/tags?post=41637"}],"curies":[{"name":"wp","href":"https:\/\/api.w.org\/{rel}","templated":true}]}}