{"id":41650,"date":"2025-11-06T13:17:10","date_gmt":"2025-11-06T13:17:10","guid":{"rendered":"https:\/\/www.europesays.com\/lv\/41650\/"},"modified":"2025-11-06T13:17:10","modified_gmt":"2025-11-06T13:17:10","slug":"civiliedzivotaju-terors-turpinas-lietuva-iesniedz-krievijai-notu-un-pieprasa-nekavejoties-partraukt-agresiju-jauns-lv","status":"publish","type":"post","link":"https:\/\/www.europesays.com\/lv\/41650\/","title":{"rendered":"Civiliedz\u012bvot\u0101ju terors turpin\u0101s: Lietuva iesniedz Krievijai notu un pieprasa nekav\u0113joties p\u0101rtraukt agresiju &#8211; Jauns.lv"},"content":{"rendered":"<ol>\n<li><a href=\"https:\/\/news.google.com\/rss\/articles\/CBMi4AFBVV95cUxNcGFIWVhnRzBHRGxEY2NvNUJzcXFVNlhKazJsZnZhb1UtYy1lRGM1R2ZEcDRCNUNFSzBsLThwR3htMTFnV09VV3hDZTUwX3Z1d2lUXzctSWJCdE1Ja0NmRFNwenROWk9RUWhudUJGaFJwWGw4Z3N4QzlBdEJwTWhZWWRBSXVYb3hNZjQ4cWNhOFdYTG9uU0pQd1EtQ3NTWXA3MjFwdGplTUNmbXdDQl82UGRWcm44cU02YkZXZ093dk9EODc2aFhzZENiZzl4VExmZFV1aTNweWF6Y1J1TUQ4eA?oc=5\" target=\"_blank\" rel=\"nofollow noopener\">Civiliedz\u012bvot\u0101ju terors turpin\u0101s: Lietuva iesniedz Krievijai notu un pieprasa nekav\u0113joties p\u0101rtraukt agresiju<\/a>&nbsp;&nbsp;Jauns.lv<\/li>\n<li><a href=\"https:\/\/news.google.com\/rss\/articles\/CBMi0gFBVV95cUxOSTRLRDdFTVlhYkd1Yl9WUlR2T3VQa0FQclEyRDNXclJnamx4WkhlR0pJd0hRbzNkdXJybkRpRzdLeUVQekgyXzMxN0hDaUhfajl6bk11ZjlwQ2ZfVDQyOXlrWnk1aFNDUmFpdXJZc1Y1OUh4UHlXM3ZUSjZ2ckxLUURmUEQzUDFTY1Z2V0RhSVlhR1k5Um5MSDZJckdCRnlzMkJqOGpMcUhGSUo4RjNZTkkxeERuWHRZR0VrTU1RUVdMdU1zeXJCZUo1cHNZbml0T0E?oc=5\" target=\"_blank\" rel=\"nofollow noopener\">Ukrainai vajadz\u012bgs starptautiskais atbalsts, lai aizsarg\u0101tu energoapg\u0101di, nor\u0101da Zelenskis<\/a>&nbsp;&nbsp;Delfi<\/li>\n<li><a href=\"https:\/\/news.google.com\/rss\/articles\/CBMiogFBVV95cUxOR3RpVHl4elpwSTNLaVV2NU1jTVNyaW05Q0FSVmtTT2R4RFE4VFBrOUNFWWN0WUtsZ0lyRnN5eldvNlJaWEFYS2ExRkpvbC0yYW55TWMzYUNxM2h1enBLR3BMNW80NEZ3UE44NkdRM1dJWGtadnNub2I5VUhmQlRuLTdoV2pSbkNDejA5ZU5vTVNTTHVCcFY3MzcxYTh2Um9MYkE?oc=5\" target=\"_blank\" rel=\"nofollow noopener\">Putins cen\u0161as padar\u012bt Austrumukrainu neapdz\u012bvojamu<\/a>&nbsp;&nbsp;NRA<\/li>\n<li><a href=\"https:\/\/news.google.com\/rss\/articles\/CBMimAFBVV95cUxQRk9ZSS1PMmJaR1hsVmRyTFJjRDVWeHRwYmx6eTN5WlFWOVUzT3NBcEpiRDVubldQU25pdnJRY0xTeWdpV0RUMFdCTm5xLWNyZWZlRVI2SFhEUVdZeDB0MTJiY2NzY3l0V0NiY3VCdXVHS2RGelpZa2F4UUVNNDdDYW0ydlNEWHRiR3VPNklzRW1qdHJBaEJVUw?oc=5\" target=\"_blank\" rel=\"nofollow noopener\">Agresori uz Ukrainu raid\u012bju\u0161i septi\u0146as ra\u0137etes un 130 lidrobotus<\/a>&nbsp;&nbsp;TVNET<\/li>\n<li><a href=\"https:\/\/news.google.com\/rss\/articles\/CBMilAFBVV95cUxPb2FlT005UDlSSW9IUFFaSjNrblZFel9zLTBqQXg3VEYxQU1zLXNJTlFwakxGWkJmVWt4RE8yMWs3MVJPdlhzZlIwY0JOTTJzVkpDb0ZobVFxbGxEQlI3cFpHRm10QndyazdldTZIcXlWZzBmQjRoOXJITFVYbWpMSU9ZclFUYkZsX2dOZ2IzS2JvOWNB?oc=5\" target=\"_blank\" rel=\"nofollow noopener\">\u201cB\u016bs j\u0101dz\u012bvo d\u017eemperos! Pal\u012bdziet m\u016bsu energosist\u0113mai!\u201d Krievi savu pan\u0101ku\u0161i<\/a>&nbsp;&nbsp;LA.LV<\/li>\n<\/ol>\n","protected":false},"excerpt":{"rendered":"Civiliedz\u012bvot\u0101ju terors turpin\u0101s: Lietuva iesniedz Krievijai notu un pieprasa nekav\u0113joties p\u0101rtraukt agresiju&nbsp;&nbsp;Jauns.lv Ukrainai vajadz\u012bgs starptautiskais atbalsts, lai aizsarg\u0101tu&hellip;\n","protected":false},"author":2,"featured_media":41651,"comment_status":"","ping_status":"","sticky":false,"template":"","format":"standard","meta":{"footnotes":""},"categories":[5],"tags":[23,28,29,32,33,22,30,31,35,39,38,36,37,34,40,20,26,27,24,25,21],"class_list":{"0":"post-41650","1":"post","2":"type-post","3":"status-publish","4":"format-standard","5":"has-post-thumbnail","7":"category-aktualitates","8":"tag-aktualitates","9":"tag-breaking-news","10":"tag-breakingnews","11":"tag-featured-news","12":"tag-featurednews","13":"tag-headlines","14":"tag-latest-news","15":"tag-latestnews","16":"tag-latvia","17":"tag-latvian","18":"tag-latviesu","19":"tag-latviesu-valoda","20":"tag-latviesuvaloda","21":"tag-latvija","22":"tag-lv","23":"tag-news","24":"tag-popularakas-zinas","25":"tag-popularakaszinas","26":"tag-top-stories","27":"tag-topstories","28":"tag-zinas"},"share_on_mastodon":{"url":"https:\/\/pubeurope.com\/@lv\/115502949540965415","error":""},"_links":{"self":[{"href":"https:\/\/www.europesays.com\/lv\/wp-json\/wp\/v2\/posts\/41650","targetHints":{"allow":["GET"]}}],"collection":[{"href":"https:\/\/www.europesays.com\/lv\/wp-json\/wp\/v2\/posts"}],"about":[{"href":"https:\/\/www.europesays.com\/lv\/wp-json\/wp\/v2\/types\/post"}],"author":[{"embeddable":true,"href":"https:\/\/www.europesays.com\/lv\/wp-json\/wp\/v2\/users\/2"}],"replies":[{"embeddable":true,"href":"https:\/\/www.europesays.com\/lv\/wp-json\/wp\/v2\/comments?post=41650"}],"version-history":[{"count":0,"href":"https:\/\/www.europesays.com\/lv\/wp-json\/wp\/v2\/posts\/41650\/revisions"}],"wp:featuredmedia":[{"embeddable":true,"href":"https:\/\/www.europesays.com\/lv\/wp-json\/wp\/v2\/media\/41651"}],"wp:attachment":[{"href":"https:\/\/www.europesays.com\/lv\/wp-json\/wp\/v2\/media?parent=41650"}],"wp:term":[{"taxonomy":"category","embeddable":true,"href":"https:\/\/www.europesays.com\/lv\/wp-json\/wp\/v2\/categories?post=41650"},{"taxonomy":"post_tag","embeddable":true,"href":"https:\/\/www.europesays.com\/lv\/wp-json\/wp\/v2\/tags?post=41650"}],"curies":[{"name":"wp","href":"https:\/\/api.w.org\/{rel}","templated":true}]}}