{"id":41658,"date":"2025-11-06T13:24:08","date_gmt":"2025-11-06T13:24:08","guid":{"rendered":"https:\/\/www.europesays.com\/lv\/41658\/"},"modified":"2025-11-06T13:24:08","modified_gmt":"2025-11-06T13:24:08","slug":"unikalas-balss-ipasnieks-dimass-kudajbergens-uzstasies-riga-ar-lielkoncertu-stranger","status":"publish","type":"post","link":"https:\/\/www.europesays.com\/lv\/41658\/","title":{"rendered":"Unik\u0101l\u0101s balss \u012bpa\u0161nieks Dima\u0161s Kudajbergens uzst\u0101sies R\u012bg\u0101 ar lielkoncertu &#8220;Stranger&#8221;"},"content":{"rendered":"<p><a href=\"https:\/\/www.apollo.lv\/term\/810969\/dimass-kudajbergens\" class=\"topicLink\" target=\"_blank\" rel=\"nofollow noopener\">Dima\u0161s Kudajbergens<\/a> atgrie\u017eas Latvij\u0101 p\u0113c vi\u0146a veiksm\u012bg\u0101s uzst\u0101\u0161an\u0101s 2020. gad\u0101, kad vi\u0146\u0161 R\u012bg\u0101 viesoj\u0101s savas &#8220;Arnau&#8221; t\u016bres ietvaros. Jaun\u0101 koncertprogramma &#8220;Stranger&#8221; ir veidota, lai p\u0101rsteigtu klaus\u012bt\u0101jus ar jaun\u0101m dziesm\u0101m un v\u0113l neredz\u0113tu \u0161ovu. Koncerta apmekl\u0113t\u0101jiem b\u016bs \u012bpa\u0161a iesp\u0113ja dzird\u0113t Dima\u0161a jaun\u0101k\u0101s kompoz\u012bcijas pirmajiem.<\/p>\n<p>Dima\u0161s Kudajbergens ir paz\u012bstams ar savu unik\u0101lo balss diapazonu un vi\u0146a sp\u0113ja meistar\u012bgi apvienot da\u017e\u0101dus m\u016bzikas stilus, no operas un klasisk\u0101s m\u016bzikas l\u012bdz popam, rokam un repam, padara katru Kudajbergena uzst\u0101\u0161anos par neaizmirstamu pieredzi. M\u0101kslinieks izpilda dziesmas daudz\u0101s valod\u0101s, tostarp kazahu, krievu, ang\u013cu, fran\u010du, \u0137\u012bnie\u0161u un it\u0101\u013cu.<\/p>\n<p>Koncertprogramm\u0101 &#8220;Stranger&#8221; gaid\u0101mi gan jauni ska\u0146darbi, gan jau iem\u012b\u013coti hiti, piem\u0113ram, &#8220;Ave Maria&#8221;, &#8220;Stranger&#8221;, &#8220;Olimpico&#8221;, &#8220;Screaming&#8221; un &#8220;Give Me Your Love&#8221;. Ar\u0113nas durvis uz pas\u0101kumu 12. decembr\u012b tiks atv\u0113rtas plkst. 18:00, bet koncerta s\u0101kums paredz\u0113ts plkst. 19:30.<\/p>\n<p>Bi\u013cetes uz koncertu jau ir p\u0101rdo\u0161an\u0101, un to cenas sv\u0101rst\u0101s no 65 l\u012bdz 209 eiro. J\u0101\u0146em v\u0113r\u0101, ka bi\u013ce\u0161u cenai tiek piem\u0113rota apkalpo\u0161anas maksa, k\u0101 ar\u012b &#8220;Xiaomi&#8221; ar\u0113nas servisa maksa. Bi\u013cetes var ieg\u0101d\u0101ties popul\u0101r\u0101kaj\u0101s bi\u013ce\u0161u tirdzniec\u012bbas vietn\u0113s.<\/p>\n","protected":false},"excerpt":{"rendered":"Dima\u0161s Kudajbergens atgrie\u017eas Latvij\u0101 p\u0113c vi\u0146a veiksm\u012bg\u0101s uzst\u0101\u0161an\u0101s 2020. gad\u0101, kad vi\u0146\u0161 R\u012bg\u0101 viesoj\u0101s savas &#8220;Arnau&#8221; t\u016bres ietvaros.&hellip;\n","protected":false},"author":2,"featured_media":41659,"comment_status":"","ping_status":"","sticky":false,"template":"","format":"standard","meta":{"footnotes":""},"categories":[19],"tags":[8623,11890,89,90,202,35,39,38,36,37,34,40,1068],"class_list":{"0":"post-41658","1":"post","2":"type-post","3":"status-publish","4":"format-standard","5":"has-post-thumbnail","7":"category-izklaide","8":"tag-arena-riga","9":"tag-dimass-kudajbergens","10":"tag-entertainment","11":"tag-izklaide","12":"tag-koncerts","13":"tag-latvia","14":"tag-latvian","15":"tag-latviesu","16":"tag-latviesu-valoda","17":"tag-latviesuvaloda","18":"tag-latvija","19":"tag-lv","20":"tag-xiaomi-arena"},"share_on_mastodon":{"url":"https:\/\/pubeurope.com\/@lv\/115502977116073906","error":""},"_links":{"self":[{"href":"https:\/\/www.europesays.com\/lv\/wp-json\/wp\/v2\/posts\/41658","targetHints":{"allow":["GET"]}}],"collection":[{"href":"https:\/\/www.europesays.com\/lv\/wp-json\/wp\/v2\/posts"}],"about":[{"href":"https:\/\/www.europesays.com\/lv\/wp-json\/wp\/v2\/types\/post"}],"author":[{"embeddable":true,"href":"https:\/\/www.europesays.com\/lv\/wp-json\/wp\/v2\/users\/2"}],"replies":[{"embeddable":true,"href":"https:\/\/www.europesays.com\/lv\/wp-json\/wp\/v2\/comments?post=41658"}],"version-history":[{"count":0,"href":"https:\/\/www.europesays.com\/lv\/wp-json\/wp\/v2\/posts\/41658\/revisions"}],"wp:featuredmedia":[{"embeddable":true,"href":"https:\/\/www.europesays.com\/lv\/wp-json\/wp\/v2\/media\/41659"}],"wp:attachment":[{"href":"https:\/\/www.europesays.com\/lv\/wp-json\/wp\/v2\/media?parent=41658"}],"wp:term":[{"taxonomy":"category","embeddable":true,"href":"https:\/\/www.europesays.com\/lv\/wp-json\/wp\/v2\/categories?post=41658"},{"taxonomy":"post_tag","embeddable":true,"href":"https:\/\/www.europesays.com\/lv\/wp-json\/wp\/v2\/tags?post=41658"}],"curies":[{"name":"wp","href":"https:\/\/api.w.org\/{rel}","templated":true}]}}