{"id":41664,"date":"2025-11-06T13:30:11","date_gmt":"2025-11-06T13:30:11","guid":{"rendered":"https:\/\/www.europesays.com\/lv\/41664\/"},"modified":"2025-11-06T13:30:11","modified_gmt":"2025-11-06T13:30:11","slug":"musdienu-miruso-dzejnieku-biedriba-matiss-kaza-nacionalaja-teatri-iestude-izradi-bastardi","status":"publish","type":"post","link":"https:\/\/www.europesays.com\/lv\/41664\/","title":{"rendered":"M\u016bsdienu &#8220;Miru\u0161o dzejnieku biedr\u012bba&#8221; \u2013 Mat\u012bss Ka\u017ea Nacion\u0101laj\u0101 te\u0101tr\u012b iestud\u0113 izr\u0101di &#8220;Bastardi&#8221;"},"content":{"rendered":"<p>Re\u017eisors <a rel=\"noopener nofollow\" target=\"_blank\" href=\"https:\/\/www.delfi.lv\/temas\/51493629\/matiss-kaza\" tag-id=\"51493629\">Mat\u012bss Ka\u017ea<\/a> p\u0113c veiksm\u012bgi iestud\u0113t\u0101 &#8220;Nacion\u0101l\u0101 kan\u0101la&#8221; sadarb\u012bbu ar Latvijas Nacion\u0101lo te\u0101tri turpina ar izr\u0101di jauniem cilv\u0113kiem. &#8220;Bastardi&#8221; savdab\u012bg\u0101 veid\u0101 turpin\u0101s t\u0113mu par to, k\u0101da ir jaunie\u0161u ikdienas dz\u012bve vi\u0146u pa\u0161u ac\u012bm, ko aizs\u0101ka Gusts \u0100bele ar izr\u0101di &#8220;Klusums un troksnis&#8221;, inform\u0113 Nacion\u0101l\u0101 te\u0101tra p\u0101rst\u0101ve Baiba Tilhena.<\/p>\n<p>Mat\u012bsa Ka\u017eas izr\u0101d\u0113 skat\u012bt\u0101ji sastaps k\u0101das elit\u0101ras \u0123imn\u0101zijas audz\u0113k\u0146us, kuri mekl\u0113s savu balsi starp perfekcijas standartiem un tiek\u0161anos p\u0113c dom\u0101\u0161anas br\u012bv\u012bbas. <\/p>\n<p>&#8220;Ar\u012b elit\u0101r\u0101 skol\u0101 11. klases z\u0113ni ir t\u0101di pa\u0161i puikas. Apjuku\u0161i, bet, kad vajag \u2013 p\u0101rliecin\u0101ti. Sap\u0146ot\u0101ji, bet, kad vajag \u2013 re\u0101listi. Gatavi iem\u012bl\u0113ties, p\u0101rk\u0101pt robe\u017eas un noteikumus, maz\u0101k \u2013 atbild\u0113t par savu r\u012bc\u012bbu. Vi\u0146i ir p\u0101rliecin\u0101ti, ka, iek\u013c\u016bstot presti\u017e\u0101s \u0101rzemju augstskol\u0101s, sasniegs visu. Bet tad ierodas jauns skolot\u0101js, kas vi\u0146u v\u0113rt\u012bbas un priek\u0161status par dz\u012bvi cen\u0161as p\u0101rveidot ar m\u0101kslas pal\u012bdz\u012bbu un br\u012bv\u012bbu,&#8221; v\u0113sta jauniestud\u0113juma anot\u0101cija.<\/p>\n<p>Izr\u0101de aspr\u0101t\u012bg\u0101 manier\u0113 v\u0113rt\u0113s ar\u012b izgl\u012bt\u012bbas sist\u0113mu, kur\u0101 tiek m\u0101c\u012bts dz\u012bvot p\u0113c &#8220;pareiziem paraudzi\u0146iem&#8221; un \u013caus uzdr\u012bkst\u0113ties tos salauzt. T\u0101 aicin\u0101s skat\u012bt\u0101ju atcer\u0113ties \u2013 k\u0101 ir, kad pirmoreiz saj\u016bti, ka dom\u0101t pa\u0161am noz\u012bm\u0113 b\u016bt br\u012bvam, un kur\u0161 ir tas br\u012bdis, kad m\u012b\u013c\u0101 miera labad \u013caujies kompromisiem ar dz\u012bvi un tiem, kam rok\u0101s ir vara. Noz\u012bmi jaunie\u0161u dom\u0101\u0161anas br\u012bv\u012bbai st\u0101st\u0101 pie\u0161\u0137ir skolot\u0101js V\u012bti\u0146\u0161. Par vi\u0146a t\u0113lu Mat\u012bss Ka\u017ea rakst\u012bjis, dom\u0101jot par dzejnieku K\u0101rli V\u0113rdi\u0146u, tom\u0113r izr\u0101d\u0113 V\u012bti\u0146a lom\u0101 iejut\u012bsies cits liter\u0101ts, kur\u0161 ikdien\u0101 vair\u0101k paz\u012bstams k\u0101 aktieris <a rel=\"noopener nofollow\" target=\"_blank\" href=\"https:\/\/www.delfi.lv\/temas\/48746693\/igors-selegovskis\" tag-id=\"48746693\">Igors \u0160elegovskis<\/a>.<\/p>\n<p>Izr\u0101des pamat\u0101 ir t\u0101s veidot\u0101ju pieredze Latvijas izgl\u012bt\u012bbas sist\u0113m\u0101, prec\u012bz\u0101k, par saviem un draugu skolas gadiem, k\u0101 ar\u012b iespaidi no P\u012btera V\u012bra filmas &#8220;Miru\u0161o dzejnieku biedr\u012bba&#8221;, tikai jau m\u016bsdienu kontekst\u0101. <\/p>\n<p>Par gaid\u0101mo iestud\u0113jumu re\u017eisors Mat\u012bss Ka\u017ea teic: &#8220;Preto\u0161an\u0101s, identit\u0101tes mekl\u0113jumi, centieni izprast savu iek\u0161\u0113jo pasauli un reiz\u0113 sevi k\u0101 sabiedr\u012bbas da\u013cu \u2013 pusaud\u017ea gados tas viss savijas sare\u017e\u0123\u012btu emociju virpul\u012b, kuras m\u0113s cent\u012bsimies pied\u0101v\u0101t \u0161aj\u0101 izr\u0101d\u0113.&#8221;<\/p>\n<p>M\u0101ksliniecisk\u0101 komanda: re\u017eisors Mat\u012bss Ka\u017ea, dramaturgi \u2013 K\u0101rlis V\u0113rdi\u0146\u0161, Mat\u012bss Ka\u017ea un Igors \u0160elegovskis, scenogr\u0101fe un kost\u012bmu m\u0101ksliniece Kristina Rezviha, muzik\u0101l\u0101 noform\u0113juma autors Mat\u012bss Ka\u017ea, gaismu m\u0101ksliniece Lien\u012bte Sli\u0161\u0101ne, kust\u012bbu m\u0101ksliniece Ramona Levane, re\u017eisora asistents Aleksandrs Bricis.<\/p>\n<p>Lom\u0101s: Mat\u012bss Ku\u010dinskis (Niks P\u0113rle, 11. klases skolnieks), R\u016bdolfs Sprukulis (Knuts Auzenieks, 11. klases skolnieks), Uldis Sili\u0146\u0161 (Rihards Kamergrauzis, 11. klases skolnieks), Em\u012bls Ralfs Zagorskis (Toms Adermanis, 11. klases skolnieks), Santa Breik\u0161a (D\u0101rta D\u0101rzniece, 11. klases skolniece), Igors \u0160elegovskis (Arturs V\u012bti\u0146\u0161, skolot\u0101js), Juris Lisners (Direktors), Uldis An\u017ee (P\u0113rle, Nika t\u0113vs).<\/p>\n<p>Pirmizr\u0101de te\u0101tra Jaunaj\u0101 z\u0101l\u0113 gaid\u0101ma 14. novembr\u012b.<\/p>\n<p>Bi\u013cetes &#8220;Bi\u013ce\u0161u parad\u012bzes&#8221; kas\u0113s un t\u012bmek\u013cvietn\u0113. <\/p>\n<p class=\"m-0\">Seko &#8220;Delfi&#8221; ar\u012b  <a target=\"_blank\" href=\"https:\/\/www.instagram.com\/delfi.lv\/\" rel=\"nofollow noopener\">Instagram<\/a>  un <a target=\"_blank\" href=\"https:\/\/www.youtube.com\/channel\/UCw5foWtcJvAbUm64rv7jwUQ\" rel=\"nofollow noopener\">YouTube<\/a>  profil\u0101 \u2013 pievienojies, lai uzzin\u0101tu svar\u012bg\u0101ko un interesant\u0101ko pirmais!<\/p>\n<p>Publik\u0101cijas saturs vai t\u0101s jebk\u0101da apjoma da\u013ca ir aizsarg\u0101ts autorties\u012bbu objekts Autorties\u012bbu likuma izpratn\u0113, un t\u0101 izmanto\u0161ana bez izdev\u0113ja at\u013caujas ir aizliegta. Vair\u0101k lasi  <a target=\"_blank\" href=\"https:\/\/www.delfi.lv\/noteikumi#autortiesibas\" rel=\"nofollow noopener\">\u0161eit<\/a><script async src=\"\/\/www.instagram.com\/embed.js\"><\/script><\/p>\n","protected":false},"excerpt":{"rendered":"Re\u017eisors Mat\u012bss Ka\u017ea p\u0113c veiksm\u012bgi iestud\u0113t\u0101 &#8220;Nacion\u0101l\u0101 kan\u0101la&#8221; sadarb\u012bbu ar Latvijas Nacion\u0101lo te\u0101tri turpina ar izr\u0101di jauniem cilv\u0113kiem.&hellip;\n","protected":false},"author":2,"featured_media":41665,"comment_status":"","ping_status":"","sticky":false,"template":"","format":"standard","meta":{"footnotes":""},"categories":[19],"tags":[89,11892,90,35,39,38,36,37,34,1376,40,611],"class_list":{"0":"post-41664","1":"post","2":"type-post","3":"status-publish","4":"format-standard","5":"has-post-thumbnail","7":"category-izklaide","8":"tag-entertainment","9":"tag-igors-selegovskis","10":"tag-izklaide","11":"tag-latvia","12":"tag-latvian","13":"tag-latviesu","14":"tag-latviesu-valoda","15":"tag-latviesuvaloda","16":"tag-latvija","17":"tag-latvijas-nacionalais-teatris","18":"tag-lv","19":"tag-matiss-kaza"},"share_on_mastodon":{"url":"https:\/\/pubeurope.com\/@lv\/115503000732336081","error":""},"_links":{"self":[{"href":"https:\/\/www.europesays.com\/lv\/wp-json\/wp\/v2\/posts\/41664","targetHints":{"allow":["GET"]}}],"collection":[{"href":"https:\/\/www.europesays.com\/lv\/wp-json\/wp\/v2\/posts"}],"about":[{"href":"https:\/\/www.europesays.com\/lv\/wp-json\/wp\/v2\/types\/post"}],"author":[{"embeddable":true,"href":"https:\/\/www.europesays.com\/lv\/wp-json\/wp\/v2\/users\/2"}],"replies":[{"embeddable":true,"href":"https:\/\/www.europesays.com\/lv\/wp-json\/wp\/v2\/comments?post=41664"}],"version-history":[{"count":0,"href":"https:\/\/www.europesays.com\/lv\/wp-json\/wp\/v2\/posts\/41664\/revisions"}],"wp:featuredmedia":[{"embeddable":true,"href":"https:\/\/www.europesays.com\/lv\/wp-json\/wp\/v2\/media\/41665"}],"wp:attachment":[{"href":"https:\/\/www.europesays.com\/lv\/wp-json\/wp\/v2\/media?parent=41664"}],"wp:term":[{"taxonomy":"category","embeddable":true,"href":"https:\/\/www.europesays.com\/lv\/wp-json\/wp\/v2\/categories?post=41664"},{"taxonomy":"post_tag","embeddable":true,"href":"https:\/\/www.europesays.com\/lv\/wp-json\/wp\/v2\/tags?post=41664"}],"curies":[{"name":"wp","href":"https:\/\/api.w.org\/{rel}","templated":true}]}}