{"id":41668,"date":"2025-11-06T13:36:26","date_gmt":"2025-11-06T13:36:26","guid":{"rendered":"https:\/\/www.europesays.com\/lv\/41668\/"},"modified":"2025-11-06T13:36:26","modified_gmt":"2025-11-06T13:36:26","slug":"negaidits-negadijums-un-jauns-teatra-piedavajums-lente-lv-2","status":"publish","type":"post","link":"https:\/\/www.europesays.com\/lv\/41668\/","title":{"rendered":"negaid\u012bts negad\u012bjums un jauns te\u0101tra pied\u0101v\u0101jums\u00a0\u2014\u00a0Lente.lv"},"content":{"rendered":"<p>\u0122irts \u0136esteris: Nepl\u0101notas p\u0101rmai\u0146as un jauns dz\u012bves posms<\/p>\n<p>Aktiera \u0122irta \u0136estera nesen\u0101 par\u0101d\u012b\u0161an\u0101s telev\u012bzijas raid\u012bjum\u0101 &#8220;Daudz laimes, jubil\u0101r!&#8221; izrais\u012bja pla\u0161as diskusijas un sabiedr\u012bbas interesi par vi\u0146a izskata p\u0101rmai\u0146\u0101m. Daudzi paman\u012bja, ka \u0136esteris izskat\u0101s cit\u0101d\u0101k nek\u0101 ierasts, un tas rad\u012bjis da\u017e\u0101das spekul\u0101cijas un ba\u017eas. Tom\u0113r pats aktieris sarun\u0101 ar izdevumu &#8220;Priv\u0101t\u0101 Dz\u012bve&#8221; ir atkl\u0101jis patiesos iemeslus \u0161\u012bm p\u0101rmai\u0146\u0101m, izklied\u0113jot radu\u0161os nezi\u0146u un sniedzot skaidrojumu par savu pa\u0161reiz\u0113jo fizisko st\u0101vokli.<\/p>\n<p>Neierastais izskats \u2013 sekas likten\u012bgai satik\u0161an\u0101s<\/p>\n<p>\u0122irts \u0136esteris atkl\u0101j, ka vi\u0146a izskata izmai\u0146as nav saist\u012btas ar k\u0101du ilgsto\u0161u slim\u012bbu vai apzin\u0101tu v\u0113lmju \u012bsteno\u0161anu. Paties\u012bb\u0101, p\u0101rmai\u0146as ir radu\u0161\u0101s glu\u017ei negaid\u012bti un pat ar nelielu dr\u0101mu. Visa lieta aizs\u0101k\u0101s ar nejau\u0161u satik\u0161anos uz ielas, kur k\u0101da persona vi\u0146am uzkritusi virs\u016b, radot traumatisku situ\u0101ciju. \u0160is negad\u012bjums atst\u0101jis nepat\u012bkamas sekas, prasot laiku un r\u016bp\u012bgu atvese\u013co\u0161anos. Aktieris nesl\u0113pj, ka \u0161is notikums bijis diezgan nopietns un pras\u012bjis medic\u012bnisku pal\u012bdz\u012bbu. Tikai p\u0113c zin\u0101ma laika, kad \u0137ermenis s\u0101cis atg\u016bties, \u0122irts ir sp\u0113jis atgriezties pie ierastaj\u0101m ikdienas aktivit\u0101t\u0113m, ta\u010du redzam\u0101s sekas v\u0113l k\u0101du laiku b\u016bs man\u0101mas.<\/p>\n<p>Atgrie\u0161an\u0101s uz skatuves un jaunie izaicin\u0101jumi<\/p>\n<p>Neskatoties uz fiziskajiem izaicin\u0101jumiem, \u0122irts \u0136esteris nav zaud\u0113jis savu aizraut\u012bbu pret aktierm\u0101kslu. Vi\u0146\u0161 akt\u012bvi piedal\u0101s da\u017e\u0101dos projektos un turpina priec\u0113t skat\u012bt\u0101jus ar savu talantu. Neseni zi\u0146ojumi liecina, ka \u0136esteris ir uzs\u0101cis jaunu posmu sav\u0101 karjer\u0101, pievienojoties &#8220;M\u0101kslas te\u0101trim&#8221;. \u0160is solis v\u0113rt\u0113jams k\u0101 noz\u012bm\u012bgs pagrieziena punkts, kas apliecina vi\u0146a sp\u0113ju atg\u016bties un atkal pilnv\u0113rt\u012bgi iesaist\u012bties rado\u0161aj\u0101 vid\u0113. Jaunais te\u0101tris pied\u0101v\u0101 jaunas iesp\u0113jas un izaicin\u0101jumus, ko aktieris ir gatavs pie\u0146emt ar pilnu atdevi. \u0160is pied\u0101v\u0101jums n\u0101cis tie\u0161i laik\u0101, jo \u0136esteris atzinis, ka vi\u0146am pietr\u016bcis darba te\u0101tr\u012b. Vi\u0146a pievieno\u0161an\u0101s &#8220;M\u0101kslas te\u0101trim&#8221; sola interesantus uzvedumus un atkal redz\u0113t aktieri piln\u0101 spar\u0101 uz skatuves.<\/p>\n<p>Atzin\u012bba un publiskais atbalsts<\/p>\n<p>\u0122irta \u0136estera atkl\u0101t\u012bba par sav\u0101m p\u0101rmai\u0146\u0101m ir sa\u0146\u0113musi pla\u0161u sabiedr\u012bbas atbalstu un pozit\u012bvu v\u0113rt\u0113jumu. Fani un kol\u0113\u0123i pau\u017e l\u012bdzj\u016bt\u012bbu par piedz\u012bvoto negad\u012bjumu un nov\u0113l vi\u0146am \u0101tru atvese\u013co\u0161anos. T\u0101pat tiek uzsv\u0113rta vi\u0146a profesion\u0101l\u0101 un cilv\u0113cisk\u0101 drosme, atkl\u0101ti run\u0101jot par person\u012bg\u0101m gr\u016bt\u012bb\u0101m. \u0160\u0101da atkl\u0101t\u012bba veicina izpratni un samazina stigmatiz\u0101ciju saist\u012bb\u0101 ar vesel\u012bbas probl\u0113m\u0101m. Aktiera gatav\u012bba atgriezties darb\u0101 un pilnv\u0113rt\u012bgi piedal\u012bties sabiedriskaj\u0101 dz\u012bv\u0113 ir iedvesmojo\u0161a un par\u0101da vi\u0146a stipro raksturu. Vi\u0146a piem\u0113rs apliecina, ka gr\u016bt\u012bbas ir iesp\u0113jams p\u0101rvar\u0113t, un ar atbalstu un pa\u0161discipl\u012bnu atg\u016bt agr\u0101ko dz\u012bvesprieku un darba sp\u0113jas.<\/p>\n","protected":false},"excerpt":{"rendered":"\u0122irts \u0136esteris: Nepl\u0101notas p\u0101rmai\u0146as un jauns dz\u012bves posms Aktiera \u0122irta \u0136estera nesen\u0101 par\u0101d\u012b\u0161an\u0101s telev\u012bzijas raid\u012bjum\u0101 &#8220;Daudz laimes, jubil\u0101r!&#8221;&hellip;\n","protected":false},"author":2,"featured_media":41669,"comment_status":"","ping_status":"","sticky":false,"template":"","format":"standard","meta":{"footnotes":""},"categories":[19],"tags":[11882,89,11480,90,11880,35,39,38,36,37,34,40,11881,11883],"class_list":{"0":"post-41668","1":"post","2":"type-post","3":"status-publish","4":"format-standard","5":"has-post-thumbnail","7":"category-izklaide","8":"tag-aktiera-veseliba","9":"tag-entertainment","10":"tag-girts-kesteris","11":"tag-izklaide","12":"tag-izskata-parmainas","13":"tag-latvia","14":"tag-latvian","15":"tag-latviesu","16":"tag-latviesu-valoda","17":"tag-latviesuvaloda","18":"tag-latvija","19":"tag-lv","20":"tag-makslas-teatris","21":"tag-sabiedribas-reakcija"},"share_on_mastodon":{"url":"https:\/\/pubeurope.com\/@lv\/115503024345103113","error":""},"_links":{"self":[{"href":"https:\/\/www.europesays.com\/lv\/wp-json\/wp\/v2\/posts\/41668","targetHints":{"allow":["GET"]}}],"collection":[{"href":"https:\/\/www.europesays.com\/lv\/wp-json\/wp\/v2\/posts"}],"about":[{"href":"https:\/\/www.europesays.com\/lv\/wp-json\/wp\/v2\/types\/post"}],"author":[{"embeddable":true,"href":"https:\/\/www.europesays.com\/lv\/wp-json\/wp\/v2\/users\/2"}],"replies":[{"embeddable":true,"href":"https:\/\/www.europesays.com\/lv\/wp-json\/wp\/v2\/comments?post=41668"}],"version-history":[{"count":0,"href":"https:\/\/www.europesays.com\/lv\/wp-json\/wp\/v2\/posts\/41668\/revisions"}],"wp:featuredmedia":[{"embeddable":true,"href":"https:\/\/www.europesays.com\/lv\/wp-json\/wp\/v2\/media\/41669"}],"wp:attachment":[{"href":"https:\/\/www.europesays.com\/lv\/wp-json\/wp\/v2\/media?parent=41668"}],"wp:term":[{"taxonomy":"category","embeddable":true,"href":"https:\/\/www.europesays.com\/lv\/wp-json\/wp\/v2\/categories?post=41668"},{"taxonomy":"post_tag","embeddable":true,"href":"https:\/\/www.europesays.com\/lv\/wp-json\/wp\/v2\/tags?post=41668"}],"curies":[{"name":"wp","href":"https:\/\/api.w.org\/{rel}","templated":true}]}}