{"id":41675,"date":"2025-11-06T13:46:08","date_gmt":"2025-11-06T13:46:08","guid":{"rendered":"https:\/\/www.europesays.com\/lv\/41675\/"},"modified":"2025-11-06T13:46:08","modified_gmt":"2025-11-06T13:46:08","slug":"stambulas-konvencija-nav-akcijas-prece-2","status":"publish","type":"post","link":"https:\/\/www.europesays.com\/lv\/41675\/","title":{"rendered":"Stambulas konvencija nav akcijas prece!"},"content":{"rendered":"<p>Jaut\u0101jums par Stambulas konvenciju jau sen ir kaut kas pla\u0161\u0101ks par vienk\u0101r\u0161u juridisku dokumentu, jo cilv\u0113ki uz to raug\u0101s at\u0161\u0137ir\u012bgi: vieni saredz instrumentu, lai pak\u0101peniski mazin\u0101tu vardarb\u012bbu, bet citi to uztver k\u0101 l\u012bdzekli, lai demonstr\u0113tu sp\u0113ku un p\u0101r\u0101kumu, mobiliz\u0113jot savus atbalst\u012bt\u0101jus ar visizplat\u012bt\u0101ko populistu metodi \u2013 arhetipisku bai\u013cu pal\u012bdz\u012bbu. T\u0101s sak\u0146ojas ne vien univers\u0101los simbolos cilv\u0113ka psihes dzi\u013c\u0101kajos sl\u0101\u0146os, bet ar\u012b apzin\u0101ti manipul\u0101cijas nol\u016bkos rad\u012btos m\u012btos.<\/p>\n<p>Pag\u0101ju\u0161o tre\u0161dien, v\u0113l pirms Saeimas balsojuma, kas visai prognoz\u0113jami demonstr\u0113ja jau ierasto attiec\u012bg\u0101s ieceres \u012bsteno\u0161anai mobiliz\u0113ju\u0161os partiju discipl\u012bnu, ieriebjot saviem politiskajiem konkurentiem, Latvijas sabiedr\u012bba nebija klusa.<\/p>\n<p>Lai gan demonstr\u0101ciju pie parlamenta \u0113kas un v\u0113l\u0101ko aicin\u0101jumu prezidentam neparakst\u012bt likumu par izst\u0101\u0161anos no Stambulas konvencijas b\u016btu p\u0101ragri uzskat\u012bt par atbalstu k\u0101dai konkr\u0113tai partijai, protest\u0113t\u0101ji \u013c\u0101va noprast, ka ku\u0123is netiek st\u016br\u0113ts pareizaj\u0101 virzien\u0101. Manipul\u0113t ar v\u0113l\u0113t\u0101jiem var da\u017e\u0101dos veidos, ta\u010du \u0161\u0137iet, ka liela da\u013ca tautas kalpu \u0161oreiz ir p\u0101rr\u0113\u0137in\u0101ju\u0161ies, uzskatot, ka Eiropas v\u0113rt\u012bbas cilv\u0113kiem m\u016bsu valst\u012b nav svar\u012bgas. To apliecina ar\u012b da\u017eu ziepes iev\u0101r\u012bju\u0161o partiju poz\u012bcijas mai\u0146a p\u0113c prezidenta aicin\u0101juma konvencijas jaut\u0101jumu tom\u0113r atst\u0101t n\u0101kamajai Saeimai.<\/p>\n","protected":false},"excerpt":{"rendered":"Jaut\u0101jums par Stambulas konvenciju jau sen ir kaut kas pla\u0161\u0101ks par vienk\u0101r\u0161u juridisku dokumentu, jo cilv\u0113ki uz to&hellip;\n","protected":false},"author":2,"featured_media":41663,"comment_status":"","ping_status":"","sticky":false,"template":"","format":"standard","meta":{"footnotes":""},"categories":[12],"tags":[23,28,29,2795,32,33,22,30,31,35,39,38,36,37,34,40,20,26,27,2023,24,25,11891,581,4099,21],"class_list":{"0":"post-41675","1":"post","2":"type-post","3":"status-publish","4":"format-standard","5":"has-post-thumbnail","7":"category-latvija","8":"tag-aktualitates","9":"tag-breaking-news","10":"tag-breakingnews","11":"tag-doma-laukums","12":"tag-featured-news","13":"tag-featurednews","14":"tag-headlines","15":"tag-latest-news","16":"tag-latestnews","17":"tag-latvia","18":"tag-latvian","19":"tag-latviesu","20":"tag-latviesu-valoda","21":"tag-latviesuvaloda","22":"tag-latvija","23":"tag-lv","24":"tag-news","25":"tag-popularakas-zinas","26":"tag-popularakaszinas","27":"tag-stambulas-konvencija","28":"tag-top-stories","29":"tag-topstories","30":"tag-tvnet-25","31":"tag-vecriga","32":"tag-viedoklis","33":"tag-zinas"},"share_on_mastodon":{"url":"https:\/\/pubeurope.com\/@lv\/115503063700688918","error":""},"_links":{"self":[{"href":"https:\/\/www.europesays.com\/lv\/wp-json\/wp\/v2\/posts\/41675","targetHints":{"allow":["GET"]}}],"collection":[{"href":"https:\/\/www.europesays.com\/lv\/wp-json\/wp\/v2\/posts"}],"about":[{"href":"https:\/\/www.europesays.com\/lv\/wp-json\/wp\/v2\/types\/post"}],"author":[{"embeddable":true,"href":"https:\/\/www.europesays.com\/lv\/wp-json\/wp\/v2\/users\/2"}],"replies":[{"embeddable":true,"href":"https:\/\/www.europesays.com\/lv\/wp-json\/wp\/v2\/comments?post=41675"}],"version-history":[{"count":0,"href":"https:\/\/www.europesays.com\/lv\/wp-json\/wp\/v2\/posts\/41675\/revisions"}],"wp:featuredmedia":[{"embeddable":true,"href":"https:\/\/www.europesays.com\/lv\/wp-json\/wp\/v2\/media\/41663"}],"wp:attachment":[{"href":"https:\/\/www.europesays.com\/lv\/wp-json\/wp\/v2\/media?parent=41675"}],"wp:term":[{"taxonomy":"category","embeddable":true,"href":"https:\/\/www.europesays.com\/lv\/wp-json\/wp\/v2\/categories?post=41675"},{"taxonomy":"post_tag","embeddable":true,"href":"https:\/\/www.europesays.com\/lv\/wp-json\/wp\/v2\/tags?post=41675"}],"curies":[{"name":"wp","href":"https:\/\/api.w.org\/{rel}","templated":true}]}}