{"id":41678,"date":"2025-11-06T13:49:07","date_gmt":"2025-11-06T13:49:07","guid":{"rendered":"https:\/\/www.europesays.com\/lv\/41678\/"},"modified":"2025-11-06T13:49:07","modified_gmt":"2025-11-06T13:49:07","slug":"latviesu-izcelsmes-airetajs-diskvalificets-uz-diviem-gadiem-par-intima-video-publicesanu-lidmasina-lente-lv","status":"publish","type":"post","link":"https:\/\/www.europesays.com\/lv\/41678\/","title":{"rendered":"Latvie\u0161u izcelsmes air\u0113t\u0101js diskvalific\u0113ts uz diviem gadiem par int\u012bma video public\u0113\u0161anu lidma\u0161\u012bn\u0101\u00a0\u2014\u00a0Lente.lv"},"content":{"rendered":"<p>Lielbrit\u0101nijas air\u0113\u0161anas feder\u0101cija diskvalific\u0113 latvie\u0161u izcelsmes sportistu par nepiedien\u012bgu video<\/p>\n<p>Latvij\u0101 dzimu\u0161ais, bet Lielbrit\u0101niju p\u0101rst\u0101vo\u0161ais kanoe air\u0113t\u0101js Kurts \u0100dams Rozent\u0101ls ir sa\u0146\u0113mis skarbu sodu \u2013 divu gadu diskvalifik\u0101ciju par seksu\u0101la rakstura video public\u0113\u0161anu sav\u0101 \u201cInstagram\u201d kont\u0101. Incidenta d\u0113\u013c vi\u0146\u0161 ir izsl\u0113gts ar\u012b no Lielbrit\u0101nijas Sporta loterijas finans\u0113t\u0101s programmas, kas pal\u012bdz sportistiem sagatavoties olimpiskaj\u0101m sp\u0113l\u0113m. Disciplin\u0101rlietu komisija konstat\u0113ja, ka Rozent\u0101ls ir \u201csmagi diskredit\u0113jis\u201d savu sporta veidu, mart\u0101 aug\u0161upiel\u0101d\u0113jot video, kur\u0101 redzams int\u012bms akts lidma\u0161\u012bn\u0101. Vi\u0146\u0161 sevi raksturo k\u0101 cilv\u0113ku, kur\u0161 pie\u013cauj k\u013c\u016bdas, un uzskata, ka divu gadu diskvalifik\u0101cija ir \u201cdiezgan me\u017eon\u012bga\u201d un \u201c\u013coti ekstr\u0113ma\u201d.<\/p>\n<p>Sportista skat\u012bjums uz finans\u0113jumu un karjeras izv\u0113li<\/p>\n<p>23 gadus vecais Rozent\u0101ls uzskata, ka \u0161\u0101da diskvalifik\u0101cija neb\u016btu notikusi, ja sportistiem tiktu nodro\u0161in\u0101ts pien\u0101c\u012bgs finans\u0113jums. Vi\u0146\u0161 atkl\u0101ja, ka no \u201cPaddle UK\u201d (Lielbrit\u0101nijas smai\u013co\u0161anas un kanoe air\u0113\u0161anas feder\u0101cijas) sa\u0146\u0113mis ap 16 000 sterli\u0146u gad\u0101, kas ir nepietiekami elites sporta l\u012bmenim. Lai gan Rozent\u0101ls atz\u012bst, ka public\u0113tais video var\u0113tu tikt rakteteriz\u0113ts k\u0101 \u201cnepr\u0101t\u012bgs\u201d, vi\u0146\u0161 uzsver, ka tas nav bijis nelikum\u012bgs un nav iemesls sportista diskvalifik\u0101cijai. Vi\u0146\u0161 ar\u012b nor\u0101da, ka ien\u0101kumi no vi\u0146a \u201cOnlyFans\u201d konta, kas laika posm\u0101 no janv\u0101ra l\u012bdz maijam p\u0101rsniedza 100 000 m\u0101rci\u0146u, \u013c\u0101vu\u0161i vi\u0146am pa\u0161am finans\u0113t treni\u0146us un uzlabot savu finansi\u0101lo situ\u0101ciju. \u0160\u012b situ\u0101cija liek vi\u0146am iz\u0161\u0137irties starp kanoe air\u0113\u0161anas un \u201cOnlyFans\u201d karjeru, ta\u010du sportists pau\u017e, ka nauda vi\u0146am nav galvenais \u2013 svar\u012bg\u0101k ir iesp\u0113ja pal\u012bdz\u0113t savai m\u0101tei. Vi\u0146\u0161 ir ap\u0146\u0113mies turpin\u0101t sacensties sport\u0101 un ir p\u0101rliecin\u0101ts, ka \u201cvien\u0101 vai otr\u0101 veid\u0101 nok\u013c\u016bs olimpiskaj\u0101s sp\u0113l\u0113s\u201d.<\/p>\n<p>Feder\u0101cijas nost\u0101ja un aps\u016bdz\u012bbas par dezinform\u0101ciju<\/p>\n<p>\u201cPaddle UK\u201d pazi\u0146ojum\u0101 nor\u0101d\u012bja, ka disciplin\u0101rlieta ir uzs\u0101kta, jo sportista r\u012bc\u012bbas kodeksa un l\u012bguma p\u0101rk\u0101pumi ir biju\u0161i rupji. Tie defin\u0113ti k\u0101 \u201capzin\u0101tas darb\u012bbas vai bezdarb\u012bba, kas nopietni diskredit\u0113 \u201cPaddle UK\u201d\u201d, \u201cnepiedien\u012bga, aizskaro\u0161a vai amor\u0101la uzved\u012bba\u201d un \u201csoci\u0101lo mediju neatbilsto\u0161a izmanto\u0161ana\u201d. Feder\u0101cija ar\u012b aps\u016bdz Rozent\u0101lu par \u201capzin\u0101tu preses maldin\u0101\u0161anu\u201d attiec\u012bb\u0101 uz diskvalifik\u0101cijas iemesliem. Rozent\u0101ls gan uzst\u0101j, ka video nav bijis nepiedien\u012bgs un \u201cInstagram\u201d to nav no\u0146\u0113mis, ta\u010du atz\u012bst, ka vi\u0146a public\u0113tais materi\u0101ls ir pretrun\u0101 ar t\u0113lu, k\u0101du, vi\u0146apr\u0101t, feder\u0101cija v\u0113las redz\u0113t sportistos.<\/p>\n<p>Iesp\u0113jam\u0101 valsts mai\u0146a un t\u0101l\u0101ka n\u0101kotne<\/p>\n<p>Interesanti, ka nesen par\u0101d\u012bjusies inform\u0101cija, ka Kurts \u0100dams Rozent\u0101ls izteicis v\u0113lmi main\u012bt p\u0101rst\u0101v\u0113to valsti uz dzimto Latviju, un Latvijas Kanoe feder\u0101cija tam neiebilst. Tom\u0113r, \u0146emot v\u0113r\u0101 divu gadu diskvalifik\u0101ciju, kas izsl\u0113dz vi\u0146u no sacens\u012bb\u0101m l\u012bdz pat 2027. gadam, ce\u013c\u0161 uz 2028. gada olimpiskaj\u0101m sp\u0113l\u0113m k\u013c\u016bst \u013coti izaicino\u0161s. Lai gan Rozent\u0101ls ne no\u017e\u0113lo savu r\u012bc\u012bbu, vi\u0146\u0161 atz\u012bst, ka, atskatoties pag\u0101tn\u0113, dro\u0161i vien neko t\u0101du vairs nepublic\u0113tu.<\/p>\n","protected":false},"excerpt":{"rendered":"Lielbrit\u0101nijas air\u0113\u0161anas feder\u0101cija diskvalific\u0113 latvie\u0161u izcelsmes sportistu par nepiedien\u012bgu video Latvij\u0101 dzimu\u0161ais, bet Lielbrit\u0101niju p\u0101rst\u0101vo\u0161ais kanoe air\u0113t\u0101js Kurts&hellip;\n","protected":false},"author":2,"featured_media":41679,"comment_status":"","ping_status":"","sticky":false,"template":"","format":"standard","meta":{"footnotes":""},"categories":[17],"tags":[11895,11637,35,39,38,36,37,34,40,1299,11897,67,11896],"class_list":{"0":"post-41678","1":"post","2":"type-post","3":"status-publish","4":"format-standard","5":"has-post-thumbnail","7":"category-sports","8":"tag-airetajs-diskvalifikacija","9":"tag-kurts-adams-rozentals","10":"tag-latvia","11":"tag-latvian","12":"tag-latviesu","13":"tag-latviesu-valoda","14":"tag-latviesuvaloda","15":"tag-latvija","16":"tag-lv","17":"tag-onlyfans","18":"tag-sporta-etika","19":"tag-sports","20":"tag-video-lidmasina"},"share_on_mastodon":{"url":"https:\/\/pubeurope.com\/@lv\/115503075422595123","error":""},"_links":{"self":[{"href":"https:\/\/www.europesays.com\/lv\/wp-json\/wp\/v2\/posts\/41678","targetHints":{"allow":["GET"]}}],"collection":[{"href":"https:\/\/www.europesays.com\/lv\/wp-json\/wp\/v2\/posts"}],"about":[{"href":"https:\/\/www.europesays.com\/lv\/wp-json\/wp\/v2\/types\/post"}],"author":[{"embeddable":true,"href":"https:\/\/www.europesays.com\/lv\/wp-json\/wp\/v2\/users\/2"}],"replies":[{"embeddable":true,"href":"https:\/\/www.europesays.com\/lv\/wp-json\/wp\/v2\/comments?post=41678"}],"version-history":[{"count":0,"href":"https:\/\/www.europesays.com\/lv\/wp-json\/wp\/v2\/posts\/41678\/revisions"}],"wp:featuredmedia":[{"embeddable":true,"href":"https:\/\/www.europesays.com\/lv\/wp-json\/wp\/v2\/media\/41679"}],"wp:attachment":[{"href":"https:\/\/www.europesays.com\/lv\/wp-json\/wp\/v2\/media?parent=41678"}],"wp:term":[{"taxonomy":"category","embeddable":true,"href":"https:\/\/www.europesays.com\/lv\/wp-json\/wp\/v2\/categories?post=41678"},{"taxonomy":"post_tag","embeddable":true,"href":"https:\/\/www.europesays.com\/lv\/wp-json\/wp\/v2\/tags?post=41678"}],"curies":[{"name":"wp","href":"https:\/\/api.w.org\/{rel}","templated":true}]}}