{"id":41680,"date":"2025-11-06T13:51:09","date_gmt":"2025-11-06T13:51:09","guid":{"rendered":"https:\/\/www.europesays.com\/lv\/41680\/"},"modified":"2025-11-06T13:51:09","modified_gmt":"2025-11-06T13:51:09","slug":"pienacis-laiks-partraukt-krievijas-naftas-iepirksanu","status":"publish","type":"post","link":"https:\/\/www.europesays.com\/lv\/41680\/","title":{"rendered":"Pien\u0101cis laiks p\u0101rtraukt Krievijas naftas iepirk\u0161anu"},"content":{"rendered":"<p>Diskusij\u0101 K\u012btings akcent\u0113ja, ka sankciju politikas m\u0113r\u0137is ir liegt Krievijai finans\u0113t karu Ukrain\u0101, ta\u010du r\u012bc\u012bbai j\u0101b\u016bt dinamisk\u0101kai, \u012bpa\u0161i t\u0101d\u0101s jom\u0101s k\u0101 kriptoval\u016btu izmanto\u0161ana mikroelektronikas ieg\u0101dei no \u0136\u012bnas. Vi\u0146\u0161 nor\u0101d\u012bja, ka sankciju \u012bsteno\u0161an\u0101 j\u0101iegulda tikpat liela ener\u0123ija k\u0101 \u0113nu flotes izseko\u0161an\u0101 un naftas infrastrukt\u016bras ierobe\u017eo\u0161an\u0101.<\/p>\n<p>Biju\u0161ais ASV Finan\u0161u ministrijas \u0100rvalstu akt\u012bvu kontroles biroja (OFAC) direktors D\u017eons Smits sac\u012bja, ka gan ASV, gan Eiropa l\u012bdz \u0161im r\u012bkoju\u0161\u0101s p\u0101r\u0101k piesardz\u012bgi. Vi\u0146apr\u0101t, sankciju politika Krievijas iebrukuma s\u0101kum\u0101 bijusi drosm\u012bga, ta\u010du tagad t\u0101 k\u013cuvusi fragment\u0113ta un zaud\u0113jusi tempu. Smits aicin\u0101ja stiprin\u0101t ne tikai jaunu sankciju noteik\u0161anu, bet ar\u012b to \u012bsteno\u0161anu un uzraudz\u012bbu, uzsverot, ka daudz\u0101s valst\u012bs sol\u012bt\u0101 sankciju izpildes pastiprin\u0101\u0161ana nav notikusi.<\/p>\n<p>Savuk\u0101rt Blaite nor\u0101d\u012bja, ka Lielbrit\u0101nija izmanto sankcijas k\u0101 \u0101rpolitikas un nacion\u0101l\u0101s dro\u0161\u012bbas instrumentu. Vi\u0146a uzsv\u0113ra, ka saska\u0146\u0101 ar jaun\u0101s nacion\u0101l\u0101s dro\u0161\u012bbas strat\u0113\u0123ijas principiem sankcijas tiek piem\u0113rotas, lai v\u0101jin\u0101tu pretinieku sp\u0113jas, izjauktu noziedz\u012bgus t\u012bklus un nov\u0113rstu nelikum\u012bgu migr\u0101ciju, tostarp v\u0113r\u0161oties pret cilv\u0113ku kontrabandas un tirdzniec\u012bbas organizatoriem.<\/p>\n<p>Jau rakst\u012bts, ka FID r\u012bkotaj\u0101 konferenc\u0113 &#8220;Sarg\u0101jot robe\u017eu: sankcijas, eksporta kontrole un uz\u0146\u0113mumu atbild\u012bba&#8221; eksperti no ES, Lielbrit\u0101nijas, Kan\u0101das un ASV ceturtdien diskut\u0113 par kop\u012bgo atbild\u012bbu sankciju efektivit\u0101tes nodro\u0161in\u0101\u0161an\u0101.<\/p>\n","protected":false},"excerpt":{"rendered":"Diskusij\u0101 K\u012btings akcent\u0113ja, ka sankciju politikas m\u0113r\u0137is ir liegt Krievijai finans\u0113t karu Ukrain\u0101, ta\u010du r\u012bc\u012bbai j\u0101b\u016bt dinamisk\u0101kai, \u012bpa\u0161i&hellip;\n","protected":false},"author":2,"featured_media":41681,"comment_status":"","ping_status":"","sticky":false,"template":"","format":"standard","meta":{"footnotes":""},"categories":[14],"tags":[23,57,28,29,32,33,22,234,30,31,35,39,38,36,37,34,40,20,26,27,511,24,25,54,55,56,21,58],"class_list":{"0":"post-41680","1":"post","2":"type-post","3":"status-publish","4":"format-standard","5":"has-post-thumbnail","7":"category-zinas-no-arvalstim","8":"tag-aktualitates","9":"tag-arvalstim","10":"tag-breaking-news","11":"tag-breakingnews","12":"tag-featured-news","13":"tag-featurednews","14":"tag-headlines","15":"tag-krievija","16":"tag-latest-news","17":"tag-latestnews","18":"tag-latvia","19":"tag-latvian","20":"tag-latviesu","21":"tag-latviesu-valoda","22":"tag-latviesuvaloda","23":"tag-latvija","24":"tag-lv","25":"tag-news","26":"tag-popularakas-zinas","27":"tag-popularakaszinas","28":"tag-sankcijas","29":"tag-top-stories","30":"tag-topstories","31":"tag-world","32":"tag-world-news","33":"tag-worldnews","34":"tag-zinas","35":"tag-zinas-no-arvalstim"},"share_on_mastodon":{"url":"https:\/\/pubeurope.com\/@lv\/115503083326214047","error":""},"_links":{"self":[{"href":"https:\/\/www.europesays.com\/lv\/wp-json\/wp\/v2\/posts\/41680","targetHints":{"allow":["GET"]}}],"collection":[{"href":"https:\/\/www.europesays.com\/lv\/wp-json\/wp\/v2\/posts"}],"about":[{"href":"https:\/\/www.europesays.com\/lv\/wp-json\/wp\/v2\/types\/post"}],"author":[{"embeddable":true,"href":"https:\/\/www.europesays.com\/lv\/wp-json\/wp\/v2\/users\/2"}],"replies":[{"embeddable":true,"href":"https:\/\/www.europesays.com\/lv\/wp-json\/wp\/v2\/comments?post=41680"}],"version-history":[{"count":0,"href":"https:\/\/www.europesays.com\/lv\/wp-json\/wp\/v2\/posts\/41680\/revisions"}],"wp:featuredmedia":[{"embeddable":true,"href":"https:\/\/www.europesays.com\/lv\/wp-json\/wp\/v2\/media\/41681"}],"wp:attachment":[{"href":"https:\/\/www.europesays.com\/lv\/wp-json\/wp\/v2\/media?parent=41680"}],"wp:term":[{"taxonomy":"category","embeddable":true,"href":"https:\/\/www.europesays.com\/lv\/wp-json\/wp\/v2\/categories?post=41680"},{"taxonomy":"post_tag","embeddable":true,"href":"https:\/\/www.europesays.com\/lv\/wp-json\/wp\/v2\/tags?post=41680"}],"curies":[{"name":"wp","href":"https:\/\/api.w.org\/{rel}","templated":true}]}}