{"id":41682,"date":"2025-11-06T13:52:07","date_gmt":"2025-11-06T13:52:07","guid":{"rendered":"https:\/\/www.europesays.com\/lv\/41682\/"},"modified":"2025-11-06T13:52:07","modified_gmt":"2025-11-06T13:52:07","slug":"kriminalvajasanai-ludz-izdot-rigas-rajona-tiesas-tiesnesi-silinevicu","status":"publish","type":"post","link":"https:\/\/www.europesays.com\/lv\/41682\/","title":{"rendered":"Krimin\u0101lvaj\u0101\u0161anai l\u016bdz izdot R\u012bgas rajona tiesas tiesnesi Sili\u0146evi\u010du"},"content":{"rendered":"<p>2002. gada apr\u012bl\u012b Saeima Sili\u0146evi\u010du iec\u0113la un 2005. gada apr\u012bl\u012b apstiprin\u0101ja par R\u012bgas rajona tiesas tiesnesi. 2003. gada decembr\u012b vi\u0146ai tika uzdots pild\u012bt R\u012bgas rajona tiesas priek\u0161s\u0113d\u0113t\u0101ja vietnieka pien\u0101kumus, bet 2005. gada j\u016blij\u0101 vi\u0146u iec\u0113la par R\u012bgas rajona tiesas priek\u0161s\u0113d\u0113t\u0101ja vietnieci. No 2008. gada oktobra vi\u0146a 15 gadus bija R\u012bgas rajona tiesas priek\u0161s\u0113d\u0113t\u0101ja.<\/p>\n<p>Par ieguld\u012bjumu Latvijas tieslietu sist\u0113mas att\u012bst\u012bb\u0101 Sili\u0146evi\u010da savulaik apbalvota ar Tieslietu ministrijas I pak\u0101pes Atzin\u012bbas rakstu un \u201czelta\u201d spalvu, Tieslietu sist\u0113mas III pak\u0101pes Goda z\u012bmi par priek\u0161z\u012bm\u012bgu un godpr\u0101t\u012bgu tiesne\u0161a amata pien\u0101kumu veik\u0161anu, noz\u012bm\u012bgu ieguld\u012bjumu Latvijas tieslietu sist\u0113mas att\u012bst\u012bb\u0101 un Tieslietu ministrijas Pateic\u012bbas rakstu par noz\u012bm\u012bgu ieguld\u012bjumu tiesu sist\u0113mas att\u012bst\u012bb\u0101 un tiesu reformas ievie\u0161an\u0101.<\/p>\n<p>Sili\u0146evi\u010das valsts amatpersonas deklar\u0101cija par 2024. gadu liecina, ka vi\u0146a turpin\u0101jusi str\u0101d\u0101t par tiesnesi, alg\u0101 gada laik\u0101 sa\u0146emot vair\u0101k nek\u0101 53 000 eiro. V\u0113l p\u0101ris t\u016bksto\u0161us vi\u0146a nopeln\u012bjusi no \u012bpa\u0161umu iz\u012br\u0113\u0161anas. 2024. gada izska\u0146\u0101 vi\u0146as par\u0101dsaist\u012bbas biju\u0161i aptuveni 115 000 eiro, bet vi\u0146a pati bija aizdevusi 30 000 eiro. Tobr\u012bd vi\u0146ai nav biju\u0161i uzkr\u0101jumi, kuru summa p\u0101rsniegtu 20 minim\u0101l\u0101s m\u0113ne\u0161algas.<\/p>\n<p>Saeimai l\u0113mums par at\u013cauju s\u0101kt krimin\u0101lvaj\u0101\u0161anu j\u0101pie\u0146em plen\u0101rs\u0113d\u0113.<\/p>\n<p>Tiesu iek\u0101rtas likums paredz, ka tiesnesi var saukt pie krimin\u0101latbild\u012bbas vai apcietin\u0101t ar Saeimas piekri\u0161anu.<\/p>\n<p class=\"tv3-fw-500\">Zi\u0146o par k\u013c\u016bdu rakst\u0101<\/p>\n<p class=\"d-md-block d-none\">Iez\u012bm\u0113 k\u013c\u016bdaino tekstu un spied Ctrl+Enter.<\/p>\n<p class=\"d-md-none d-block\">Iez\u012bm\u0113 k\u013c\u016bdaino tekstu un zi\u0146o par to!<\/p>\n","protected":false},"excerpt":{"rendered":"2002. gada apr\u012bl\u012b Saeima Sili\u0146evi\u010du iec\u0113la un 2005. gada apr\u012bl\u012b apstiprin\u0101ja par R\u012bgas rajona tiesas tiesnesi. 2003. gada&hellip;\n","protected":false},"author":2,"featured_media":41683,"comment_status":"","ping_status":"","sticky":false,"template":"","format":"standard","meta":{"footnotes":""},"categories":[12],"tags":[23,28,29,32,33,22,11898,30,31,35,39,38,36,37,34,40,20,26,27,24,25,21],"class_list":{"0":"post-41682","1":"post","2":"type-post","3":"status-publish","4":"format-standard","5":"has-post-thumbnail","7":"category-latvija","8":"tag-aktualitates","9":"tag-breaking-news","10":"tag-breakingnews","11":"tag-featured-news","12":"tag-featurednews","13":"tag-headlines","14":"tag-kriminalvajasanarigas-rajona-tiesa","15":"tag-latest-news","16":"tag-latestnews","17":"tag-latvia","18":"tag-latvian","19":"tag-latviesu","20":"tag-latviesu-valoda","21":"tag-latviesuvaloda","22":"tag-latvija","23":"tag-lv","24":"tag-news","25":"tag-popularakas-zinas","26":"tag-popularakaszinas","27":"tag-top-stories","28":"tag-topstories","29":"tag-zinas"},"share_on_mastodon":{"url":"https:\/\/pubeurope.com\/@lv\/115503087324661221","error":""},"_links":{"self":[{"href":"https:\/\/www.europesays.com\/lv\/wp-json\/wp\/v2\/posts\/41682","targetHints":{"allow":["GET"]}}],"collection":[{"href":"https:\/\/www.europesays.com\/lv\/wp-json\/wp\/v2\/posts"}],"about":[{"href":"https:\/\/www.europesays.com\/lv\/wp-json\/wp\/v2\/types\/post"}],"author":[{"embeddable":true,"href":"https:\/\/www.europesays.com\/lv\/wp-json\/wp\/v2\/users\/2"}],"replies":[{"embeddable":true,"href":"https:\/\/www.europesays.com\/lv\/wp-json\/wp\/v2\/comments?post=41682"}],"version-history":[{"count":0,"href":"https:\/\/www.europesays.com\/lv\/wp-json\/wp\/v2\/posts\/41682\/revisions"}],"wp:featuredmedia":[{"embeddable":true,"href":"https:\/\/www.europesays.com\/lv\/wp-json\/wp\/v2\/media\/41683"}],"wp:attachment":[{"href":"https:\/\/www.europesays.com\/lv\/wp-json\/wp\/v2\/media?parent=41682"}],"wp:term":[{"taxonomy":"category","embeddable":true,"href":"https:\/\/www.europesays.com\/lv\/wp-json\/wp\/v2\/categories?post=41682"},{"taxonomy":"post_tag","embeddable":true,"href":"https:\/\/www.europesays.com\/lv\/wp-json\/wp\/v2\/tags?post=41682"}],"curies":[{"name":"wp","href":"https:\/\/api.w.org\/{rel}","templated":true}]}}