{"id":41684,"date":"2025-11-06T13:53:13","date_gmt":"2025-11-06T13:53:13","guid":{"rendered":"https:\/\/www.europesays.com\/lv\/41684\/"},"modified":"2025-11-06T13:53:13","modified_gmt":"2025-11-06T13:53:13","slug":"konkurences-padome-informe-par-maxima-latvija-piemeroto-sodu-tvnet","status":"publish","type":"post","link":"https:\/\/www.europesays.com\/lv\/41684\/","title":{"rendered":"Konkurences padome inform\u0113 par &quot;Maxima Latvija&quot; piem\u0113roto sodu &#8211; TVNET"},"content":{"rendered":"<ol>\n<li><a href=\"https:\/\/news.google.com\/rss\/articles\/CBMikwFBVV95cUxNb0VQbGVSNWxEakRRQm02NGVHM25CTW9JNm1wUV9GVkwzN04yUG5FZjRZN3NXQ0dMTEVjbzRTYWRIVFMtMGp2T0pZalNmOGJJaTNDaFJSbUFVR2lPeW1RX3pJSlFVNVZzUTNOSW1NeWRWczhVMkJsY1RRQ2xqYWNYSHRqY1hyTlJiUEthc29NbkoxWjg?oc=5\" target=\"_blank\" rel=\"nofollow noopener\">Konkurences padome inform\u0113 par &#8220;Maxima Latvija&#8221; piem\u0113roto sodu<\/a>&nbsp;&nbsp;TVNET<\/li>\n<li><a href=\"https:\/\/news.google.com\/rss\/articles\/CBMimwFBVV95cUxQUzg3ejVKWjkxSExWSUdqOU9KMjB5VjAyTlpHNHJyMDlyb0RVakVMMGdDSnhTbGtWQ3kwMjg1ak8zMzVQZzlKd1dXYUpydnhMY04yamVORTZuTFhEZ3ZWRFlWUGNmQzVFT0h1MVN3UnVoU2VISUVKTmZTc3JsTjI3Wjl2SHNZNkxVNnExUjlvZGpWWHNkVV95WHRrUQ?oc=5\" target=\"_blank\" rel=\"nofollow noopener\">VIDEO \u27e9 Konkurences padome inform\u0113 par &#8220;Maxima Latvija&#8221; piem\u0113roto sodu<\/a>&nbsp;&nbsp;TVNET<\/li>\n<li><a href=\"https:\/\/news.google.com\/rss\/articles\/CBMiogFBVV95cUxNYTFkbGNWbm1hQzFVQk5VNWlVZkxhRzk2aWRzd096c05ySHpTN0RXbFRjRWE2TzNvemNQcklMdDl3d3AxUkdFY1o2N01lWDRPV0h1dDhrcExSTzBDeHBYMFduaExTQVJxRUlJeDNKV0ZlRGpwS2Q3YlItWXk0eU5wWENMNVFjN2RIN0RFRHlIN0VCclFkWFRLa1YzcTZfZ09HbWc?oc=5\" target=\"_blank\" rel=\"nofollow noopener\">Lietuv\u0101 avar\u0113ju\u0161i b\u0113g\u013cu p\u0101rvad\u0101t\u0101ji no Latvijas. Viens v\u012brietis miris<\/a>&nbsp;&nbsp;tv3.lv<\/li>\n<li><a href=\"https:\/\/news.google.com\/rss\/articles\/CBMi_gFBVV95cUxORzY0N256d1BPZGtMTHcza1B4N3BBNDc0Z1VQMXZIVlpjTUdCRU1jeGxkRDF3ZEs1TktHVEUxUE9RcWwwenJvZWtkVGpHV25aWjQ4anF5QU1idGZpWllqeUc2bUsxa2l6cmRXUExHLUQxZFJvX2tONS1hNTQwV20zb1F3NTk2TmJXWkFyUVNySTh5ZnloWW1tMUp1MUpCNTZHR1lTd19fdlMtQmpMdjc3dmk0N1NRQmNzNHZjdWtmLVdqd2RzVXh4eXJ0WUhTdVdpTFhMNk9zbzZuekt4S25YTnNfWmxTdkJKWjJEUzVmNEVDaXdSaV83VEJ1aHltUQ?oc=5\" target=\"_blank\" rel=\"nofollow noopener\">Konkurences uzraugs: \u00abMaxima\u00bb izmantojusi savu tirgus varu \u2013 vienpus\u0113ji noteica un groz\u012bja pre\u010du iepirkuma cenas<\/a>&nbsp;&nbsp;LSM<\/li>\n<li><a href=\"https:\/\/news.google.com\/rss\/articles\/CBMiwgFBVV95cUxOenZkanlPaFRaVElxLXdCRm9CS1J0cFIwd0trOFVEMVJjSm1QajhtS28zNG13cVVjd2pXT0hCUHNlQ0c1RnFEa2JLQkxvNGtSMmNBX3lqRldmMnJEQ1F4RHd5dFMxUmdpbk0ya0J5b3d0Um9KNHJBQUtkX1pDWVd3UjZDaV9iRmJXTHlWQlV0RWEtLVZfTmRUd0ZRaVJ0b2JnZy04YmpuTmhsSDRFN2JiN1JlM1Q5aWROQ3ZFdTlmWURXQQ?oc=5\" target=\"_blank\" rel=\"nofollow noopener\">KP lielam p\u0101rtikas mazumtirgot\u0101jam uzliek 1,8 miljonu eiro sodu<\/a>&nbsp;&nbsp;Delfi<\/li>\n<\/ol>\n","protected":false},"excerpt":{"rendered":"Konkurences padome inform\u0113 par &#8220;Maxima Latvija&#8221; piem\u0113roto sodu&nbsp;&nbsp;TVNET VIDEO \u27e9 Konkurences padome inform\u0113 par &#8220;Maxima Latvija&#8221; piem\u0113roto sodu&nbsp;&nbsp;TVNET&hellip;\n","protected":false},"author":2,"featured_media":41657,"comment_status":"","ping_status":"","sticky":false,"template":"","format":"standard","meta":{"footnotes":""},"categories":[5],"tags":[23,28,29,32,33,22,667,30,31,35,39,38,36,37,34,40,11848,20,26,27,24,25,21],"class_list":{"0":"post-41684","1":"post","2":"type-post","3":"status-publish","4":"format-standard","5":"has-post-thumbnail","7":"category-aktualitates","8":"tag-aktualitates","9":"tag-breaking-news","10":"tag-breakingnews","11":"tag-featured-news","12":"tag-featurednews","13":"tag-headlines","14":"tag-konkurences-padome","15":"tag-latest-news","16":"tag-latestnews","17":"tag-latvia","18":"tag-latvian","19":"tag-latviesu","20":"tag-latviesu-valoda","21":"tag-latviesuvaloda","22":"tag-latvija","23":"tag-lv","24":"tag-maxima-latvija","25":"tag-news","26":"tag-popularakas-zinas","27":"tag-popularakaszinas","28":"tag-top-stories","29":"tag-topstories","30":"tag-zinas"},"share_on_mastodon":{"url":"https:\/\/pubeurope.com\/@lv\/115503091127778913","error":""},"_links":{"self":[{"href":"https:\/\/www.europesays.com\/lv\/wp-json\/wp\/v2\/posts\/41684","targetHints":{"allow":["GET"]}}],"collection":[{"href":"https:\/\/www.europesays.com\/lv\/wp-json\/wp\/v2\/posts"}],"about":[{"href":"https:\/\/www.europesays.com\/lv\/wp-json\/wp\/v2\/types\/post"}],"author":[{"embeddable":true,"href":"https:\/\/www.europesays.com\/lv\/wp-json\/wp\/v2\/users\/2"}],"replies":[{"embeddable":true,"href":"https:\/\/www.europesays.com\/lv\/wp-json\/wp\/v2\/comments?post=41684"}],"version-history":[{"count":0,"href":"https:\/\/www.europesays.com\/lv\/wp-json\/wp\/v2\/posts\/41684\/revisions"}],"wp:featuredmedia":[{"embeddable":true,"href":"https:\/\/www.europesays.com\/lv\/wp-json\/wp\/v2\/media\/41657"}],"wp:attachment":[{"href":"https:\/\/www.europesays.com\/lv\/wp-json\/wp\/v2\/media?parent=41684"}],"wp:term":[{"taxonomy":"category","embeddable":true,"href":"https:\/\/www.europesays.com\/lv\/wp-json\/wp\/v2\/categories?post=41684"},{"taxonomy":"post_tag","embeddable":true,"href":"https:\/\/www.europesays.com\/lv\/wp-json\/wp\/v2\/tags?post=41684"}],"curies":[{"name":"wp","href":"https:\/\/api.w.org\/{rel}","templated":true}]}}