{"id":41755,"date":"2025-11-06T15:25:11","date_gmt":"2025-11-06T15:25:11","guid":{"rendered":"https:\/\/www.europesays.com\/lv\/41755\/"},"modified":"2025-11-06T15:25:11","modified_gmt":"2025-11-06T15:25:11","slug":"15-xi-sporta-deju-sacensibas-salaspils-open-2025","status":"publish","type":"post","link":"https:\/\/www.europesays.com\/lv\/41755\/","title":{"rendered":"15.XI Sporta deju sacens\u012bbas &#8220;Salaspils Open 2025&#8221;"},"content":{"rendered":"<p>15.novembr\u012b no plkst.8.00 Salaspils sporta nam\u0101 notiks viens no pieciem \u0161\u0101gada noz\u012bm\u012bg\u0101kajiem Pasaules sporta deju feder\u0101cijas (WDSF) \u010dempion\u0101tiem un gada svar\u012bg\u0101kais sporta deju notikums Latvij\u0101 \u2013 \u201cSalaspils Open 2025\u201d. \u0160ogad WDSF sacens\u012bbu organizatoram biedr\u012bbai \u201c\u0160kut\u0101na deju skola\u201d uztic\u0113jusi r\u012bkot pasaules \u010dempion\u0101tu U21 kategorij\u0101 standartdej\u0101s. Paral\u0113li \u010dempion\u0101tam notiks ar\u012b sacens\u012bbas 12 b\u0113rnu un jaunie\u0161u vecuma grup\u0101s da\u017e\u0101d\u0101s deju kategorij\u0101s. Katru gadu Salaspil\u012b uz deju gr\u012bdas pulc\u0113 vair\u0101k nek\u0101 1000 dal\u012bbnieku no vismaz 30 valst\u012bm, k\u0101 ar\u012b 50 augst\u0101k\u0101 ranga starptautiskos tiesne\u0161us.<\/p>\n","protected":false},"excerpt":{"rendered":"15.novembr\u012b no plkst.8.00 Salaspils sporta nam\u0101 notiks viens no pieciem \u0161\u0101gada noz\u012bm\u012bg\u0101kajiem Pasaules sporta deju feder\u0101cijas (WDSF) \u010dempion\u0101tiem&hellip;\n","protected":false},"author":2,"featured_media":41756,"comment_status":"","ping_status":"","sticky":false,"template":"","format":"standard","meta":{"footnotes":""},"categories":[17],"tags":[47,381,64,35,39,38,36,37,34,40,385,172,382,384,67,383,21],"class_list":{"0":"post-41755","1":"post","2":"type-post","3":"status-publish","4":"format-standard","5":"has-post-thumbnail","7":"category-sports","8":"tag-ekonomika","9":"tag-jaunumi","10":"tag-kultura","11":"tag-latvia","12":"tag-latvian","13":"tag-latviesu","14":"tag-latviesu-valoda","15":"tag-latviesuvaloda","16":"tag-latvija","17":"tag-lv","18":"tag-pieriga","19":"tag-riga","20":"tag-sabiedriba","21":"tag-sludinajumi","22":"tag-sports","23":"tag-sports-afisa","24":"tag-zinas"},"share_on_mastodon":{"url":"https:\/\/pubeurope.com\/@lv\/115503452922835551","error":""},"_links":{"self":[{"href":"https:\/\/www.europesays.com\/lv\/wp-json\/wp\/v2\/posts\/41755","targetHints":{"allow":["GET"]}}],"collection":[{"href":"https:\/\/www.europesays.com\/lv\/wp-json\/wp\/v2\/posts"}],"about":[{"href":"https:\/\/www.europesays.com\/lv\/wp-json\/wp\/v2\/types\/post"}],"author":[{"embeddable":true,"href":"https:\/\/www.europesays.com\/lv\/wp-json\/wp\/v2\/users\/2"}],"replies":[{"embeddable":true,"href":"https:\/\/www.europesays.com\/lv\/wp-json\/wp\/v2\/comments?post=41755"}],"version-history":[{"count":0,"href":"https:\/\/www.europesays.com\/lv\/wp-json\/wp\/v2\/posts\/41755\/revisions"}],"wp:featuredmedia":[{"embeddable":true,"href":"https:\/\/www.europesays.com\/lv\/wp-json\/wp\/v2\/media\/41756"}],"wp:attachment":[{"href":"https:\/\/www.europesays.com\/lv\/wp-json\/wp\/v2\/media?parent=41755"}],"wp:term":[{"taxonomy":"category","embeddable":true,"href":"https:\/\/www.europesays.com\/lv\/wp-json\/wp\/v2\/categories?post=41755"},{"taxonomy":"post_tag","embeddable":true,"href":"https:\/\/www.europesays.com\/lv\/wp-json\/wp\/v2\/tags?post=41755"}],"curies":[{"name":"wp","href":"https:\/\/api.w.org\/{rel}","templated":true}]}}