{"id":41796,"date":"2025-11-06T16:01:08","date_gmt":"2025-11-06T16:01:08","guid":{"rendered":"https:\/\/www.europesays.com\/lv\/41796\/"},"modified":"2025-11-06T16:01:08","modified_gmt":"2025-11-06T16:01:08","slug":"dailslidotaja-fomcenkova-volvo-open-sacensibu-isaja-programma-ienem-septito-vietu","status":"publish","type":"post","link":"https:\/\/www.europesays.com\/lv\/41796\/","title":{"rendered":"Dai\u013cslidot\u0101ja Fom\u010denkova \u201cVolvo Open\u201d sacens\u012bbu \u012bsaj\u0101 programm\u0101 ie\u0146em sept\u012bto vietu"},"content":{"rendered":"<p>Angelina Ku\u010dva\u013cska ar 46,28 punktiem ie\u0146\u0113ma desmit vietu, Ksenija Heimane ar 40,85 punktiem \u2013 12. vietu, Zlata Rudakova ar 37,08 punktiem \u2013 15. vietu un Linda Dz\u0113rve ar 29,08 punktiem \u2013 16. vietu.<\/p>\n<p>Izv\u0113les slidojums tiks aizvad\u012bts piektdien.<\/p>\n<p>\u201cVolvo\u201d kauss tiek r\u012bkots 56. reizi.<\/p>\n<p class=\"tv3-fw-500\">Zi\u0146o par k\u013c\u016bdu rakst\u0101<\/p>\n<p class=\"d-md-block d-none\">Iez\u012bm\u0113 k\u013c\u016bdaino tekstu un spied Ctrl+Enter.<\/p>\n<p class=\"d-md-none d-block\">Iez\u012bm\u0113 k\u013c\u016bdaino tekstu un zi\u0146o par to!<\/p>\n","protected":false},"excerpt":{"rendered":"Angelina Ku\u010dva\u013cska ar 46,28 punktiem ie\u0146\u0113ma desmit vietu, Ksenija Heimane ar 40,85 punktiem \u2013 12. vietu, Zlata Rudakova&hellip;\n","protected":false},"author":2,"featured_media":41797,"comment_status":"","ping_status":"","sticky":false,"template":"","format":"standard","meta":{"footnotes":""},"categories":[17],"tags":[1295,35,39,38,36,37,34,40,67],"class_list":{"0":"post-41796","1":"post","2":"type-post","3":"status-publish","4":"format-standard","5":"has-post-thumbnail","7":"category-sports","8":"tag-dailslidosana","9":"tag-latvia","10":"tag-latvian","11":"tag-latviesu","12":"tag-latviesu-valoda","13":"tag-latviesuvaloda","14":"tag-latvija","15":"tag-lv","16":"tag-sports"},"share_on_mastodon":{"url":"https:\/\/pubeurope.com\/@lv\/115503594402474790","error":""},"_links":{"self":[{"href":"https:\/\/www.europesays.com\/lv\/wp-json\/wp\/v2\/posts\/41796","targetHints":{"allow":["GET"]}}],"collection":[{"href":"https:\/\/www.europesays.com\/lv\/wp-json\/wp\/v2\/posts"}],"about":[{"href":"https:\/\/www.europesays.com\/lv\/wp-json\/wp\/v2\/types\/post"}],"author":[{"embeddable":true,"href":"https:\/\/www.europesays.com\/lv\/wp-json\/wp\/v2\/users\/2"}],"replies":[{"embeddable":true,"href":"https:\/\/www.europesays.com\/lv\/wp-json\/wp\/v2\/comments?post=41796"}],"version-history":[{"count":0,"href":"https:\/\/www.europesays.com\/lv\/wp-json\/wp\/v2\/posts\/41796\/revisions"}],"wp:featuredmedia":[{"embeddable":true,"href":"https:\/\/www.europesays.com\/lv\/wp-json\/wp\/v2\/media\/41797"}],"wp:attachment":[{"href":"https:\/\/www.europesays.com\/lv\/wp-json\/wp\/v2\/media?parent=41796"}],"wp:term":[{"taxonomy":"category","embeddable":true,"href":"https:\/\/www.europesays.com\/lv\/wp-json\/wp\/v2\/categories?post=41796"},{"taxonomy":"post_tag","embeddable":true,"href":"https:\/\/www.europesays.com\/lv\/wp-json\/wp\/v2\/tags?post=41796"}],"curies":[{"name":"wp","href":"https:\/\/api.w.org\/{rel}","templated":true}]}}