{"id":41917,"date":"2025-11-06T19:23:10","date_gmt":"2025-11-06T19:23:10","guid":{"rendered":"https:\/\/www.europesays.com\/lv\/41917\/"},"modified":"2025-11-06T19:23:10","modified_gmt":"2025-11-06T19:23:10","slug":"sabiedribu-ir-saskelis-jautajums-par-latvijas-dalibu-stambulas-konvencija","status":"publish","type":"post","link":"https:\/\/www.europesays.com\/lv\/41917\/","title":{"rendered":"Sabiedr\u012bbu ir sa\u0161\u0137\u0113lis jaut\u0101jums par Latvijas dal\u012bbu Stambulas konvencij\u0101"},"content":{"rendered":"<p>Pas\u0101kuma pieteikum\u0101 uzsv\u0113rts, ka konvencija nav ideolo\u0123isks dokuments, bet instruments, kas pal\u012bdz aizsarg\u0101t cilv\u0113kus, nov\u0113rst noziegumus un stiprin\u0101t valsts sp\u0113ju rea\u0123\u0113t, ja tiek apdraud\u0113ta dro\u0161\u012bba.<\/p>\n<p>Sagaid\u0101ms, ka protesta akcijas pret Latvijas izst\u0101\u0161anos no Stambulas konvencijas \u0161ovakar notiks ar\u012b Liep\u0101j\u0101, Daugavpil\u012b, C\u0113s\u012bs, k\u0101 ar\u012b pie Latvijas v\u0113stniec\u012bbas Helsinkos, Tallin\u0101, H\u0101g\u0101, V\u012bn\u0113, Berl\u012bn\u0113 un Oslo.<\/p>\n<p>Valsts policij\u0101 a\u0123ent\u016bru LETA inform\u0113ja, ka policija sadarb\u012bb\u0101 ar citiem dienestiem gatavojas pieteiktajiem publiskajiem pas\u0101kumiem, lai nodro\u0161in\u0101tu sabiedrisko dro\u0161\u012bbu un k\u0101rt\u012bbu. Policijas sp\u0113ki b\u016bs redzami vis\u0101s norises viet\u0101s, bet \u012bpa\u0161i pastiprin\u0101ti tie\u0161i galvaspils\u0113t\u0101.<\/p>\n<p>Aizvad\u012btaj\u0101 tre\u0161dien\u0101 protests pret izst\u0101\u0161anos no Stambulas konvencijas pie Saeimas pulc\u0113ja ap 5000 cilv\u0113ku, k\u013c\u016bstot par vienu no daudzskaitl\u012bg\u0101kajiem p\u0113d\u0113jos gados. Savuk\u0101rt iniciat\u012bvu port\u0101l\u0101 &#8220;ManaBalss.lv&#8221; par aicin\u0101jumu Valsts prezidentam likumu atdot Saeimai otrreiz\u0113jai caurl\u016bko\u0161anai parakst\u012bju\u0161ies vair\u0101k nek\u0101 67 000 cilv\u0113ku.<\/p>\n<p>\u0160oruden opoz\u012bcijas partija &#8220;Latvija pirmaj\u0101 viet\u0101&#8221; (LPV) Saeim\u0101 iesniedza likumprojektu par Stambulas konvencijas denons\u0113\u0161anu, un to atbalst\u012bja ne tikai citas opoz\u012bcijas partijas &#8211; Nacion\u0101l\u0101 apvien\u012bba (NA), &#8220;Apvienotais saraksts&#8221; (AS) un &#8220;Stabilit\u0101tei&#8221; -, bet ar\u012b valdo\u0161aj\u0101 koal\u012bcij\u0101 ietilpsto\u0161\u0101 Za\u013co un zemnieku savien\u012bba (ZZS). Izst\u0101\u0161anos no konvencijas neatbalst\u012bja valdo\u0161aj\u0101 koal\u012bcij\u0101 eso\u0161\u0101 &#8220;Jaun\u0101 vienot\u012bba&#8221; (JV) un &#8220;Progres\u012bvie&#8221;. Ar balsu vair\u0101kumu likumu izdev\u0101s pie\u0146emt.<\/p>\n<p>Iev\u0113rojama sabiedr\u012bbas da\u013ca izr\u0101d\u012bja neapmierin\u0101t\u012bbu par pie\u0146emto l\u0113mumu, un Valsts prezidents likumu atdeva parlamentam otrreiz\u0113jai caurl\u016bko\u0161anai.<\/p>\n<p>Saeima \u0161oned\u0113\u013c prezidenta izbr\u0101\u0137\u0113to likumu nodeva skat\u012b\u0161anai \u0100rlietu komisij\u0101, nosakot par priek\u0161likumu iesnieg\u0161anas termi\u0146u vienu gadu. Tas faktiski noz\u012bm\u0113, ka likums par izst\u0101\u0161anos no konvencijas b\u016bs j\u0101p\u0101rskata n\u0101kamajam Saeimas sasaukumam.<\/p>\n","protected":false},"excerpt":{"rendered":"Pas\u0101kuma pieteikum\u0101 uzsv\u0113rts, ka konvencija nav ideolo\u0123isks dokuments, bet instruments, kas pal\u012bdz aizsarg\u0101t cilv\u0113kus, nov\u0113rst noziegumus un stiprin\u0101t&hellip;\n","protected":false},"author":2,"featured_media":41918,"comment_status":"","ping_status":"","sticky":false,"template":"","format":"standard","meta":{"footnotes":""},"categories":[5],"tags":[23,28,29,32,33,22,30,31,35,39,38,36,37,34,40,20,26,27,2023,24,25,9688,21],"class_list":{"0":"post-41917","1":"post","2":"type-post","3":"status-publish","4":"format-standard","5":"has-post-thumbnail","7":"category-aktualitates","8":"tag-aktualitates","9":"tag-breaking-news","10":"tag-breakingnews","11":"tag-featured-news","12":"tag-featurednews","13":"tag-headlines","14":"tag-latest-news","15":"tag-latestnews","16":"tag-latvia","17":"tag-latvian","18":"tag-latviesu","19":"tag-latviesu-valoda","20":"tag-latviesuvaloda","21":"tag-latvija","22":"tag-lv","23":"tag-news","24":"tag-popularakas-zinas","25":"tag-popularakaszinas","26":"tag-stambulas-konvencija","27":"tag-top-stories","28":"tag-topstories","29":"tag-zbignevs-stankevics","30":"tag-zinas"},"share_on_mastodon":{"url":"https:\/\/pubeurope.com\/@lv\/115504388831518489","error":""},"_links":{"self":[{"href":"https:\/\/www.europesays.com\/lv\/wp-json\/wp\/v2\/posts\/41917","targetHints":{"allow":["GET"]}}],"collection":[{"href":"https:\/\/www.europesays.com\/lv\/wp-json\/wp\/v2\/posts"}],"about":[{"href":"https:\/\/www.europesays.com\/lv\/wp-json\/wp\/v2\/types\/post"}],"author":[{"embeddable":true,"href":"https:\/\/www.europesays.com\/lv\/wp-json\/wp\/v2\/users\/2"}],"replies":[{"embeddable":true,"href":"https:\/\/www.europesays.com\/lv\/wp-json\/wp\/v2\/comments?post=41917"}],"version-history":[{"count":0,"href":"https:\/\/www.europesays.com\/lv\/wp-json\/wp\/v2\/posts\/41917\/revisions"}],"wp:featuredmedia":[{"embeddable":true,"href":"https:\/\/www.europesays.com\/lv\/wp-json\/wp\/v2\/media\/41918"}],"wp:attachment":[{"href":"https:\/\/www.europesays.com\/lv\/wp-json\/wp\/v2\/media?parent=41917"}],"wp:term":[{"taxonomy":"category","embeddable":true,"href":"https:\/\/www.europesays.com\/lv\/wp-json\/wp\/v2\/categories?post=41917"},{"taxonomy":"post_tag","embeddable":true,"href":"https:\/\/www.europesays.com\/lv\/wp-json\/wp\/v2\/tags?post=41917"}],"curies":[{"name":"wp","href":"https:\/\/api.w.org\/{rel}","templated":true}]}}