{"id":41942,"date":"2025-11-06T19:51:10","date_gmt":"2025-11-06T19:51:10","guid":{"rendered":"https:\/\/www.europesays.com\/lv\/41942\/"},"modified":"2025-11-06T19:51:10","modified_gmt":"2025-11-06T19:51:10","slug":"tramps-pirmo-reizi-atklaj-telefonsarunas-detalas-putins-izmisigi-ludzis-palidzibu","status":"publish","type":"post","link":"https:\/\/www.europesays.com\/lv\/41942\/","title":{"rendered":"Tramps pirmo reizi atkl\u0101j telefonsarunas deta\u013cas \u2013 Putins &#8220;izmis\u012bgi&#8221; l\u016bdzis pal\u012bdz\u012bbu"},"content":{"rendered":"<p>ASV prezidents Donalds Tramps pazi\u0146ojis, ka Krievijas&#13;<br \/>\nl\u012bderis Vladimirs Putins nesen sazin\u0101jies ar vi\u0146u un l\u016bdzis pal\u012bdz\u012bbu Krievijas&#13;<br \/>\nun Ukrainas kara atrisin\u0101\u0161an\u0101. P\u0113c Trampa teikt\u0101, telefonsaruna notikusi pirms&#13;<br \/>\ndiv\u0101m ned\u0113\u013c\u0101m, un t\u0101s laik\u0101 Putins atk\u0101rtojis paz\u012bstamu Krievijas propagandas&#13;<br \/>\napgalvojumu, ka Maskava jau desmit gadus m\u0113\u0123inot izbeigt karu Ukrain\u0101, v\u0113sta&#13;<br \/>\nukrai\u0146u medijs \u201c<a target=\"_blank\" href=\"https:\/\/www.unian.net\/world\/voyna-v-ukraine-tramp-rasskazal-o-prosbe-diktatora-putina-13187223.html\" rel=\"nofollow noopener\">UNIAN<\/a>\u201d.<\/p>\n<p>Uzrun\u0101jot uz\u0146\u0113m\u0113jus biznesa forum\u0101 Maiami, Tramps sac\u012bja, ka&#13;<br \/>\nPutins vi\u0146am teicis:<\/p>\n<blockquote><p>M\u0113s jau desmit gadus cen\u0161amies izbeigt \u0161o karu, bet mums&#13;<br \/>\ntas nav izdevies. Tagad tas j\u0101dara tev.<\/p><\/blockquote>\n<p>Tramps piebilda, ka vi\u0146am iepriek\u0161&#13;<br \/>\nesot izdevies atrisin\u0101t l\u012bdz\u012bgus jaut\u0101jumus da\u017eu stundu laik\u0101, bez jebk\u0101das ANO&#13;<br \/>\niesaistes.<\/p>\n<p>Tramps nor\u0101d\u012bja, ka Putina teiktais apliecina Krievijas&#13;<br \/>\ngatav\u012bbu sarun\u0101m, ta\u010du nepiecie\u0161ams sp\u0113c\u012bgs starpnieks, kur\u0161 sp\u0113j pan\u0101kt&#13;<br \/>\nrezult\u0101tu.<\/p>\n<p>\u0160\u0101ds viedoklis gan k\u0101rt\u0113jo reizi atsp\u0113ko iepriek\u0161 pausto ASV&#13;<br \/>\nnost\u0101ju. Pag\u0101ju\u0161aj\u0101 ned\u0113\u013c\u0101 britu laikraksts &#8220;Financial Times&#8221;&#13;<br \/>\n<a target=\"_blank\" href=\"https:\/\/www.1188.lv\/zinas\/pietuvinati-avoti-atklaj-patieso-iemeslu-kadel-atcelta-trampa-un-putina-tiksanas-ungarija\/56938\" rel=\"nofollow noopener\">rakst\u012bja<\/a>, ka Budape\u0161t\u0101 pl\u0101not\u0101 Trampa un Putina tik\u0161an\u0101s tika atcelta, jo&#13;<br \/>\nKrievija stingri uzst\u0101jusi uz saviem nosac\u012bjumiem kara izbeig\u0161anai.<\/p>\n<p>L\u0113mums par samita atcel\u0161anu pie\u0146emts p\u0113c ASV un Krievijas&#13;<br \/>\nvado\u0161o diplom\u0101tu saspringt\u0101s telefonsarunas. Atcel\u0161anas iemesls bija tas, ka&#13;<br \/>\nMaskava nos\u016bt\u012bjusi Va\u0161ingtonai memorandu ar stingriem nosac\u012bjumiem, ko&#13;<br \/>\nVa\u0161ingtona nebija gatava pie\u0146emt.<\/p>\n<p>Gatavo\u0161an\u0101s samitam tika aptur\u0113ta p\u0113c neveiksm\u012bg\u0101s ASV&#13;<br \/>\nvalsts sekret\u0101ra Marko Rubio un Krievijas \u0101rlietu ministra Sergeja Lavrova&#13;<br \/>\nsarunas. Tramps skaidroja, ka nev\u0113las izniekotu tik\u0161anos, bet v\u0113l\u0101k noteica&#13;<br \/>\njaunas sankcijas Krievijas naftas sektoram.<\/p>\n<p>Lasi ar\u012b:<\/p>\n<p>&#13;<br \/>\n&#13;<br \/>\n<a target=\"_blank\" href=\"https:\/\/www.1188.lv\/zinas\/donalds-tramps-putinam-vajadzetu-nodarboties-ar-kara-izbeigsanu-nevis-izmeginat-kaut-kadas-raketes\/56719\" rel=\"nofollow noopener\">Donalds Tramps: Putinam vajadz\u0113tu nodarboties ar kara izbeig\u0161anu, nevis izm\u0113\u0123in\u0101t kaut k\u0101das ra\u0137etes<\/a>&#13;<br \/>\n&#13;<br \/>\n<\/p>\n<p>&#13;<br \/>\n&#13;<br \/>\n<a target=\"_blank\" href=\"https:\/\/www.1188.lv\/zinas\/krievi-gribeja-parak-daudz-tramps-ar-putinu-tuvakaja-laika-tomer-netiksies\/56414\" rel=\"nofollow noopener\">&#8220;Krievi grib\u0113ja p\u0101r\u0101k daudz.&#8221; Tramps ar Putinu tuv\u0101kaj\u0101 laik\u0101 tom\u0113r netiksies<\/a>&#13;<br \/>\n&#13;<br \/>\n<\/p>\n<p>&#13;<br \/>\n&#13;<br \/>\n<a target=\"_blank\" href=\"https:\/\/www.1188.lv\/zinas\/politologs-tramps-pec-vienas-sarunas-ar-putinu-sak-atrazot-kremla-klisejas\/56358\" rel=\"nofollow noopener\">Politologs: Tramps p\u0113c vienas sarunas ar Putinu s\u0101k atra\u017eot Krem\u013ca kli\u0161ejas<\/a>&#13;<br \/>\n&#13;<br \/>\n<\/p>\n<p><img decoding=\"async\" src=\"https:\/\/www.europesays.com\/lv\/wp-content\/uploads\/2025\/11\/fa97f96c0620f99b117fd52bfb6f68d1.jpg\" title=\"Vladimirs Putins un Donalds Tramps. Foto: Olesya KURPYAYEVA \/ AFP\" alt=\"Vladimirs Putins un Donalds Tramps. Foto: Olesya KURPYAYEVA \/ AFP\"\/><\/p>\n<p class=\"article-img-desc\">Vladimirs Putins un Donalds Tramps. Foto: Olesya KURPYAYEVA \/ AFP<\/p>\n","protected":false},"excerpt":{"rendered":"ASV prezidents Donalds Tramps pazi\u0146ojis, ka Krievijas&#13; l\u012bderis Vladimirs Putins nesen sazin\u0101jies ar vi\u0146u un l\u016bdzis pal\u012bdz\u012bbu Krievijas&#13;&hellip;\n","protected":false},"author":2,"featured_media":41943,"comment_status":"","ping_status":"","sticky":false,"template":"","format":"standard","meta":{"footnotes":""},"categories":[14],"tags":[129,960,470,2334,6141,957,23,57,28,29,32,33,22,30,31,35,39,38,36,37,34,40,20,26,27,958,961,471,2335,6142,959,962,472,2336,6143,24,25,54,55,56,21,58],"class_list":{"0":"post-41942","1":"post","2":"type-post","3":"status-publish","4":"format-standard","5":"has-post-thumbnail","7":"category-zinas-no-arvalstim","8":"tag-__typenameadvicekeyword","9":"tag-id1007","10":"tag-id532","11":"tag-id554","12":"tag-id556","13":"tag-id597","14":"tag-aktualitates","15":"tag-arvalstim","16":"tag-breaking-news","17":"tag-breakingnews","18":"tag-featured-news","19":"tag-featurednews","20":"tag-headlines","21":"tag-latest-news","22":"tag-latestnews","23":"tag-latvia","24":"tag-latvian","25":"tag-latviesu","26":"tag-latviesu-valoda","27":"tag-latviesuvaloda","28":"tag-latvija","29":"tag-lv","30":"tag-news","31":"tag-popularakas-zinas","32":"tag-popularakaszinas","33":"tag-slugasv","34":"tag-slugdonalds-tramps","35":"tag-slugkars-ukraina","36":"tag-slugkrievija","37":"tag-slugvladimirs-putins","38":"tag-titleasv","39":"tag-titledonalds-tramps","40":"tag-titlekars-ukraina","41":"tag-titlekrievija","42":"tag-titlevladimirs-putins","43":"tag-top-stories","44":"tag-topstories","45":"tag-world","46":"tag-world-news","47":"tag-worldnews","48":"tag-zinas","49":"tag-zinas-no-arvalstim"},"share_on_mastodon":{"url":"","error":"Validation failed: Text character limit of 500 exceeded"},"_links":{"self":[{"href":"https:\/\/www.europesays.com\/lv\/wp-json\/wp\/v2\/posts\/41942","targetHints":{"allow":["GET"]}}],"collection":[{"href":"https:\/\/www.europesays.com\/lv\/wp-json\/wp\/v2\/posts"}],"about":[{"href":"https:\/\/www.europesays.com\/lv\/wp-json\/wp\/v2\/types\/post"}],"author":[{"embeddable":true,"href":"https:\/\/www.europesays.com\/lv\/wp-json\/wp\/v2\/users\/2"}],"replies":[{"embeddable":true,"href":"https:\/\/www.europesays.com\/lv\/wp-json\/wp\/v2\/comments?post=41942"}],"version-history":[{"count":0,"href":"https:\/\/www.europesays.com\/lv\/wp-json\/wp\/v2\/posts\/41942\/revisions"}],"wp:featuredmedia":[{"embeddable":true,"href":"https:\/\/www.europesays.com\/lv\/wp-json\/wp\/v2\/media\/41943"}],"wp:attachment":[{"href":"https:\/\/www.europesays.com\/lv\/wp-json\/wp\/v2\/media?parent=41942"}],"wp:term":[{"taxonomy":"category","embeddable":true,"href":"https:\/\/www.europesays.com\/lv\/wp-json\/wp\/v2\/categories?post=41942"},{"taxonomy":"post_tag","embeddable":true,"href":"https:\/\/www.europesays.com\/lv\/wp-json\/wp\/v2\/tags?post=41942"}],"curies":[{"name":"wp","href":"https:\/\/api.w.org\/{rel}","templated":true}]}}