{"id":41957,"date":"2025-11-06T20:15:09","date_gmt":"2025-11-06T20:15:09","guid":{"rendered":"https:\/\/www.europesays.com\/lv\/41957\/"},"modified":"2025-11-06T20:15:09","modified_gmt":"2025-11-06T20:15:09","slug":"deputate-irma-kalnina-latvijas-varda-sveic-nujorkas-jauno-meru-un-sanem-asu-kritiku-soctiklos","status":"publish","type":"post","link":"https:\/\/www.europesays.com\/lv\/41957\/","title":{"rendered":"Deput\u0101te Irma Kalni\u0146a Latvijas v\u0101rd\u0101 sveic \u0145ujorkas jauno m\u0113ru un sa\u0146em asu kritiku soct\u012bklos"},"content":{"rendered":"<p data-end=\"1372\" data-start=\"835\">Citi lietot\u0101ji izsak\u0101s da\u017e\u0101d\u0101s nokr\u0101s\u0101s. Elita Veidemane uzsver: &#8220;Tas tie\u0161\u0101m ir apsveikuma v\u0113rts, ka musulmanis p\u0101rst\u0101v \u0145ujorku? Jums ar galvu viss k\u0101rt\u012bb\u0101?&#8221; Lietot\u0101js Arturs Stalbergs zi\u0146o, ka pats m\u0113rs Mamdani esot nov\u0113l\u0113jis pateic\u012bbu: &#8220;Zohrans lika nodot: &#8220;Thank you Irma&#8221;.&#8221; Da\u013ca koment\u0113t\u0101ju ironiski vai kritiski v\u0113rt\u0113 Kalni\u0146as r\u012bc\u012bbu, piem\u0113ram, lietot\u0101js Niknais108 jaut\u0101: &#8220;J\u016bs, Kalni\u0146as kundzes, esat pr\u0101tu izk\u016bkojusi? \u0160is te kadrs ir isl\u0101mists un komunists. J\u016bs un JV ofici\u0101li iest\u0101jaties par isl\u0101mu un komunismu?&#8221;<\/p>\n","protected":false},"excerpt":{"rendered":"Citi lietot\u0101ji izsak\u0101s da\u017e\u0101d\u0101s nokr\u0101s\u0101s. Elita Veidemane uzsver: &#8220;Tas tie\u0161\u0101m ir apsveikuma v\u0113rts, ka musulmanis p\u0101rst\u0101v \u0145ujorku? Jums&hellip;\n","protected":false},"author":2,"featured_media":41958,"comment_status":"","ping_status":"","sticky":false,"template":"","format":"standard","meta":{"footnotes":""},"categories":[14],"tags":[23,57,28,29,32,33,22,30,31,35,39,38,36,37,34,40,20,26,27,24,25,54,55,56,21,58],"class_list":{"0":"post-41957","1":"post","2":"type-post","3":"status-publish","4":"format-standard","5":"has-post-thumbnail","7":"category-zinas-no-arvalstim","8":"tag-aktualitates","9":"tag-arvalstim","10":"tag-breaking-news","11":"tag-breakingnews","12":"tag-featured-news","13":"tag-featurednews","14":"tag-headlines","15":"tag-latest-news","16":"tag-latestnews","17":"tag-latvia","18":"tag-latvian","19":"tag-latviesu","20":"tag-latviesu-valoda","21":"tag-latviesuvaloda","22":"tag-latvija","23":"tag-lv","24":"tag-news","25":"tag-popularakas-zinas","26":"tag-popularakaszinas","27":"tag-top-stories","28":"tag-topstories","29":"tag-world","30":"tag-world-news","31":"tag-worldnews","32":"tag-zinas","33":"tag-zinas-no-arvalstim"},"share_on_mastodon":{"url":"https:\/\/pubeurope.com\/@lv\/115504593196907931","error":""},"_links":{"self":[{"href":"https:\/\/www.europesays.com\/lv\/wp-json\/wp\/v2\/posts\/41957","targetHints":{"allow":["GET"]}}],"collection":[{"href":"https:\/\/www.europesays.com\/lv\/wp-json\/wp\/v2\/posts"}],"about":[{"href":"https:\/\/www.europesays.com\/lv\/wp-json\/wp\/v2\/types\/post"}],"author":[{"embeddable":true,"href":"https:\/\/www.europesays.com\/lv\/wp-json\/wp\/v2\/users\/2"}],"replies":[{"embeddable":true,"href":"https:\/\/www.europesays.com\/lv\/wp-json\/wp\/v2\/comments?post=41957"}],"version-history":[{"count":0,"href":"https:\/\/www.europesays.com\/lv\/wp-json\/wp\/v2\/posts\/41957\/revisions"}],"wp:featuredmedia":[{"embeddable":true,"href":"https:\/\/www.europesays.com\/lv\/wp-json\/wp\/v2\/media\/41958"}],"wp:attachment":[{"href":"https:\/\/www.europesays.com\/lv\/wp-json\/wp\/v2\/media?parent=41957"}],"wp:term":[{"taxonomy":"category","embeddable":true,"href":"https:\/\/www.europesays.com\/lv\/wp-json\/wp\/v2\/categories?post=41957"},{"taxonomy":"post_tag","embeddable":true,"href":"https:\/\/www.europesays.com\/lv\/wp-json\/wp\/v2\/tags?post=41957"}],"curies":[{"name":"wp","href":"https:\/\/api.w.org\/{rel}","templated":true}]}}